{"id":9447,"date":"2019-10-05T21:34:23","date_gmt":"2019-10-05T19:34:23","guid":{"rendered":"https:\/\/evertonfc.cz\/?p=9447"},"modified":"2019-10-05T21:36:37","modified_gmt":"2019-10-05T19:36:37","slug":"burnley-everton-10","status":"publish","type":"post","link":"https:\/\/evertonfc.cz\/index.php\/2019\/10\/05\/burnley-everton-10\/","title":{"rendered":"Burnley \u2013 Everton 1:0"},"content":{"rendered":"<h4>Tento z\u00e1pas mal by\u0165 odrazom do prijate\u013enej\u0161\u00edch v\u00f4d Premier League. Miesto toho n\u00e1s stiahol na dno a\u00a0vyjavil pravdu. Marco Silva nechce tr\u00e9nova\u0165 Everton Football Club.<\/h4>\n<p>Bohu\u017eia\u013e, v\u0161etko tomu nasved\u010duje. Pre Silvu mo\u017eno je o\u00a0dva t\u00fd\u017edne West Ham v\u00a0Goodison Parku \u201emust win\u201c, no pre n\u00e1s, fan\u00fa\u0161ikov, u\u017e dnes bolo neskoro. Na ihrisku Burnley sme mali uk\u00e1za\u0165, \u017ee sa vieme spam\u00e4ta\u0165 a\u00a0prenies\u0165 teoretick\u00e9 pozit\u00edva prehry so Cityzens na re\u00e1lne ihrisko. Nestalo sa a nie prv\u00fdkr\u00e1t.<\/p>\n<p>Zabudnite na durexy. Toto stretnutie bolo pravou antikoncepciou, \u0161koda \u017ee na futbal. Pre The Clarets \u0161tandard, pre Toffees ml\u010danie jahniat. Obe mu\u017estv\u00e1 sa predbiehali v\u00a0nevytv\u00e1ran\u00ed si \u0161anc\u00ed a\u00a0v\u00a0nuden\u00ed div\u00e1ka. Masochistick\u00e1 z\u00e1le\u017eitos\u0165 sk\u013aben\u00e1 s\u00a0\u00fachylnos\u0165ou, odpor\u00fa\u010dan\u00e1 len pre siln\u00e9 a tr\u00e9novan\u00e9 povahy Evertonians.<\/p>\n<p>A ke\u010f\u017ee sta\u010dilo raz, nebudem tie hr\u00f4zy e\u0161te aj zvl\u00e1\u0161\u0165 opisova\u0165 v \u010dl\u00e1nku. Sta\u010d\u00ed poznamena\u0165, \u017ee mana\u017e\u00e9r sa absol\u00fatne vyh\u00fdba ak\u00fdmko\u013evek zmen\u00e1m, ktor\u00e9 by eventu\u00e1lne mohli vies\u0165 k pozdvihnutiu v\u00fdkonnostn\u00fdch kriviek smerom nahor. \u010ci\u017ee rovnak\u00e1 zostava, kreat\u00edvna frigidnos\u0165, obrna miesto obrany a in\u00e9 preludy.<\/p>\n<p>V\u00fdsledok? Chrom\u00fd pol\u010das, po \u0148om \u010derven\u00e1 karta kapit\u00e1na a\u00a0nevyhnute\u013en\u00e9, pomaly zhmot\u0148uj\u00face sa v\u00a0no\u010dn\u00fa moru. V\u00a072. min\u00fate \u010del\u00edme rohu, pri\u010dom m\u00e1me troch hr\u00e1\u010dov na prednej, troch na zadnej \u017erdi. Delph vzorne br\u00e1ni vo\u013ene pr\u00fadiaci vietor, ktor\u00e9ho z\u00e1kryt vyu\u017eije Hendrick a z\u00a0prvej volejom posiela host\u00ed do vedenia.<\/p>\n<p><strong>Obrana Evertonu po z\u00e1pase:<\/strong><\/p>\n<blockquote><p><em>\u201eChsg\u00f3l? Niemy smes, my v\u00f4bec, my naozaj \u00a0ako\u017ee absol\u00fatne v\u00f4bec, hej? A preto v\u00e1m hovor\u00edme, \u017ee, \u017ee viete, my by sme mali probl\u00e9m aj vizu\u00e1lne Hendricka, aj ke\u010f vid\u00edme v\u00a0m\u00e9di\u00e1ch.\u201c<\/em><\/p><\/blockquote>\n<p><a href=\"https:\/\/www.evertonfc.com\/news\/1370881\/watch-burnley-v-everton-two-minute-highlights\" target=\"_blank\" rel=\"noopener noreferrer\">Zostrih toho najhor\u0161ieho zo z\u00e1pasu n\u00e1jdete na ofici\u00e1lnej str\u00e1nke.<\/a><\/p>\n<hr \/>\n<p><strong>Mu\u017e z\u00e1pasu: <\/strong>Ashley Westwood (Sky) James Tarkowski (BBC)<\/p>\n<p><strong>G\u00f3l: <\/strong>72\u00b4 Hendrick<\/p>\n<p><strong>\u017dlt\u00e9 karty:\u00a0<\/strong>43\u00b4 Coleman, 56\u00b4 Coleman, 64\u00b4 Hendrick, 86\u00b4 Sidibe, 90+4\u00b4 Westwood<\/p>\n<p><strong>\u010cerven\u00e1 karta: <\/strong>56\u00b4 Coleman<\/p>\n<p><strong>Burnley FC:\u00a0<\/strong>Pope \u2013 Lowton, Tarkowski, Mee, Pieters (55\u00b4Taylor) \u2013 Gudmundsson (84\u00b4Lennon), Hendrick, Westwood, McNeill \u2013 Wood, Barnes (73\u00b4Rodriguez)<\/p>\n<p><strong>Everton FC:\u00a0<\/strong>Pickford \u2013 Coleman, Keane, Mina, Digne \u2013 Schneiderlin (84\u00b4Gomes), Delph \u2013 Richarlison, Sigurdsson (59\u00b4Sidibe), Iwobi \u2013 Calvert-Lewin (74\u00b4Kean)<\/p>\n<p><strong>Rozhodca:\u00a0<\/strong>Graham Scott<\/p>\n<p><strong>Po\u010det div\u00e1kov:\u00a0<\/strong>20 650, Turf Moor (Burnley)<\/p>\n","protected":false},"excerpt":{"rendered":"<p>Tento z\u00e1pas mal by\u0165 odrazom do prijate\u013enej\u0161\u00edch v\u00f4d Premier League. Miesto toho n\u00e1s stiahol na dno a vyjavil pravdu. Marco Silva nechce tr\u00e9nova\u0165 Everton Football Club.<\/p>\n","protected":false},"author":1,"featured_media":9448,"comment_status":"open","ping_status":"closed","sticky":false,"template":"","format":"standard","meta":{"_eb_attr":"","_monsterinsights_skip_tracking":false,"_monsterinsights_sitenote_active":false,"_monsterinsights_sitenote_note":"","_monsterinsights_sitenote_category":0,"footnotes":""},"categories":[4],"tags":[],"yoast_head":"<!-- This site is optimized with the Yoast SEO plugin v23.4 - https:\/\/yoast.com\/wordpress\/plugins\/seo\/ -->\n<title>Burnley \u2013 Everton 1:0 - Official Czech &amp; Slovak Everton Supporters&#039; Club<\/title>\n<meta name=\"robots\" content=\"index, follow, max-snippet:-1, max-image-preview:large, max-video-preview:-1\" \/>\n<link rel=\"canonical\" href=\"https:\/\/evertonfc.cz\/index.php\/2019\/10\/05\/burnley-everton-10\/\" \/>\n<meta property=\"og:locale\" content=\"cs_CZ\" \/>\n<meta property=\"og:type\" content=\"article\" \/>\n<meta property=\"og:title\" content=\"Burnley \u2013 Everton 1:0 - Official Czech &amp; Slovak Everton Supporters&#039; Club\" \/>\n<meta property=\"og:description\" content=\"Tento z\u00e1pas mal by\u0165 odrazom do prijate\u013enej\u0161\u00edch v\u00f4d Premier League. Miesto toho n\u00e1s stiahol na dno a vyjavil pravdu. Marco Silva nechce tr\u00e9nova\u0165 Everton Football Club.\" \/>\n<meta property=\"og:url\" content=\"https:\/\/evertonfc.cz\/index.php\/2019\/10\/05\/burnley-everton-10\/\" \/>\n<meta property=\"og:site_name\" content=\"Official Czech &amp; Slovak Everton Supporters&#039; Club\" \/>\n<meta property=\"article:publisher\" content=\"https:\/\/www.facebook.com\/everton.fans.cz.sk\" \/>\n<meta property=\"article:published_time\" content=\"2019-10-05T19:34:23+00:00\" \/>\n<meta property=\"article:modified_time\" content=\"2019-10-05T19:36:37+00:00\" \/>\n<meta property=\"og:image\" content=\"https:\/\/evertonfc.cz\/wp-content\/uploads\/2019\/10\/Burnley-fc-5-10-2019.jpg\" \/>\n\t<meta property=\"og:image:width\" content=\"720\" \/>\n\t<meta property=\"og:image:height\" content=\"405\" \/>\n\t<meta property=\"og:image:type\" content=\"image\/jpeg\" \/>\n<meta name=\"author\" content=\"BlueBlooded\" \/>\n<meta name=\"twitter:card\" content=\"summary_large_image\" \/>\n<meta name=\"twitter:label1\" content=\"Napsal(a)\" \/>\n\t<meta name=\"twitter:data1\" content=\"BlueBlooded\" \/>\n\t<meta name=\"twitter:label2\" content=\"Odhadovan\u00e1 doba \u010dten\u00ed\" \/>\n\t<meta name=\"twitter:data2\" content=\"2 minuty\" \/>\n<script type=\"application\/ld+json\" class=\"yoast-schema-graph\">{\"@context\":\"https:\/\/schema.org\",\"@graph\":[{\"@type\":\"Article\",\"@id\":\"https:\/\/evertonfc.cz\/index.php\/2019\/10\/05\/burnley-everton-10\/#article\",\"isPartOf\":{\"@id\":\"https:\/\/evertonfc.cz\/index.php\/2019\/10\/05\/burnley-everton-10\/\"},\"author\":{\"name\":\"BlueBlooded\",\"@id\":\"https:\/\/evertonfc.cz\/#\/schema\/person\/d4493b8cbea51532597fbc4685698916\"},\"headline\":\"Burnley \u2013 Everton 1:0\",\"datePublished\":\"2019-10-05T19:34:23+00:00\",\"dateModified\":\"2019-10-05T19:36:37+00:00\",\"mainEntityOfPage\":{\"@id\":\"https:\/\/evertonfc.cz\/index.php\/2019\/10\/05\/burnley-everton-10\/\"},\"wordCount\":405,\"commentCount\":15,\"publisher\":{\"@id\":\"https:\/\/evertonfc.cz\/#organization\"},\"image\":{\"@id\":\"https:\/\/evertonfc.cz\/index.php\/2019\/10\/05\/burnley-everton-10\/#primaryimage\"},\"thumbnailUrl\":\"https:\/\/evertonfc.cz\/wp-content\/uploads\/2019\/10\/Burnley-fc-5-10-2019.jpg\",\"articleSection\":[\"Z\u00e1pasy\"],\"inLanguage\":\"cs\",\"potentialAction\":[{\"@type\":\"CommentAction\",\"name\":\"Comment\",\"target\":[\"https:\/\/evertonfc.cz\/index.php\/2019\/10\/05\/burnley-everton-10\/#respond\"]}]},{\"@type\":\"WebPage\",\"@id\":\"https:\/\/evertonfc.cz\/index.php\/2019\/10\/05\/burnley-everton-10\/\",\"url\":\"https:\/\/evertonfc.cz\/index.php\/2019\/10\/05\/burnley-everton-10\/\",\"name\":\"Burnley \u2013 Everton 1:0 - Official Czech &amp; Slovak Everton Supporters&#039; Club\",\"isPartOf\":{\"@id\":\"https:\/\/evertonfc.cz\/#website\"},\"primaryImageOfPage\":{\"@id\":\"https:\/\/evertonfc.cz\/index.php\/2019\/10\/05\/burnley-everton-10\/#primaryimage\"},\"image\":{\"@id\":\"https:\/\/evertonfc.cz\/index.php\/2019\/10\/05\/burnley-everton-10\/#primaryimage\"},\"thumbnailUrl\":\"https:\/\/evertonfc.cz\/wp-content\/uploads\/2019\/10\/Burnley-fc-5-10-2019.jpg\",\"datePublished\":\"2019-10-05T19:34:23+00:00\",\"dateModified\":\"2019-10-05T19:36:37+00:00\",\"breadcrumb\":{\"@id\":\"https:\/\/evertonfc.cz\/index.php\/2019\/10\/05\/burnley-everton-10\/#breadcrumb\"},\"inLanguage\":\"cs\",\"potentialAction\":[{\"@type\":\"ReadAction\",\"target\":[\"https:\/\/evertonfc.cz\/index.php\/2019\/10\/05\/burnley-everton-10\/\"]}]},{\"@type\":\"ImageObject\",\"inLanguage\":\"cs\",\"@id\":\"https:\/\/evertonfc.cz\/index.php\/2019\/10\/05\/burnley-everton-10\/#primaryimage\",\"url\":\"https:\/\/evertonfc.cz\/wp-content\/uploads\/2019\/10\/Burnley-fc-5-10-2019.jpg\",\"contentUrl\":\"https:\/\/evertonfc.cz\/wp-content\/uploads\/2019\/10\/Burnley-fc-5-10-2019.jpg\",\"width\":720,\"height\":405,\"caption\":\"Soccer Football - Premier League - Burnley v Everton - Turf Moor, Burnley, Britain - October 5, 2019 Burnley's Jeff Hendrick celebrates scoring their first goal with team mates REUTERS\/Andrew Yates EDITORIAL USE ONLY. No use with unauthorized audio, video, data, fixture lists, club\/league logos or \\\"live\\\" services. Online in-match use limited to 75 images, no video emulation. No use in betting, games or single club\/league\/player publications. Please contact your account representative for further details.\"},{\"@type\":\"BreadcrumbList\",\"@id\":\"https:\/\/evertonfc.cz\/index.php\/2019\/10\/05\/burnley-everton-10\/#breadcrumb\",\"itemListElement\":[{\"@type\":\"ListItem\",\"position\":1,\"name\":\"Home\",\"item\":\"https:\/\/evertonfc.cz\/\"},{\"@type\":\"ListItem\",\"position\":2,\"name\":\"Burnley \u2013 Everton 1:0\"}]},{\"@type\":\"WebSite\",\"@id\":\"https:\/\/evertonfc.cz\/#website\",\"url\":\"https:\/\/evertonfc.cz\/\",\"name\":\"Official Czech &amp; Slovak Everton Supporters&#039; Club\",\"description\":\"\",\"publisher\":{\"@id\":\"https:\/\/evertonfc.cz\/#organization\"},\"potentialAction\":[{\"@type\":\"SearchAction\",\"target\":{\"@type\":\"EntryPoint\",\"urlTemplate\":\"https:\/\/evertonfc.cz\/?s={search_term_string}\"},\"query-input\":{\"@type\":\"PropertyValueSpecification\",\"valueRequired\":true,\"valueName\":\"search_term_string\"}}],\"inLanguage\":\"cs\"},{\"@type\":\"Organization\",\"@id\":\"https:\/\/evertonfc.cz\/#organization\",\"name\":\"Official Czech & Slovak Everton Supporters' Club\",\"url\":\"https:\/\/evertonfc.cz\/\",\"logo\":{\"@type\":\"ImageObject\",\"inLanguage\":\"cs\",\"@id\":\"https:\/\/evertonfc.cz\/#\/schema\/logo\/image\/\",\"url\":\"https:\/\/evertonfc.cz\/wp-content\/uploads\/2019\/05\/logo.png\",\"contentUrl\":\"https:\/\/evertonfc.cz\/wp-content\/uploads\/2019\/05\/logo.png\",\"width\":112,\"height\":112,\"caption\":\"Official Czech & Slovak Everton Supporters' Club\"},\"image\":{\"@id\":\"https:\/\/evertonfc.cz\/#\/schema\/logo\/image\/\"},\"sameAs\":[\"https:\/\/www.facebook.com\/everton.fans.cz.sk\"]},{\"@type\":\"Person\",\"@id\":\"https:\/\/evertonfc.cz\/#\/schema\/person\/d4493b8cbea51532597fbc4685698916\",\"name\":\"BlueBlooded\",\"url\":\"https:\/\/evertonfc.cz\/index.php\/author\/admin\/\"}]}<\/script>\n<!-- \/ Yoast SEO plugin. -->","yoast_head_json":{"title":"Burnley \u2013 Everton 1:0 - Official Czech &amp; Slovak Everton Supporters&#039; Club","robots":{"index":"index","follow":"follow","max-snippet":"max-snippet:-1","max-image-preview":"max-image-preview:large","max-video-preview":"max-video-preview:-1"},"canonical":"https:\/\/evertonfc.cz\/index.php\/2019\/10\/05\/burnley-everton-10\/","og_locale":"cs_CZ","og_type":"article","og_title":"Burnley \u2013 Everton 1:0 - Official Czech &amp; Slovak Everton Supporters&#039; Club","og_description":"Tento z\u00e1pas mal by\u0165 odrazom do prijate\u013enej\u0161\u00edch v\u00f4d Premier League. Miesto toho n\u00e1s stiahol na dno a vyjavil pravdu. Marco Silva nechce tr\u00e9nova\u0165 Everton Football Club.","og_url":"https:\/\/evertonfc.cz\/index.php\/2019\/10\/05\/burnley-everton-10\/","og_site_name":"Official Czech &amp; Slovak Everton Supporters&#039; Club","article_publisher":"https:\/\/www.facebook.com\/everton.fans.cz.sk","article_published_time":"2019-10-05T19:34:23+00:00","article_modified_time":"2019-10-05T19:36:37+00:00","og_image":[{"width":720,"height":405,"url":"https:\/\/evertonfc.cz\/wp-content\/uploads\/2019\/10\/Burnley-fc-5-10-2019.jpg","type":"image\/jpeg"}],"author":"BlueBlooded","twitter_card":"summary_large_image","twitter_misc":{"Napsal(a)":"BlueBlooded","Odhadovan\u00e1 doba \u010dten\u00ed":"2 minuty"},"schema":{"@context":"https:\/\/schema.org","@graph":[{"@type":"Article","@id":"https:\/\/evertonfc.cz\/index.php\/2019\/10\/05\/burnley-everton-10\/#article","isPartOf":{"@id":"https:\/\/evertonfc.cz\/index.php\/2019\/10\/05\/burnley-everton-10\/"},"author":{"name":"BlueBlooded","@id":"https:\/\/evertonfc.cz\/#\/schema\/person\/d4493b8cbea51532597fbc4685698916"},"headline":"Burnley \u2013 Everton 1:0","datePublished":"2019-10-05T19:34:23+00:00","dateModified":"2019-10-05T19:36:37+00:00","mainEntityOfPage":{"@id":"https:\/\/evertonfc.cz\/index.php\/2019\/10\/05\/burnley-everton-10\/"},"wordCount":405,"commentCount":15,"publisher":{"@id":"https:\/\/evertonfc.cz\/#organization"},"image":{"@id":"https:\/\/evertonfc.cz\/index.php\/2019\/10\/05\/burnley-everton-10\/#primaryimage"},"thumbnailUrl":"https:\/\/evertonfc.cz\/wp-content\/uploads\/2019\/10\/Burnley-fc-5-10-2019.jpg","articleSection":["Z\u00e1pasy"],"inLanguage":"cs","potentialAction":[{"@type":"CommentAction","name":"Comment","target":["https:\/\/evertonfc.cz\/index.php\/2019\/10\/05\/burnley-everton-10\/#respond"]}]},{"@type":"WebPage","@id":"https:\/\/evertonfc.cz\/index.php\/2019\/10\/05\/burnley-everton-10\/","url":"https:\/\/evertonfc.cz\/index.php\/2019\/10\/05\/burnley-everton-10\/","name":"Burnley \u2013 Everton 1:0 - Official Czech &amp; Slovak Everton Supporters&#039; Club","isPartOf":{"@id":"https:\/\/evertonfc.cz\/#website"},"primaryImageOfPage":{"@id":"https:\/\/evertonfc.cz\/index.php\/2019\/10\/05\/burnley-everton-10\/#primaryimage"},"image":{"@id":"https:\/\/evertonfc.cz\/index.php\/2019\/10\/05\/burnley-everton-10\/#primaryimage"},"thumbnailUrl":"https:\/\/evertonfc.cz\/wp-content\/uploads\/2019\/10\/Burnley-fc-5-10-2019.jpg","datePublished":"2019-10-05T19:34:23+00:00","dateModified":"2019-10-05T19:36:37+00:00","breadcrumb":{"@id":"https:\/\/evertonfc.cz\/index.php\/2019\/10\/05\/burnley-everton-10\/#breadcrumb"},"inLanguage":"cs","potentialAction":[{"@type":"ReadAction","target":["https:\/\/evertonfc.cz\/index.php\/2019\/10\/05\/burnley-everton-10\/"]}]},{"@type":"ImageObject","inLanguage":"cs","@id":"https:\/\/evertonfc.cz\/index.php\/2019\/10\/05\/burnley-everton-10\/#primaryimage","url":"https:\/\/evertonfc.cz\/wp-content\/uploads\/2019\/10\/Burnley-fc-5-10-2019.jpg","contentUrl":"https:\/\/evertonfc.cz\/wp-content\/uploads\/2019\/10\/Burnley-fc-5-10-2019.jpg","width":720,"height":405,"caption":"Soccer Football - Premier League - Burnley v Everton - Turf Moor, Burnley, Britain - October 5, 2019 Burnley's Jeff Hendrick celebrates scoring their first goal with team mates REUTERS\/Andrew Yates EDITORIAL USE ONLY. No use with unauthorized audio, video, data, fixture lists, club\/league logos or \"live\" services. Online in-match use limited to 75 images, no video emulation. No use in betting, games or single club\/league\/player publications. Please contact your account representative for further details."},{"@type":"BreadcrumbList","@id":"https:\/\/evertonfc.cz\/index.php\/2019\/10\/05\/burnley-everton-10\/#breadcrumb","itemListElement":[{"@type":"ListItem","position":1,"name":"Home","item":"https:\/\/evertonfc.cz\/"},{"@type":"ListItem","position":2,"name":"Burnley \u2013 Everton 1:0"}]},{"@type":"WebSite","@id":"https:\/\/evertonfc.cz\/#website","url":"https:\/\/evertonfc.cz\/","name":"Official Czech &amp; Slovak Everton Supporters&#039; Club","description":"","publisher":{"@id":"https:\/\/evertonfc.cz\/#organization"},"potentialAction":[{"@type":"SearchAction","target":{"@type":"EntryPoint","urlTemplate":"https:\/\/evertonfc.cz\/?s={search_term_string}"},"query-input":{"@type":"PropertyValueSpecification","valueRequired":true,"valueName":"search_term_string"}}],"inLanguage":"cs"},{"@type":"Organization","@id":"https:\/\/evertonfc.cz\/#organization","name":"Official Czech & Slovak Everton Supporters' Club","url":"https:\/\/evertonfc.cz\/","logo":{"@type":"ImageObject","inLanguage":"cs","@id":"https:\/\/evertonfc.cz\/#\/schema\/logo\/image\/","url":"https:\/\/evertonfc.cz\/wp-content\/uploads\/2019\/05\/logo.png","contentUrl":"https:\/\/evertonfc.cz\/wp-content\/uploads\/2019\/05\/logo.png","width":112,"height":112,"caption":"Official Czech & Slovak Everton Supporters' Club"},"image":{"@id":"https:\/\/evertonfc.cz\/#\/schema\/logo\/image\/"},"sameAs":["https:\/\/www.facebook.com\/everton.fans.cz.sk"]},{"@type":"Person","@id":"https:\/\/evertonfc.cz\/#\/schema\/person\/d4493b8cbea51532597fbc4685698916","name":"BlueBlooded","url":"https:\/\/evertonfc.cz\/index.php\/author\/admin\/"}]}},"_links":{"self":[{"href":"https:\/\/evertonfc.cz\/index.php\/wp-json\/wp\/v2\/posts\/9447"}],"collection":[{"href":"https:\/\/evertonfc.cz\/index.php\/wp-json\/wp\/v2\/posts"}],"about":[{"href":"https:\/\/evertonfc.cz\/index.php\/wp-json\/wp\/v2\/types\/post"}],"author":[{"embeddable":true,"href":"https:\/\/evertonfc.cz\/index.php\/wp-json\/wp\/v2\/users\/1"}],"replies":[{"embeddable":true,"href":"https:\/\/evertonfc.cz\/index.php\/wp-json\/wp\/v2\/comments?post=9447"}],"version-history":[{"count":3,"href":"https:\/\/evertonfc.cz\/index.php\/wp-json\/wp\/v2\/posts\/9447\/revisions"}],"predecessor-version":[{"id":9451,"href":"https:\/\/evertonfc.cz\/index.php\/wp-json\/wp\/v2\/posts\/9447\/revisions\/9451"}],"wp:featuredmedia":[{"embeddable":true,"href":"https:\/\/evertonfc.cz\/index.php\/wp-json\/wp\/v2\/media\/9448"}],"wp:attachment":[{"href":"https:\/\/evertonfc.cz\/index.php\/wp-json\/wp\/v2\/media?parent=9447"}],"wp:term":[{"taxonomy":"category","embeddable":true,"href":"https:\/\/evertonfc.cz\/index.php\/wp-json\/wp\/v2\/categories?post=9447"},{"taxonomy":"post_tag","embeddable":true,"href":"https:\/\/evertonfc.cz\/index.php\/wp-json\/wp\/v2\/tags?post=9447"}],"curies":[{"name":"wp","href":"https:\/\/api.w.org\/{rel}","templated":true}]}}