{"id":9498,"date":"2019-10-16T23:22:06","date_gmt":"2019-10-16T21:22:06","guid":{"rendered":"https:\/\/evertonfc.cz\/?p=9498"},"modified":"2020-04-27T13:51:39","modified_gmt":"2020-04-27T11:51:39","slug":"stagnuje-prinos-akademie","status":"publish","type":"post","link":"https:\/\/evertonfc.cz\/index.php\/2019\/10\/16\/stagnuje-prinos-akademie\/","title":{"rendered":"Stagnuje pr\u00ednos akad\u00e9mie?"},"content":{"rendered":"<h4>Dovo\u013ete mi mal\u00e9, hoci nie kr\u00e1tke zamyslenie nad probl\u00e9mom, opant\u00e1vaj\u00facim nezrel\u00e9 z\u00e1klady, na ktor\u00fdch m\u00e1 by\u0165 kol\u00edska futbalu postaven\u00e1. Ml\u00e1de\u017e.<\/h4>\n<p style=\"text-align: center;\"><em>\u201eNikdy by som nes\u00fahlasil s\u00a0priveden\u00edm hr\u00e1\u010da, ke\u010f m\u00e1te mlad\u00edka, ktor\u00fd je pripraven\u00fd a\u00a0ktor\u00fd bude nakoniec robi\u0165 t\u00fa ist\u00fa robotu \u2013 sedie\u0165 na lavi\u010dke.\u201c<br \/>\n<\/em><\/p>\n<h4 style=\"text-align: center;\"><strong>Joe Williams<\/strong><\/h4>\n<p>Antonee Robinson a\u00a0Joe Williams, obaja u\u017e b\u00fdval\u00ed hr\u00e1\u010di Evertonu, od leta zarez\u00e1vaj\u00fa v\u00a0Championship. Ich nov\u00fdm zamestn\u00e1vate\u013eom je Wigan. Kr\u00e1tko po za\u010diatku sez\u00f3ny ich pre magaz\u00edn The Athletic vyspovedal Patrick Boyland a\u00a0ich n\u00e1zory ma in\u0161pirovali k\u00a0tomuto \u010dl\u00e1nku. T\u00e1to mlad\u00e1 dvojica toti\u017e mala predpovedan\u00fa svetl\u00fa bud\u00facnos\u0165 v\u00a0klube, ktor\u00fd ich vychoval, ale ako to u\u017e b\u00fdva, cestu mlad\u00fdm talentom \u010dasto blokuje zahrani\u010dn\u00fd dovoz hotov\u00fdch aj nehotov\u00fdch hviezd.<\/p>\n<p>Neraz preto h\u013eadaj\u00fa sk\u00fasenosti prostredn\u00edctvom hos\u0165ovan\u00ed, alebo tr\u00e1via \u010das vysed\u00e1van\u00edm na lavi\u010dke matersk\u00e9ho t\u00edmu. D\u00e1 sa potom v\u00f4bec presadi\u0165? Doposia\u013e relat\u00edvne nov\u00e1 vekov\u00e1 kateg\u00f3ria do 23 rokov mala s\u00edce dobr\u00fd \u00famysel, no st\u00e1le plnohodnotne nenahrad\u00ed mu\u017esk\u00fd futbal. Nehovoriac o\u00a0tom, \u017ee ak v\u00a0danom veku e\u0161te hr\u00e1te za rezervu, ste odp\u00edsan\u00fd na predaj, \u010di vypr\u0161anie profesion\u00e1lnej zmluvy.<\/p>\n<p>A\u00a0je v\u00f4bec pre hr\u00e1\u010da prospe\u0161n\u00e9 str\u00e1vi\u0165 ka\u017ed\u00fd polrok, rok niekde inde? V\u0161ade naraz\u00edte na nov\u00e9 prostredie, na ktor\u00e9 si mus\u00edte zvyka\u0165, nov\u00fdch tr\u00e9nerov, nov\u00e9 taktiky a\u00a0in\u00e9 po\u017eiadavky. \u010casom sa z\u00a0toho m\u00f4\u017ee sta\u0165 naozajstn\u00fd chaos, najm\u00e4 v\u00a0mladej hlave, ktor\u00e1 sa e\u0161te len h\u013ead\u00e1. Ide\u00e1lny scen\u00e1r potom existuje asi len v\u00a0n\u00e1ru\u010d\u00ed pr\u00edle\u017eitosti, treb\u00e1rs obmedzenej, v\u00a0prvom t\u00edme.<\/p>\n<p style=\"text-align: center;\"><em>\u201eEverton mal nov\u00fdch majite\u013eov a\u00a0k\u00fapil ve\u013ea hr\u00e1\u010dov za obrovsk\u00e9 peniaze. Ke\u010f\u017ee ich priviedli, musia s\u00a0nimi hra\u0165.\u201c<br \/>\n<\/em><\/p>\n<h4 style=\"text-align: center;\"><strong>Antonee Robinson<\/strong><\/h4>\n<p>Ako ale nastavi\u0165 syst\u00e9m, v\u00a0ktorom nie je dovolen\u00e9 riziko? Takmer v\u0161ade po Eur\u00f3pe m\u00f4\u017eeme v\u00edda\u0165 \u00fa\u010das\u0165 B-t\u00edmov v\u00a0ni\u017e\u0161\u00edch ligov\u00fdch s\u00fa\u0165a\u017eiach. Preto sme neraz svedkami raketov\u00e9ho vzostupu mlad\u00fdch hr\u00e1\u010dov, \u00faspe\u0161ne etabluj\u00facich sa matersk\u00fdch kluboch v\u00a0Nemecku, Holandsku, alebo in\u00fdch v\u00fdznamnej\u0161\u00edch lig\u00e1ch. V\u00a0Anglicku to je ale len ve\u013emi \u0165a\u017eko predstavite\u013en\u00e9. Ve\u013ek\u00fa \u00falohu hr\u00e1 trad\u00edcia.<\/p>\n<p>Aby som to z\u013eahka osvetlil, na Britsk\u00fdch ostrovoch ako kol\u00edske futbalu je v\u00a0podstate nepredstavite\u013en\u00e9, aby miestenku v\u00a0lige hocijak\u00e9mu miestnemu klubu \u201eukradla\u201c nejak\u00e1 liahe\u0148 prvoligov\u00e9ho naf\u00fakanca a\u00a0roztrhala vy\u0161e storo\u010die tvoriacu sa hist\u00f3riu. Je to nie\u010do, \u010do na\u0161inec len tak nepochop\u00ed. Okolo aj najmen\u0161\u00edch klubov s\u00fa budovan\u00e9 komunity, ktor\u00e9 sp\u00e1jaj\u00fa \u013eud\u00ed u\u017e od ich zalo\u017eenia. Jedine\u010dn\u00e9 put\u00e1, via\u017euce rodiny, priate\u013eov, susedov, kolegov.<\/p>\n<p>A hoci hlasy za presadenie B-t\u00edmov z\u00a0roka na rok silnej\u00fa, ja osobne si nemysl\u00edm, \u017ee sa k\u00a0tomu v\u00a0bl\u00edzkej dobe anglick\u00e1 futbalov\u00e1 kult\u00fara v\u00f4bec dostane, tob\u00f4\u017e ako k\u00a0hlavnej t\u00e9me. Naposledy t\u00fato my\u0161lienku zmietli zo stola pred dvoma rokmi. Ak by sa tak aj stalo, v\u00a0r\u00e1mci spravodlivosti, predpoklad\u00e1m, \u017ee by musela futbalov\u00e1 feder\u00e1cia zaradi\u0165 jednotliv\u00e9 rezervy na spodok celej pyram\u00eddy, ktor\u00e1 \u010d\u00edta po\u010det a\u017e dvadsa\u0165 poschod\u00ed. Alebo nemusela?<\/p>\n<p>Minul\u00fd rok rezonovala Talianskom vcelku historick\u00e1 udalos\u0165. Juventus, ako prv\u00fd t\u00edm v\u00a0hist\u00f3rii futbalu na Apeninskom polostrove, zaregistroval svoj ml\u00e1de\u017en\u00edcky t\u00edm U23 do Serie C. \u00c1no, aj t\u00e1to temperamentn\u00e1 krajina sa dlho br\u00e1nila zavedeniu rezerv do seniorsk\u00fdch s\u00fa\u0165a\u017e\u00ed, ale mno\u017eiace sa finan\u010dn\u00e9 probl\u00e9my mnoh\u00fdch celkov doslova vydl\u00e1\u017edili cestu ve\u013ek\u00fdm a najm\u00e4\u00a0schopn\u00fdm plati\u0165.<\/p>\n<p style=\"text-align: center;\"><em>\u201eAk ste u\u017e hrali poriadny futbal, nechcete sa viac vr\u00e1ti\u0165 do U23. U\u017e ste spravili ten krok vpred.\u201c<br \/>\n<\/em><\/p>\n<h4 style=\"text-align: center;\"><strong>Antonee Robinson<\/strong><\/h4>\n<p>Aj Angli\u010dania mali mo\u017enos\u0165 po\u010das tohto roka postrehn\u00fa\u0165 p\u00e1r pr\u00edpadov na dom\u00e1cej p\u00f4de, ktor\u00e9 by eventu\u00e1lne mohli vies\u0165 k\u00a0vyu\u017eitiu uvo\u013enen\u00e9ho miesta ve\u013ek\u00fdmi hr\u00e1\u010dmi. Bolton a\u00a0Bury s\u00fa toho skvel\u00fdmi pr\u00edkladmi. K\u00fdm prv\u00fd menovan\u00fd sa ako tak zachr\u00e1nil a\u00a0ostal v\u00a0s\u00fa\u0165a\u017ei, aj ke\u010f s\u00a0odobrat\u00edm bodov na nadch\u00e1dzaj\u00facu sez\u00f3nu, druh\u00fd musel z\u00a0ligy od\u00eds\u0165 a\u00a0poda\u0165 prihl\u00e1\u0161ku na \u010fal\u0161\u00ed ro\u010dn\u00edk do ni\u017e\u0161ej kateg\u00f3rie.<\/p>\n<p>Za v\u0161etk\u00fdm h\u013eadaj \u017eenu, hovor\u00ed sa. V\u00a0tomto pr\u00edpade peniaze. Len\u017ee, ak\u00fd v\u00fdznam m\u00e1 nahr\u00e1dza\u0165 finan\u010dne nezodpovedn\u00e9 kluby klonmi ve\u013ek\u00fdch hr\u00e1\u010dov? Spom\u00ednan\u00fd Juventus m\u00e1 svoju U23 v\u00a0tretej lige ako jedin\u00fd z\u00a0prvoligov\u00fdch klubov, vlastne existuje ako jedin\u00fd s regul\u00e1rnym\u00a0B-t\u00edmom v\u00f4bec. Aj v\u00e1m tik\u00e1 spravodlivos\u0165 v\u00a0u\u0161iach? Na\u0161\u0165astie, Anglicko ani Franc\u00fazsko tak\u00fdto probl\u00e9m rie\u0161i\u0165 nemus\u00ed. Zatia\u013e.<\/p>\n<p>V\u0161etko m\u00e1 svoje pre a\u00a0proti. Svoje o\u00a0tom vedia krajiny, kde je tento model dlhodobo zaveden\u00fd. V\u00e4\u010d\u0161ina nemeck\u00fdch klubov nem\u00e1 svoje B\u00e9\u010dka vy\u0161\u0161ie ne\u017e v\u00a0\u0161tvrtej lige. Nie, pre z\u00e1kaz, ale pre v\u00fdkonnos\u0165. V\u00a0Holandsku boli minul\u00fd ro\u010dn\u00edk v\u00a0druhej lige \u0161tyri, z\u00a0toho dva \u010delili a \u010delia zostupu. Len akad\u00e9mii Ajaxu sa dar\u00ed bojova\u0165 pravidelne o\u00a0\u010delo tabu\u013eky. Av\u0161ak logicky nem\u00f4\u017ee post\u00fapi\u0165. Tak\u00fdto model plat\u00ed v\u0161ade.<\/p>\n<p>Pep Guardiola predned\u00e1vnom pouk\u00e1zal na nutnos\u0165 zavies\u0165 tento syst\u00e9m aj v\u00a0na ostrovoch, preto\u017ee nepova\u017euje s\u00fa\u010dasn\u00fd syst\u00e9m ml\u00e1de\u017en\u00edckych l\u00edg za dostato\u010dn\u00fd pre napredovanie hr\u00e1\u010dov v\u00a0akad\u00e9mii The Cityzens. Pouk\u00e1zal pritom na pr\u00edklad v\u00a0\u0160panielsku, kde pr\u00e1ve tr\u00e9nersky za\u010d\u00ednal v\u00a0barcelonskom t\u00edme B. A\u00a0napriek tomu, \u017ee pred \u010dasom str\u00e1vili celky dvoch \u0161panielskych gigantov v\u00a0Segunda Divisi\u00f3n zna\u010dn\u00fd \u010das, dnes tam nie je \u017eiadny.<\/p>\n<p style=\"text-align: center;\"><em>\u201eKieran je dobr\u00fd pr\u00edklad. Mal by\u0165 v\u00a0prvom t\u00edme sk\u00f4r, ale poslali ho na hos\u0165ovanie. V\u00a0ur\u010ditom veku, 17-18, je to fajn, ale ke\u010f m\u00e1te 19 alebo 20, mus\u00edte \u00eds\u0165 a\u00a0usadi\u0165 sa.\u201c<br \/>\n<\/em><\/p>\n<h4 style=\"text-align: center;\"><strong>Antonee Robinson<\/strong><\/h4>\n<p>N\u00e1ro\u010dnos\u0165 ni\u017e\u0161\u00edch l\u00edg, pod\u013ea pozorovania minim\u00e1lne druh\u00e9ho stup\u0148a, je teda st\u00e1le ve\u013ek\u00e1 pre mlad\u00fdch hr\u00e1\u010dov. Je to jednoducho fakt. Sved\u010d\u00ed o\u00a0tom aj portugalsk\u00fd pr\u00edklad jo-jo efektu B\u00e9\u010dok aj tak\u00fdch liahn\u00ed, ako s\u00fa Sporting \u010di Porto. Ale takisto nemo\u017eno poprie\u0165 pozit\u00edvny vplyv na fyzick\u00e9 po\u017eiadavky pri prechode do prv\u00fdch t\u00edmov. Ako povedal Casimir Westerveld, ved\u00faci n\u00e1boru ml\u00e1de\u017ee v\u00a0Ajaxe: <em>\u201eNepou\u017e\u00edvame n\u00e1\u0161 rezervn\u00fd t\u00edm na vyhr\u00e1vanie z\u00e1pasov, ale na rozv\u00edjanie \u010do najv\u00e4\u010d\u0161ieho po\u010dtu hr\u00e1\u010dov.\u201c<\/em><\/p>\n<p>V\u00a0pr\u00edpade Evertonu na tak\u00fdto koncept m\u00f4\u017eeme zabudn\u00fa\u0165. U\u017e pre vy\u0161\u0161ie spom\u00ednan\u00e9 d\u00f4vody. Jedinou cestou ako konfrontova\u0165 na\u0161e n\u00e1dejn\u00e9 talenty so seniorsk\u00fdm futbalom ost\u00e1va mana\u017e\u00e9rska odvaha, hos\u0165ovanie alebo z\u00e1pasy U23 v\u00a0Checkatrade Trophy. S\u00fa\u0165a\u017ei, ktor\u00e1 umo\u017enila zapoji\u0165 sa akad\u00e9mi\u00e1m prvej kateg\u00f3rie do turnaja s\u00a0celkami League One a\u00a0League Two.<\/p>\n<p>David Unsworth si to nevie vynachv\u00e1li\u0165. Vie pre\u010do. Ale odozva fan\u00fa\u0161ikov bola jednozna\u010dn\u00e1. Rekordne n\u00edzke n\u00e1v\u0161tevy ako d\u00f4kaz o\u00a0atrakt\u00edvnosti, podporuj\u00faci te\u00f3riu futbalovej kult\u00fary v\u00a0praxi. Zauj\u00edmav\u00e9 ale je, ako sa k\u00a0tomu postavili niektor\u00e9 kluby. Pozv\u00e1nky pre ich rezervy odmietli Arsenal, Chelsea aj Tottenham.<\/p>\n<p>Tak\u00e1 Chelsea je zn\u00e1ma prepojen\u00edm s\u00a0belgick\u00fdm Vitesse Arnhem, kde jej pr\u00fadi ve\u013ek\u00fd po\u010det n\u00e1dejn\u00fdch futbalistov na hos\u0165ovanie. Manchester City dokonca zach\u00e1dza hlb\u0161ie a\u00a0svojou sie\u0165ou City Football Group napodob\u0148uje snahu Red Bullu, iba\u017ee o\u00a0v\u00e4\u010d\u0161om meradle. New York, Melbourne, Yokohama, Sichuan, Torque, Girona a\u00a0v\u00a0pl\u00e1ne s\u00fa \u010fal\u0161ie. Pr\u00edstup k\u00a0talentom na ka\u017edom kontinente.<\/p>\n<p style=\"text-align: center;\"><em>\u201ePod\u013ea m\u0148a p\u00e4\u0165 \u010di \u0161es\u0165 hr\u00e1\u010dov z\u00a0na\u0161ej skupiny sa malo dosta\u0165 do prv\u00e9ho t\u00edmu Evertonu. \u00daprimne, neviem pre\u010do sa tak nestalo.\u201c<br \/>\n<\/em><\/p>\n<h4 style=\"text-align: center;\"><strong>Joe Williams<\/strong><\/h4>\n<p>Len\u017ee nie ka\u017ed\u00fd si m\u00f4\u017ee dovoli\u0165 budova\u0165 imp\u00e9rium. V Brit\u00e1nii sa to nedovo\u013euje, \u017eiadna fyzick\u00e1 \u010di pr\u00e1vnick\u00e1 osoba nem\u00f4\u017ee vlastni\u0165 viac ako jeden klub v krajine. Aby sa zabr\u00e1nilo mo\u017en\u00fdm finan\u010dn\u00fdm \u0165a\u017ekostiam. Tie sa v\u0161ak dej\u00fa aj bez toho. Ot\u00e1zka je, mohol by do smutn\u00fdch pr\u00edbehov Bury alebo Boltonu vst\u00fapi\u0165 in\u00fd hr\u00e1\u010d? Povedzme prvoligov\u00fd, \u010di klub z inej krajiny? Jasne nastaven\u00e9 pravidl\u00e1 pre &#8222;adoptovan\u00fdch&#8220;, finan\u010dn\u00e1 pomoc a v\u00fdpo\u017ei\u010dka hr\u00e1\u010dov, \u010di in\u00e9ho person\u00e1lu. Prospech pre oboch.<\/p>\n<p>Pr\u00edkladom je AS Monaco. To investovalo kv\u00f4li podobn\u00fdm pravidl\u00e1m nie do dom\u00e1ceho, ale do zahrani\u010dn\u00e9ho Cercle Brugy, finan\u010dne ohrozen\u00e9ho. Teraz je jeho v\u00e4\u010d\u0161inov\u00fdm majite\u013eom a\u00a0v\u00a0belgickej lige u\u017e stihli dominova\u0165 v\u00a0sez\u00f3ne 2017\/18, ke\u010f g\u00f3l zais\u0165uj\u00faci titul vstrelil hos\u0165uj\u00faci hr\u00e1\u010d Monaca.<\/p>\n<p>Org\u00e1n FIFA sa v\u0161ak sna\u017e\u00ed proti tak\u00fdmto praktik\u00e1m bojova\u0165 a\u00a0u\u017e obmedzuje po\u010det medzin\u00e1rodn\u00fdch hos\u0165ovan\u00ed, ktor\u00fd sa od sez\u00f3ny 2022\/23 zn\u00ed\u017ei medzi dvoma rovnak\u00fdmi klubmi na po\u010det tri. Ako to do bud\u00facnosti ovplyvn\u00ed hos\u0165ovania v r\u00e1mci\u00a0dom\u00e1cich l\u00edg, to zatia\u013e nie je zn\u00e1me a\u00a0u\u017e v\u00f4bec nie jasn\u00e9.<\/p>\n<p>Evertonu tak doch\u00e1dzaj\u00fa mo\u017enosti. Moment\u00e1lne nie je ochotn\u00fd riskova\u0165 u\u017e investovan\u00fd \u010das a\u00a0peniaze do vlastn\u00fdch a\u00a0na \u017eiadny z\u00a0uveden\u00fdch modelov sa nechyst\u00e1. Chlapci v\u00a0podobnej situ\u00e1cii, ako boli Williams a\u00a0Robinson, by dali \u010doko\u013evek za to, aby dostali niekde \u0161ancu rozv\u00edja\u0165 sa a\u00a0napokon aj mo\u017enos\u0165 sa presadi\u0165.<\/p>\n<p>Predstavuje to obrovsk\u00fd, celon\u00e1rodn\u00fd probl\u00e9m a\u00a0z\u00e1rove\u0148 neuverite\u013en\u00fa v\u00fdzvu aj pre n\u00e1\u0161 Everton. Ak nehr\u00e1vate vo veku od 18 do 21 rokov, pravdepodobne na top \u00farovni ani nikdy nebudete. Mali by sme si preto v\u00e1\u017ei\u0165 a\u00a0stara\u0165 sa o\u00a0tak\u00fdch hr\u00e1\u010dov, ako napr\u00edklad Tom Davies, ktor\u00fd st\u00e1le d\u00e1va mo\u017eno bezv\u00fdznamn\u00e9 svetielko n\u00e1deje \u010fal\u0161\u00edm, mo\u017eno rovnako dobr\u00fdm ako on, m\u00e1rne \u010dakaj\u00facim v\u00a0rade na kr\u00e1\u013eovsk\u00fa modr\u00fa s\u00a0ich menovkou.<\/p>\n<p style=\"text-align: center;\"><em>\u201eJe to sklamanie, ale v \u017eivote je toho viac ako len Everton. Pre n\u00e1s bolo lep\u0161ie \u00eds\u0165 \u010falej.\u201c<br \/>\n<\/em><\/p>\n<h4 style=\"text-align: center;\"><strong>Joe Williams<\/strong><\/h4>\n<p style=\"text-align: right;\">(foto zdroj: Tony McArdle\/Everton FC)<\/p>\n","protected":false},"excerpt":{"rendered":"<p>Dovo\u013ete mi mal\u00e9, hoci nie kr\u00e1tke zamyslenie nad probl\u00e9mom, opant\u00e1vaj\u00facim nezrel\u00e9 z\u00e1klady, na ktor\u00fdch m\u00e1 by\u0165 kol\u00edska futbalu postaven\u00e1. Ml\u00e1de\u017e.<\/p>\n","protected":false},"author":1,"featured_media":9499,"comment_status":"open","ping_status":"closed","sticky":false,"template":"","format":"standard","meta":{"_eb_attr":"","_monsterinsights_skip_tracking":false,"_monsterinsights_sitenote_active":false,"_monsterinsights_sitenote_note":"","_monsterinsights_sitenote_category":0,"footnotes":""},"categories":[39],"tags":[],"yoast_head":"<!-- This site is optimized with the Yoast SEO plugin v23.4 - https:\/\/yoast.com\/wordpress\/plugins\/seo\/ -->\n<title>Stagnuje pr\u00ednos akad\u00e9mie? - Official Czech &amp; Slovak Everton Supporters&#039; Club<\/title>\n<meta name=\"robots\" content=\"index, follow, max-snippet:-1, max-image-preview:large, max-video-preview:-1\" \/>\n<link rel=\"canonical\" href=\"https:\/\/evertonfc.cz\/index.php\/2019\/10\/16\/stagnuje-prinos-akademie\/\" \/>\n<meta property=\"og:locale\" content=\"cs_CZ\" \/>\n<meta property=\"og:type\" content=\"article\" \/>\n<meta property=\"og:title\" content=\"Stagnuje pr\u00ednos akad\u00e9mie? - Official Czech &amp; Slovak Everton Supporters&#039; Club\" \/>\n<meta property=\"og:description\" content=\"Dovo\u013ete mi mal\u00e9, hoci nie kr\u00e1tke zamyslenie nad probl\u00e9mom, opant\u00e1vaj\u00facim nezrel\u00e9 z\u00e1klady, na ktor\u00fdch m\u00e1 by\u0165 kol\u00edska futbalu postaven\u00e1. Ml\u00e1de\u017e.\" \/>\n<meta property=\"og:url\" content=\"https:\/\/evertonfc.cz\/index.php\/2019\/10\/16\/stagnuje-prinos-akademie\/\" \/>\n<meta property=\"og:site_name\" content=\"Official Czech &amp; Slovak Everton Supporters&#039; Club\" \/>\n<meta property=\"article:publisher\" content=\"https:\/\/www.facebook.com\/everton.fans.cz.sk\" \/>\n<meta property=\"article:published_time\" content=\"2019-10-16T21:22:06+00:00\" \/>\n<meta property=\"article:modified_time\" content=\"2020-04-27T11:51:39+00:00\" \/>\n<meta property=\"og:image\" content=\"https:\/\/evertonfc.cz\/wp-content\/uploads\/2019\/10\/Finch-Farm-16-10-2019.jpg\" \/>\n\t<meta property=\"og:image:width\" content=\"720\" \/>\n\t<meta property=\"og:image:height\" content=\"405\" \/>\n\t<meta property=\"og:image:type\" content=\"image\/jpeg\" \/>\n<meta name=\"author\" content=\"BlueBlooded\" \/>\n<meta name=\"twitter:card\" content=\"summary_large_image\" \/>\n<meta name=\"twitter:label1\" content=\"Napsal(a)\" \/>\n\t<meta name=\"twitter:data1\" content=\"BlueBlooded\" \/>\n\t<meta name=\"twitter:label2\" content=\"Odhadovan\u00e1 doba \u010dten\u00ed\" \/>\n\t<meta name=\"twitter:data2\" content=\"9 minut\" \/>\n<script type=\"application\/ld+json\" class=\"yoast-schema-graph\">{\"@context\":\"https:\/\/schema.org\",\"@graph\":[{\"@type\":\"Article\",\"@id\":\"https:\/\/evertonfc.cz\/index.php\/2019\/10\/16\/stagnuje-prinos-akademie\/#article\",\"isPartOf\":{\"@id\":\"https:\/\/evertonfc.cz\/index.php\/2019\/10\/16\/stagnuje-prinos-akademie\/\"},\"author\":{\"name\":\"BlueBlooded\",\"@id\":\"https:\/\/evertonfc.cz\/#\/schema\/person\/d4493b8cbea51532597fbc4685698916\"},\"headline\":\"Stagnuje pr\u00ednos akad\u00e9mie?\",\"datePublished\":\"2019-10-16T21:22:06+00:00\",\"dateModified\":\"2020-04-27T11:51:39+00:00\",\"mainEntityOfPage\":{\"@id\":\"https:\/\/evertonfc.cz\/index.php\/2019\/10\/16\/stagnuje-prinos-akademie\/\"},\"wordCount\":1799,\"commentCount\":3,\"publisher\":{\"@id\":\"https:\/\/evertonfc.cz\/#organization\"},\"image\":{\"@id\":\"https:\/\/evertonfc.cz\/index.php\/2019\/10\/16\/stagnuje-prinos-akademie\/#primaryimage\"},\"thumbnailUrl\":\"https:\/\/evertonfc.cz\/wp-content\/uploads\/2019\/10\/Finch-Farm-16-10-2019.jpg\",\"articleSection\":[\"Blog\"],\"inLanguage\":\"cs\",\"potentialAction\":[{\"@type\":\"CommentAction\",\"name\":\"Comment\",\"target\":[\"https:\/\/evertonfc.cz\/index.php\/2019\/10\/16\/stagnuje-prinos-akademie\/#respond\"]}]},{\"@type\":\"WebPage\",\"@id\":\"https:\/\/evertonfc.cz\/index.php\/2019\/10\/16\/stagnuje-prinos-akademie\/\",\"url\":\"https:\/\/evertonfc.cz\/index.php\/2019\/10\/16\/stagnuje-prinos-akademie\/\",\"name\":\"Stagnuje pr\u00ednos akad\u00e9mie? - Official Czech &amp; Slovak Everton Supporters&#039; Club\",\"isPartOf\":{\"@id\":\"https:\/\/evertonfc.cz\/#website\"},\"primaryImageOfPage\":{\"@id\":\"https:\/\/evertonfc.cz\/index.php\/2019\/10\/16\/stagnuje-prinos-akademie\/#primaryimage\"},\"image\":{\"@id\":\"https:\/\/evertonfc.cz\/index.php\/2019\/10\/16\/stagnuje-prinos-akademie\/#primaryimage\"},\"thumbnailUrl\":\"https:\/\/evertonfc.cz\/wp-content\/uploads\/2019\/10\/Finch-Farm-16-10-2019.jpg\",\"datePublished\":\"2019-10-16T21:22:06+00:00\",\"dateModified\":\"2020-04-27T11:51:39+00:00\",\"breadcrumb\":{\"@id\":\"https:\/\/evertonfc.cz\/index.php\/2019\/10\/16\/stagnuje-prinos-akademie\/#breadcrumb\"},\"inLanguage\":\"cs\",\"potentialAction\":[{\"@type\":\"ReadAction\",\"target\":[\"https:\/\/evertonfc.cz\/index.php\/2019\/10\/16\/stagnuje-prinos-akademie\/\"]}]},{\"@type\":\"ImageObject\",\"inLanguage\":\"cs\",\"@id\":\"https:\/\/evertonfc.cz\/index.php\/2019\/10\/16\/stagnuje-prinos-akademie\/#primaryimage\",\"url\":\"https:\/\/evertonfc.cz\/wp-content\/uploads\/2019\/10\/Finch-Farm-16-10-2019.jpg\",\"contentUrl\":\"https:\/\/evertonfc.cz\/wp-content\/uploads\/2019\/10\/Finch-Farm-16-10-2019.jpg\",\"width\":720,\"height\":405},{\"@type\":\"BreadcrumbList\",\"@id\":\"https:\/\/evertonfc.cz\/index.php\/2019\/10\/16\/stagnuje-prinos-akademie\/#breadcrumb\",\"itemListElement\":[{\"@type\":\"ListItem\",\"position\":1,\"name\":\"Home\",\"item\":\"https:\/\/evertonfc.cz\/\"},{\"@type\":\"ListItem\",\"position\":2,\"name\":\"Stagnuje pr\u00ednos akad\u00e9mie?\"}]},{\"@type\":\"WebSite\",\"@id\":\"https:\/\/evertonfc.cz\/#website\",\"url\":\"https:\/\/evertonfc.cz\/\",\"name\":\"Official Czech &amp; Slovak Everton Supporters&#039; Club\",\"description\":\"\",\"publisher\":{\"@id\":\"https:\/\/evertonfc.cz\/#organization\"},\"potentialAction\":[{\"@type\":\"SearchAction\",\"target\":{\"@type\":\"EntryPoint\",\"urlTemplate\":\"https:\/\/evertonfc.cz\/?s={search_term_string}\"},\"query-input\":{\"@type\":\"PropertyValueSpecification\",\"valueRequired\":true,\"valueName\":\"search_term_string\"}}],\"inLanguage\":\"cs\"},{\"@type\":\"Organization\",\"@id\":\"https:\/\/evertonfc.cz\/#organization\",\"name\":\"Official Czech & Slovak Everton Supporters' Club\",\"url\":\"https:\/\/evertonfc.cz\/\",\"logo\":{\"@type\":\"ImageObject\",\"inLanguage\":\"cs\",\"@id\":\"https:\/\/evertonfc.cz\/#\/schema\/logo\/image\/\",\"url\":\"https:\/\/evertonfc.cz\/wp-content\/uploads\/2019\/05\/logo.png\",\"contentUrl\":\"https:\/\/evertonfc.cz\/wp-content\/uploads\/2019\/05\/logo.png\",\"width\":112,\"height\":112,\"caption\":\"Official Czech & Slovak Everton Supporters' Club\"},\"image\":{\"@id\":\"https:\/\/evertonfc.cz\/#\/schema\/logo\/image\/\"},\"sameAs\":[\"https:\/\/www.facebook.com\/everton.fans.cz.sk\"]},{\"@type\":\"Person\",\"@id\":\"https:\/\/evertonfc.cz\/#\/schema\/person\/d4493b8cbea51532597fbc4685698916\",\"name\":\"BlueBlooded\",\"url\":\"https:\/\/evertonfc.cz\/index.php\/author\/admin\/\"}]}<\/script>\n<!-- \/ Yoast SEO plugin. -->","yoast_head_json":{"title":"Stagnuje pr\u00ednos akad\u00e9mie? - Official Czech &amp; Slovak Everton Supporters&#039; Club","robots":{"index":"index","follow":"follow","max-snippet":"max-snippet:-1","max-image-preview":"max-image-preview:large","max-video-preview":"max-video-preview:-1"},"canonical":"https:\/\/evertonfc.cz\/index.php\/2019\/10\/16\/stagnuje-prinos-akademie\/","og_locale":"cs_CZ","og_type":"article","og_title":"Stagnuje pr\u00ednos akad\u00e9mie? - Official Czech &amp; Slovak Everton Supporters&#039; Club","og_description":"Dovo\u013ete mi mal\u00e9, hoci nie kr\u00e1tke zamyslenie nad probl\u00e9mom, opant\u00e1vaj\u00facim nezrel\u00e9 z\u00e1klady, na ktor\u00fdch m\u00e1 by\u0165 kol\u00edska futbalu postaven\u00e1. Ml\u00e1de\u017e.","og_url":"https:\/\/evertonfc.cz\/index.php\/2019\/10\/16\/stagnuje-prinos-akademie\/","og_site_name":"Official Czech &amp; Slovak Everton Supporters&#039; Club","article_publisher":"https:\/\/www.facebook.com\/everton.fans.cz.sk","article_published_time":"2019-10-16T21:22:06+00:00","article_modified_time":"2020-04-27T11:51:39+00:00","og_image":[{"width":720,"height":405,"url":"https:\/\/evertonfc.cz\/wp-content\/uploads\/2019\/10\/Finch-Farm-16-10-2019.jpg","type":"image\/jpeg"}],"author":"BlueBlooded","twitter_card":"summary_large_image","twitter_misc":{"Napsal(a)":"BlueBlooded","Odhadovan\u00e1 doba \u010dten\u00ed":"9 minut"},"schema":{"@context":"https:\/\/schema.org","@graph":[{"@type":"Article","@id":"https:\/\/evertonfc.cz\/index.php\/2019\/10\/16\/stagnuje-prinos-akademie\/#article","isPartOf":{"@id":"https:\/\/evertonfc.cz\/index.php\/2019\/10\/16\/stagnuje-prinos-akademie\/"},"author":{"name":"BlueBlooded","@id":"https:\/\/evertonfc.cz\/#\/schema\/person\/d4493b8cbea51532597fbc4685698916"},"headline":"Stagnuje pr\u00ednos akad\u00e9mie?","datePublished":"2019-10-16T21:22:06+00:00","dateModified":"2020-04-27T11:51:39+00:00","mainEntityOfPage":{"@id":"https:\/\/evertonfc.cz\/index.php\/2019\/10\/16\/stagnuje-prinos-akademie\/"},"wordCount":1799,"commentCount":3,"publisher":{"@id":"https:\/\/evertonfc.cz\/#organization"},"image":{"@id":"https:\/\/evertonfc.cz\/index.php\/2019\/10\/16\/stagnuje-prinos-akademie\/#primaryimage"},"thumbnailUrl":"https:\/\/evertonfc.cz\/wp-content\/uploads\/2019\/10\/Finch-Farm-16-10-2019.jpg","articleSection":["Blog"],"inLanguage":"cs","potentialAction":[{"@type":"CommentAction","name":"Comment","target":["https:\/\/evertonfc.cz\/index.php\/2019\/10\/16\/stagnuje-prinos-akademie\/#respond"]}]},{"@type":"WebPage","@id":"https:\/\/evertonfc.cz\/index.php\/2019\/10\/16\/stagnuje-prinos-akademie\/","url":"https:\/\/evertonfc.cz\/index.php\/2019\/10\/16\/stagnuje-prinos-akademie\/","name":"Stagnuje pr\u00ednos akad\u00e9mie? - Official Czech &amp; Slovak Everton Supporters&#039; Club","isPartOf":{"@id":"https:\/\/evertonfc.cz\/#website"},"primaryImageOfPage":{"@id":"https:\/\/evertonfc.cz\/index.php\/2019\/10\/16\/stagnuje-prinos-akademie\/#primaryimage"},"image":{"@id":"https:\/\/evertonfc.cz\/index.php\/2019\/10\/16\/stagnuje-prinos-akademie\/#primaryimage"},"thumbnailUrl":"https:\/\/evertonfc.cz\/wp-content\/uploads\/2019\/10\/Finch-Farm-16-10-2019.jpg","datePublished":"2019-10-16T21:22:06+00:00","dateModified":"2020-04-27T11:51:39+00:00","breadcrumb":{"@id":"https:\/\/evertonfc.cz\/index.php\/2019\/10\/16\/stagnuje-prinos-akademie\/#breadcrumb"},"inLanguage":"cs","potentialAction":[{"@type":"ReadAction","target":["https:\/\/evertonfc.cz\/index.php\/2019\/10\/16\/stagnuje-prinos-akademie\/"]}]},{"@type":"ImageObject","inLanguage":"cs","@id":"https:\/\/evertonfc.cz\/index.php\/2019\/10\/16\/stagnuje-prinos-akademie\/#primaryimage","url":"https:\/\/evertonfc.cz\/wp-content\/uploads\/2019\/10\/Finch-Farm-16-10-2019.jpg","contentUrl":"https:\/\/evertonfc.cz\/wp-content\/uploads\/2019\/10\/Finch-Farm-16-10-2019.jpg","width":720,"height":405},{"@type":"BreadcrumbList","@id":"https:\/\/evertonfc.cz\/index.php\/2019\/10\/16\/stagnuje-prinos-akademie\/#breadcrumb","itemListElement":[{"@type":"ListItem","position":1,"name":"Home","item":"https:\/\/evertonfc.cz\/"},{"@type":"ListItem","position":2,"name":"Stagnuje pr\u00ednos akad\u00e9mie?"}]},{"@type":"WebSite","@id":"https:\/\/evertonfc.cz\/#website","url":"https:\/\/evertonfc.cz\/","name":"Official Czech &amp; Slovak Everton Supporters&#039; Club","description":"","publisher":{"@id":"https:\/\/evertonfc.cz\/#organization"},"potentialAction":[{"@type":"SearchAction","target":{"@type":"EntryPoint","urlTemplate":"https:\/\/evertonfc.cz\/?s={search_term_string}"},"query-input":{"@type":"PropertyValueSpecification","valueRequired":true,"valueName":"search_term_string"}}],"inLanguage":"cs"},{"@type":"Organization","@id":"https:\/\/evertonfc.cz\/#organization","name":"Official Czech & Slovak Everton Supporters' Club","url":"https:\/\/evertonfc.cz\/","logo":{"@type":"ImageObject","inLanguage":"cs","@id":"https:\/\/evertonfc.cz\/#\/schema\/logo\/image\/","url":"https:\/\/evertonfc.cz\/wp-content\/uploads\/2019\/05\/logo.png","contentUrl":"https:\/\/evertonfc.cz\/wp-content\/uploads\/2019\/05\/logo.png","width":112,"height":112,"caption":"Official Czech & Slovak Everton Supporters' Club"},"image":{"@id":"https:\/\/evertonfc.cz\/#\/schema\/logo\/image\/"},"sameAs":["https:\/\/www.facebook.com\/everton.fans.cz.sk"]},{"@type":"Person","@id":"https:\/\/evertonfc.cz\/#\/schema\/person\/d4493b8cbea51532597fbc4685698916","name":"BlueBlooded","url":"https:\/\/evertonfc.cz\/index.php\/author\/admin\/"}]}},"_links":{"self":[{"href":"https:\/\/evertonfc.cz\/index.php\/wp-json\/wp\/v2\/posts\/9498"}],"collection":[{"href":"https:\/\/evertonfc.cz\/index.php\/wp-json\/wp\/v2\/posts"}],"about":[{"href":"https:\/\/evertonfc.cz\/index.php\/wp-json\/wp\/v2\/types\/post"}],"author":[{"embeddable":true,"href":"https:\/\/evertonfc.cz\/index.php\/wp-json\/wp\/v2\/users\/1"}],"replies":[{"embeddable":true,"href":"https:\/\/evertonfc.cz\/index.php\/wp-json\/wp\/v2\/comments?post=9498"}],"version-history":[{"count":9,"href":"https:\/\/evertonfc.cz\/index.php\/wp-json\/wp\/v2\/posts\/9498\/revisions"}],"predecessor-version":[{"id":10902,"href":"https:\/\/evertonfc.cz\/index.php\/wp-json\/wp\/v2\/posts\/9498\/revisions\/10902"}],"wp:featuredmedia":[{"embeddable":true,"href":"https:\/\/evertonfc.cz\/index.php\/wp-json\/wp\/v2\/media\/9499"}],"wp:attachment":[{"href":"https:\/\/evertonfc.cz\/index.php\/wp-json\/wp\/v2\/media?parent=9498"}],"wp:term":[{"taxonomy":"category","embeddable":true,"href":"https:\/\/evertonfc.cz\/index.php\/wp-json\/wp\/v2\/categories?post=9498"},{"taxonomy":"post_tag","embeddable":true,"href":"https:\/\/evertonfc.cz\/index.php\/wp-json\/wp\/v2\/tags?post=9498"}],"curies":[{"name":"wp","href":"https:\/\/api.w.org\/{rel}","templated":true}]}}