{"id":9508,"date":"2019-10-18T19:00:58","date_gmt":"2019-10-18T17:00:58","guid":{"rendered":"https:\/\/evertonfc.cz\/?p=9508"},"modified":"2021-05-09T09:14:59","modified_gmt":"2021-05-09T07:14:59","slug":"preview-everton-west-ham","status":"publish","type":"post","link":"https:\/\/evertonfc.cz\/index.php\/2019\/10\/18\/preview-everton-west-ham\/","title":{"rendered":"Preview: Everton &#8211; West Ham"},"content":{"rendered":"<h4>Po reprezenta\u010dn\u00ed p\u0159est\u00e1vce se vrac\u00ed liga. A pokud se nevyhraje, tak dost mo\u017en\u00e1 i Chmurn\u00fd \u017enec.<\/h4>\n<p>8 z\u00e1pas\u016f, 7 bod\u016f, 6 vst\u0159elen\u00fdch branek a 4 ligov\u00e9 prohry v \u0159ad\u011b. Bilance portugalsk\u00e9 odpov\u011bdi na Colina Farrella je vskutku tristn\u00ed, a tak se nen\u00ed co divit, \u017ee se fandov\u00e9 p\u0159edh\u00e1n\u011bj\u00ed v tipech na den jeho vyhazovu. N\u011bkte\u0159\u00ed mu d\u00e1vaj\u00ed t\u0159i z\u00e1pasy, jin\u00ed mluv\u00ed o tom, \u017ee p\u0159\u00edpadn\u00e1 z\u00edt\u0159ej\u0161\u00ed nev\u00fdhra bude jeho posledn\u00ed ve funkci. A\u0165 tak \u010di onak, Everton \u010dek\u00e1 z\u00e1pas, kter\u00fd mus\u00ed vyhr\u00e1t. Moment\u00e1ln\u011b by toti\u017e sestupoval.<\/p>\n<p>A do tohoto marasmu p\u0159ij\u00ed\u017ed\u00ed West Ham. Kladiv\u00e1\u0159i jsou celkem v klidu, se dvan\u00e1cti body se vyh\u0159\u00edvaj\u00ed na osm\u00e9 p\u0159\u00ed\u010dce. Ji\u017e v t\u00e9to sez\u00f3n\u011b z\u00edskali skalp Manchesteru United a rozhodn\u011b si brous\u00ed zuby na dovoz v\u0161ech t\u0159\u00ed bod\u016f na Olympijsk\u00fd stadion. Nav\u00edc se vrac\u00ed ji\u017e uzdraven\u00fd Declan Rice. K dispozici jsou i Cresswell a Snodgrass. Jedin\u00fdmi absent\u00e9ry tak z\u016fst\u00e1vaj\u00ed Michael Antonio, Lukasz Fabianski (oba stehno) a novoz\u00e9landsk\u00fd stoper Winston Reid (koleno).<\/p>\n<p>Trest za vylou\u010den\u00ed v minul\u00e9m z\u00e1pase si bude odpyk\u00e1vat Seamus Coleman, kter\u00e9ho nahrad\u00ed Djibril Sidib\u00e9. S drobn\u00fdm zran\u011bn\u00edm t\u0159\u00edsla se vr\u00e1til z reprezenta\u010dn\u00ed p\u0159est\u00e1vky Cenk Tosun, o nasazen\u00ed Delpha se rozhodne p\u0159ed z\u00e1pasem. Pokud by nemohl hr\u00e1t, tak se nejsp\u00ed\u0161e Marco Silva rozhodne d\u00e1t d\u016fv\u011bru dvojici Schneiderlin-Gomes. Z\u00e1hadn\u00e9 ignorov\u00e1n\u00ed Daviese by tak pokra\u010dovalo.<\/p>\n<p>Sestava? Brank\u00e1\u0159 a obrana jsou jasn\u00ed, mohl by nastoupit Iwobi na pozici podhrota m\u00edsto Sigurdssona. Jin\u00e9 zm\u011bny ne\u010dek\u00e1m (DCL a Bernard v z\u00e1kladu).<\/p>\n<p><strong>Co:\u00a0<\/strong>Everton FC &#8211; West Ham United FC, 9. kolo Premier League<br \/>\n<strong>Kdy:\u00a0<\/strong>19. 10. 2019 od 13:30<br \/>\n<strong>TV:\u00a0<\/strong>P\u0159\u00edm\u00fd p\u0159enos na stanici Premier Sport<br \/>\n<strong>Kde:\u00a0<\/strong>Goodison Park, Liverpool<br \/>\n<strong>Rozhod\u010d\u00ed: <\/strong>David Coote &#8211; Stuart Burt, Nicholas Hopton<strong> \u010ctvrt\u00fd rozhod\u010d\u00ed: <\/strong>Geoff Eltringham<br \/>\n<strong>Videorozhod\u010d\u00ed: <\/strong>Martin Atkinson<strong>\u00a0Asistent<\/strong> <strong>videorozhod\u010d\u00edho<\/strong>: Constantine Hatzidakis<\/p>\n","protected":false},"excerpt":{"rendered":"<p>Po reprezenta\u010dn\u00ed p\u0159est\u00e1vce se vrac\u00ed liga. A pokud se nevyhraje, tak dost mo\u017en\u00e1 i Chmurn\u00fd \u017enec.<\/p>\n","protected":false},"author":12,"featured_media":13403,"comment_status":"open","ping_status":"closed","sticky":false,"template":"","format":"standard","meta":{"_eb_attr":"","_monsterinsights_skip_tracking":false,"_monsterinsights_sitenote_active":false,"_monsterinsights_sitenote_note":"","_monsterinsights_sitenote_category":0,"footnotes":""},"categories":[4],"tags":[],"yoast_head":"<!-- This site is optimized with the Yoast SEO plugin v23.4 - https:\/\/yoast.com\/wordpress\/plugins\/seo\/ -->\n<title>Preview: Everton - West Ham - Official Czech &amp; Slovak Everton Supporters&#039; Club<\/title>\n<meta name=\"robots\" content=\"index, follow, max-snippet:-1, max-image-preview:large, max-video-preview:-1\" \/>\n<link rel=\"canonical\" href=\"https:\/\/evertonfc.cz\/index.php\/2019\/10\/18\/preview-everton-west-ham\/\" \/>\n<meta property=\"og:locale\" content=\"cs_CZ\" \/>\n<meta property=\"og:type\" content=\"article\" \/>\n<meta property=\"og:title\" content=\"Preview: Everton - West Ham - Official Czech &amp; Slovak Everton Supporters&#039; Club\" \/>\n<meta property=\"og:description\" content=\"Po reprezenta\u010dn\u00ed p\u0159est\u00e1vce se vrac\u00ed liga. A pokud se nevyhraje, tak dost mo\u017en\u00e1 i Chmurn\u00fd \u017enec.\" \/>\n<meta property=\"og:url\" content=\"https:\/\/evertonfc.cz\/index.php\/2019\/10\/18\/preview-everton-west-ham\/\" \/>\n<meta property=\"og:site_name\" content=\"Official Czech &amp; Slovak Everton Supporters&#039; Club\" \/>\n<meta property=\"article:publisher\" content=\"https:\/\/www.facebook.com\/everton.fans.cz.sk\" \/>\n<meta property=\"article:published_time\" content=\"2019-10-18T17:00:58+00:00\" \/>\n<meta property=\"article:modified_time\" content=\"2021-05-09T07:14:59+00:00\" \/>\n<meta property=\"og:image\" content=\"https:\/\/evertonfc.cz\/wp-content\/uploads\/2021\/01\/Everton-VS-West-Ham.jpg\" \/>\n\t<meta property=\"og:image:width\" content=\"720\" \/>\n\t<meta property=\"og:image:height\" content=\"405\" \/>\n\t<meta property=\"og:image:type\" content=\"image\/jpeg\" \/>\n<meta name=\"author\" content=\"Javor\" \/>\n<meta name=\"twitter:card\" content=\"summary_large_image\" \/>\n<meta name=\"twitter:creator\" content=\"@LoudinJan\" \/>\n<meta name=\"twitter:label1\" content=\"Napsal(a)\" \/>\n\t<meta name=\"twitter:data1\" content=\"Javor\" \/>\n\t<meta name=\"twitter:label2\" content=\"Odhadovan\u00e1 doba \u010dten\u00ed\" \/>\n\t<meta name=\"twitter:data2\" content=\"2 minuty\" \/>\n<script type=\"application\/ld+json\" class=\"yoast-schema-graph\">{\"@context\":\"https:\/\/schema.org\",\"@graph\":[{\"@type\":\"Article\",\"@id\":\"https:\/\/evertonfc.cz\/index.php\/2019\/10\/18\/preview-everton-west-ham\/#article\",\"isPartOf\":{\"@id\":\"https:\/\/evertonfc.cz\/index.php\/2019\/10\/18\/preview-everton-west-ham\/\"},\"author\":{\"name\":\"Javor\",\"@id\":\"https:\/\/evertonfc.cz\/#\/schema\/person\/b30daf6a5852f4811f8207a17ec1bf78\"},\"headline\":\"Preview: Everton &#8211; West Ham\",\"datePublished\":\"2019-10-18T17:00:58+00:00\",\"dateModified\":\"2021-05-09T07:14:59+00:00\",\"mainEntityOfPage\":{\"@id\":\"https:\/\/evertonfc.cz\/index.php\/2019\/10\/18\/preview-everton-west-ham\/\"},\"wordCount\":346,\"commentCount\":0,\"publisher\":{\"@id\":\"https:\/\/evertonfc.cz\/#organization\"},\"image\":{\"@id\":\"https:\/\/evertonfc.cz\/index.php\/2019\/10\/18\/preview-everton-west-ham\/#primaryimage\"},\"thumbnailUrl\":\"https:\/\/evertonfc.cz\/wp-content\/uploads\/2021\/01\/Everton-VS-West-Ham.jpg\",\"articleSection\":[\"Z\u00e1pasy\"],\"inLanguage\":\"cs\",\"potentialAction\":[{\"@type\":\"CommentAction\",\"name\":\"Comment\",\"target\":[\"https:\/\/evertonfc.cz\/index.php\/2019\/10\/18\/preview-everton-west-ham\/#respond\"]}]},{\"@type\":\"WebPage\",\"@id\":\"https:\/\/evertonfc.cz\/index.php\/2019\/10\/18\/preview-everton-west-ham\/\",\"url\":\"https:\/\/evertonfc.cz\/index.php\/2019\/10\/18\/preview-everton-west-ham\/\",\"name\":\"Preview: Everton - West Ham - Official Czech &amp; Slovak Everton Supporters&#039; Club\",\"isPartOf\":{\"@id\":\"https:\/\/evertonfc.cz\/#website\"},\"primaryImageOfPage\":{\"@id\":\"https:\/\/evertonfc.cz\/index.php\/2019\/10\/18\/preview-everton-west-ham\/#primaryimage\"},\"image\":{\"@id\":\"https:\/\/evertonfc.cz\/index.php\/2019\/10\/18\/preview-everton-west-ham\/#primaryimage\"},\"thumbnailUrl\":\"https:\/\/evertonfc.cz\/wp-content\/uploads\/2021\/01\/Everton-VS-West-Ham.jpg\",\"datePublished\":\"2019-10-18T17:00:58+00:00\",\"dateModified\":\"2021-05-09T07:14:59+00:00\",\"breadcrumb\":{\"@id\":\"https:\/\/evertonfc.cz\/index.php\/2019\/10\/18\/preview-everton-west-ham\/#breadcrumb\"},\"inLanguage\":\"cs\",\"potentialAction\":[{\"@type\":\"ReadAction\",\"target\":[\"https:\/\/evertonfc.cz\/index.php\/2019\/10\/18\/preview-everton-west-ham\/\"]}]},{\"@type\":\"ImageObject\",\"inLanguage\":\"cs\",\"@id\":\"https:\/\/evertonfc.cz\/index.php\/2019\/10\/18\/preview-everton-west-ham\/#primaryimage\",\"url\":\"https:\/\/evertonfc.cz\/wp-content\/uploads\/2021\/01\/Everton-VS-West-Ham.jpg\",\"contentUrl\":\"https:\/\/evertonfc.cz\/wp-content\/uploads\/2021\/01\/Everton-VS-West-Ham.jpg\",\"width\":720,\"height\":405},{\"@type\":\"BreadcrumbList\",\"@id\":\"https:\/\/evertonfc.cz\/index.php\/2019\/10\/18\/preview-everton-west-ham\/#breadcrumb\",\"itemListElement\":[{\"@type\":\"ListItem\",\"position\":1,\"name\":\"Home\",\"item\":\"https:\/\/evertonfc.cz\/\"},{\"@type\":\"ListItem\",\"position\":2,\"name\":\"Preview: Everton &#8211; West Ham\"}]},{\"@type\":\"WebSite\",\"@id\":\"https:\/\/evertonfc.cz\/#website\",\"url\":\"https:\/\/evertonfc.cz\/\",\"name\":\"Official Czech &amp; Slovak Everton Supporters&#039; Club\",\"description\":\"\",\"publisher\":{\"@id\":\"https:\/\/evertonfc.cz\/#organization\"},\"potentialAction\":[{\"@type\":\"SearchAction\",\"target\":{\"@type\":\"EntryPoint\",\"urlTemplate\":\"https:\/\/evertonfc.cz\/?s={search_term_string}\"},\"query-input\":{\"@type\":\"PropertyValueSpecification\",\"valueRequired\":true,\"valueName\":\"search_term_string\"}}],\"inLanguage\":\"cs\"},{\"@type\":\"Organization\",\"@id\":\"https:\/\/evertonfc.cz\/#organization\",\"name\":\"Official Czech & Slovak Everton Supporters' Club\",\"url\":\"https:\/\/evertonfc.cz\/\",\"logo\":{\"@type\":\"ImageObject\",\"inLanguage\":\"cs\",\"@id\":\"https:\/\/evertonfc.cz\/#\/schema\/logo\/image\/\",\"url\":\"https:\/\/evertonfc.cz\/wp-content\/uploads\/2019\/05\/logo.png\",\"contentUrl\":\"https:\/\/evertonfc.cz\/wp-content\/uploads\/2019\/05\/logo.png\",\"width\":112,\"height\":112,\"caption\":\"Official Czech & Slovak Everton Supporters' Club\"},\"image\":{\"@id\":\"https:\/\/evertonfc.cz\/#\/schema\/logo\/image\/\"},\"sameAs\":[\"https:\/\/www.facebook.com\/everton.fans.cz.sk\"]},{\"@type\":\"Person\",\"@id\":\"https:\/\/evertonfc.cz\/#\/schema\/person\/b30daf6a5852f4811f8207a17ec1bf78\",\"name\":\"Javor\",\"sameAs\":[\"https:\/\/x.com\/LoudinJan\"],\"url\":\"https:\/\/evertonfc.cz\/index.php\/author\/javor\/\"}]}<\/script>\n<!-- \/ Yoast SEO plugin. -->","yoast_head_json":{"title":"Preview: Everton - West Ham - Official Czech &amp; Slovak Everton Supporters&#039; Club","robots":{"index":"index","follow":"follow","max-snippet":"max-snippet:-1","max-image-preview":"max-image-preview:large","max-video-preview":"max-video-preview:-1"},"canonical":"https:\/\/evertonfc.cz\/index.php\/2019\/10\/18\/preview-everton-west-ham\/","og_locale":"cs_CZ","og_type":"article","og_title":"Preview: Everton - West Ham - Official Czech &amp; Slovak Everton Supporters&#039; Club","og_description":"Po reprezenta\u010dn\u00ed p\u0159est\u00e1vce se vrac\u00ed liga. A pokud se nevyhraje, tak dost mo\u017en\u00e1 i Chmurn\u00fd \u017enec.","og_url":"https:\/\/evertonfc.cz\/index.php\/2019\/10\/18\/preview-everton-west-ham\/","og_site_name":"Official Czech &amp; Slovak Everton Supporters&#039; Club","article_publisher":"https:\/\/www.facebook.com\/everton.fans.cz.sk","article_published_time":"2019-10-18T17:00:58+00:00","article_modified_time":"2021-05-09T07:14:59+00:00","og_image":[{"width":720,"height":405,"url":"https:\/\/evertonfc.cz\/wp-content\/uploads\/2021\/01\/Everton-VS-West-Ham.jpg","type":"image\/jpeg"}],"author":"Javor","twitter_card":"summary_large_image","twitter_creator":"@LoudinJan","twitter_misc":{"Napsal(a)":"Javor","Odhadovan\u00e1 doba \u010dten\u00ed":"2 minuty"},"schema":{"@context":"https:\/\/schema.org","@graph":[{"@type":"Article","@id":"https:\/\/evertonfc.cz\/index.php\/2019\/10\/18\/preview-everton-west-ham\/#article","isPartOf":{"@id":"https:\/\/evertonfc.cz\/index.php\/2019\/10\/18\/preview-everton-west-ham\/"},"author":{"name":"Javor","@id":"https:\/\/evertonfc.cz\/#\/schema\/person\/b30daf6a5852f4811f8207a17ec1bf78"},"headline":"Preview: Everton &#8211; West Ham","datePublished":"2019-10-18T17:00:58+00:00","dateModified":"2021-05-09T07:14:59+00:00","mainEntityOfPage":{"@id":"https:\/\/evertonfc.cz\/index.php\/2019\/10\/18\/preview-everton-west-ham\/"},"wordCount":346,"commentCount":0,"publisher":{"@id":"https:\/\/evertonfc.cz\/#organization"},"image":{"@id":"https:\/\/evertonfc.cz\/index.php\/2019\/10\/18\/preview-everton-west-ham\/#primaryimage"},"thumbnailUrl":"https:\/\/evertonfc.cz\/wp-content\/uploads\/2021\/01\/Everton-VS-West-Ham.jpg","articleSection":["Z\u00e1pasy"],"inLanguage":"cs","potentialAction":[{"@type":"CommentAction","name":"Comment","target":["https:\/\/evertonfc.cz\/index.php\/2019\/10\/18\/preview-everton-west-ham\/#respond"]}]},{"@type":"WebPage","@id":"https:\/\/evertonfc.cz\/index.php\/2019\/10\/18\/preview-everton-west-ham\/","url":"https:\/\/evertonfc.cz\/index.php\/2019\/10\/18\/preview-everton-west-ham\/","name":"Preview: Everton - West Ham - Official Czech &amp; Slovak Everton Supporters&#039; Club","isPartOf":{"@id":"https:\/\/evertonfc.cz\/#website"},"primaryImageOfPage":{"@id":"https:\/\/evertonfc.cz\/index.php\/2019\/10\/18\/preview-everton-west-ham\/#primaryimage"},"image":{"@id":"https:\/\/evertonfc.cz\/index.php\/2019\/10\/18\/preview-everton-west-ham\/#primaryimage"},"thumbnailUrl":"https:\/\/evertonfc.cz\/wp-content\/uploads\/2021\/01\/Everton-VS-West-Ham.jpg","datePublished":"2019-10-18T17:00:58+00:00","dateModified":"2021-05-09T07:14:59+00:00","breadcrumb":{"@id":"https:\/\/evertonfc.cz\/index.php\/2019\/10\/18\/preview-everton-west-ham\/#breadcrumb"},"inLanguage":"cs","potentialAction":[{"@type":"ReadAction","target":["https:\/\/evertonfc.cz\/index.php\/2019\/10\/18\/preview-everton-west-ham\/"]}]},{"@type":"ImageObject","inLanguage":"cs","@id":"https:\/\/evertonfc.cz\/index.php\/2019\/10\/18\/preview-everton-west-ham\/#primaryimage","url":"https:\/\/evertonfc.cz\/wp-content\/uploads\/2021\/01\/Everton-VS-West-Ham.jpg","contentUrl":"https:\/\/evertonfc.cz\/wp-content\/uploads\/2021\/01\/Everton-VS-West-Ham.jpg","width":720,"height":405},{"@type":"BreadcrumbList","@id":"https:\/\/evertonfc.cz\/index.php\/2019\/10\/18\/preview-everton-west-ham\/#breadcrumb","itemListElement":[{"@type":"ListItem","position":1,"name":"Home","item":"https:\/\/evertonfc.cz\/"},{"@type":"ListItem","position":2,"name":"Preview: Everton &#8211; West Ham"}]},{"@type":"WebSite","@id":"https:\/\/evertonfc.cz\/#website","url":"https:\/\/evertonfc.cz\/","name":"Official Czech &amp; Slovak Everton Supporters&#039; Club","description":"","publisher":{"@id":"https:\/\/evertonfc.cz\/#organization"},"potentialAction":[{"@type":"SearchAction","target":{"@type":"EntryPoint","urlTemplate":"https:\/\/evertonfc.cz\/?s={search_term_string}"},"query-input":{"@type":"PropertyValueSpecification","valueRequired":true,"valueName":"search_term_string"}}],"inLanguage":"cs"},{"@type":"Organization","@id":"https:\/\/evertonfc.cz\/#organization","name":"Official Czech & Slovak Everton Supporters' Club","url":"https:\/\/evertonfc.cz\/","logo":{"@type":"ImageObject","inLanguage":"cs","@id":"https:\/\/evertonfc.cz\/#\/schema\/logo\/image\/","url":"https:\/\/evertonfc.cz\/wp-content\/uploads\/2019\/05\/logo.png","contentUrl":"https:\/\/evertonfc.cz\/wp-content\/uploads\/2019\/05\/logo.png","width":112,"height":112,"caption":"Official Czech & Slovak Everton Supporters' Club"},"image":{"@id":"https:\/\/evertonfc.cz\/#\/schema\/logo\/image\/"},"sameAs":["https:\/\/www.facebook.com\/everton.fans.cz.sk"]},{"@type":"Person","@id":"https:\/\/evertonfc.cz\/#\/schema\/person\/b30daf6a5852f4811f8207a17ec1bf78","name":"Javor","sameAs":["https:\/\/x.com\/LoudinJan"],"url":"https:\/\/evertonfc.cz\/index.php\/author\/javor\/"}]}},"_links":{"self":[{"href":"https:\/\/evertonfc.cz\/index.php\/wp-json\/wp\/v2\/posts\/9508"}],"collection":[{"href":"https:\/\/evertonfc.cz\/index.php\/wp-json\/wp\/v2\/posts"}],"about":[{"href":"https:\/\/evertonfc.cz\/index.php\/wp-json\/wp\/v2\/types\/post"}],"author":[{"embeddable":true,"href":"https:\/\/evertonfc.cz\/index.php\/wp-json\/wp\/v2\/users\/12"}],"replies":[{"embeddable":true,"href":"https:\/\/evertonfc.cz\/index.php\/wp-json\/wp\/v2\/comments?post=9508"}],"version-history":[{"count":4,"href":"https:\/\/evertonfc.cz\/index.php\/wp-json\/wp\/v2\/posts\/9508\/revisions"}],"predecessor-version":[{"id":13404,"href":"https:\/\/evertonfc.cz\/index.php\/wp-json\/wp\/v2\/posts\/9508\/revisions\/13404"}],"wp:featuredmedia":[{"embeddable":true,"href":"https:\/\/evertonfc.cz\/index.php\/wp-json\/wp\/v2\/media\/13403"}],"wp:attachment":[{"href":"https:\/\/evertonfc.cz\/index.php\/wp-json\/wp\/v2\/media?parent=9508"}],"wp:term":[{"taxonomy":"category","embeddable":true,"href":"https:\/\/evertonfc.cz\/index.php\/wp-json\/wp\/v2\/categories?post=9508"},{"taxonomy":"post_tag","embeddable":true,"href":"https:\/\/evertonfc.cz\/index.php\/wp-json\/wp\/v2\/tags?post=9508"}],"curies":[{"name":"wp","href":"https:\/\/api.w.org\/{rel}","templated":true}]}}