{"id":9522,"date":"2019-10-26T09:12:54","date_gmt":"2019-10-26T07:12:54","guid":{"rendered":"https:\/\/evertonfc.cz\/?p=9522"},"modified":"2021-04-19T14:25:49","modified_gmt":"2021-04-19T12:25:49","slug":"preview-brighton-everton","status":"publish","type":"post","link":"https:\/\/evertonfc.cz\/index.php\/2019\/10\/26\/preview-brighton-everton\/","title":{"rendered":"Preview: Brighton &#038; Hove Albion &#8211; Everton"},"content":{"rendered":"<h4>West Ham byl p\u0159ejet a v\u00fdsledek neodpov\u00edd\u00e1 kone\u010dn\u00e9mu sk\u00f3re. Z\u00e1blesk nebo odraz ode dna?<\/h4>\n<p>Je to tak. Minul\u00e9 utk\u00e1n\u00ed se hodn\u011b povedlo. Nyn\u00ed se \u010dek\u00e1 na to, jak bude vypadat pokra\u010dov\u00e1n\u00ed. Zvl\u00e1\u0161\u0165, kdy\u017e t\u00fdm, kter\u00fd hraje v obl\u00edben\u00e9 vesnici Vojt\u011bcha Filipa, zrovna nez\u00e1\u0159\u00ed. Ono je v\u016fbec zaj\u00edmav\u00e9, \u017ee t\u0159i stovky obyvatel maj\u00ed na sv\u00e9m katastru stadion s kapacitou necel\u00fdch 31 000. Ale zp\u011bt k dom\u00e1c\u00edm. Moment\u00e1ln\u011b se Seagulls, tedy Racci, jak se t\u00fdmu p\u0159ezd\u00edv\u00e1, nach\u00e1zej\u00ed dokonce je\u0161t\u011b pod Evertonem.<\/p>\n<p>Bilanci maj\u00ed p\u011bkn\u011b symetrickou &#8211; 9 bod\u016f z 9 z\u00e1pas\u016f a 16. m\u00edsto, bod od prvn\u00ed sestupov\u00e9 pozice, kterou moment\u00e1ln\u011b dr\u017e\u00ed Southampton (jeho v\u010derej\u0161\u00ed z\u00e1pas proti Leicesteru byl unik\u00e1tn\u00ed, n\u011bco si o n\u011bm zjist\u011bte). Imperativ je tedy jasn\u00fd pro oba t\u00fdmy &#8211; v\u00fdhra. V posledn\u00edch p\u011bti z\u00e1pasech dom\u00e1c\u00ed posb\u00edrali p\u011bt bod\u016f, p\u0159i\u010dem\u017e jedinou v\u00fdhru zaznamenali doma nad Tottenhamem. A chyb\u011bt jim budou t\u0159i hr\u00e1\u010di. Bernardo a Izquierdo nenastoup\u00ed kv\u016fli zran\u011bn\u00fdm kolen\u016fm, Mooy si odpyk\u00e1v\u00e1 jednoz\u00e1pasov\u00fd trest za \u010dervenou kartu.<\/p>\n<p>Zran\u011bn\u00ed kolene z konce z\u00e1pasu proti West Hamu limitovalo cel\u00fd t\u00fdden Minu. To je \u0161koda p\u0159edev\u0161\u00edm p\u0159i roz\u00edch, v posledn\u00ed dob\u011b n\u011bkolikr\u00e1t velmi slu\u0161n\u011b po nich hlavi\u010dkoval (a jen rozhod\u010d\u00ed v\u00ed, pro\u010d jeho g\u00f3l v minul\u00e9m utk\u00e1n\u00ed neplatil). Pokud by nemohl hr\u00e1t, tak by jeho m\u00edsto zaujal Holgate. (\u010clov\u011bka man\u011b napadne, \u017ee by se p\u0159i odchodech Zoumy a Jagielky ten stoper Brightonu, b\u00fdval\u00fd Evertonian, hodil. U\u017e jen v r\u00e1mci rotace.)<\/p>\n<p>A samoz\u0159ejm\u011b se na sv\u00e9 obvykl\u00e9 m\u00edsto prav\u00e9ho obr\u00e1nce vrac\u00ed po trestu Coleman. Probl\u00e9mem pro fandy je, \u017ee se vrac\u00ed Delph a p\u0159edev\u0161\u00edm Schneiderlin. Osobn\u011b bych je oba nechal na lavi\u010dce, na hru dvojice Davies-Gomes se dalo d\u00edvat, ale Silva je sv\u00fdm preferov\u00e1n\u00edm Schneiderlina zn\u00e1m\u00fd. Hodn\u011b o n\u011bm \u0159ekne, zda nech\u00e1 Portugalce s Angli\u010danem v z\u00e1kladu. A dlouhodob\u00fdm absent\u00e9rem z\u016fst\u00e1v\u00e1 Gbamin.<\/p>\n<p>T\u00e9\u017e vypadala l\u00e9pe \u00fato\u010dn\u00e1 f\u00e1ze s Iwobim na podhrotu. Ten sice nem\u00e1 re\u017eis\u00e9rsk\u00e9 schopnosti a kopac\u00ed techniku Sigurdssona, ale jeho kombinace s k\u0159\u00eddly Bernardem, Walcottem a hro\u0165\u00e1kem Richarlisonem vypadaly l\u00e9pe. Islan\u010fan ale zase p\u011bkn\u011b vs\u00edtil&#8230; Nicm\u00e9n\u011b sestava, kterou bych r\u00e1d vid\u011bl, vypad\u00e1 takto: Pickford &#8211; Coleman, Keane, Holgate, Digne &#8211; Gomes, Davies &#8211; Bernard, Iwobi, Walcott &#8211; Richarlison.<\/p>\n<p><strong>Co:\u00a0<\/strong>Brighton &amp; Hove Albion F. C. &#8211; Everton FC<br \/>\n<strong>Kdy:\u00a0<\/strong>26. 10. 2019 od 16:00<br \/>\n<strong>TV:\u00a0<\/strong>Ne, ani z\u00e1znam<br \/>\n<strong>Kde:\u00a0<\/strong>Falmer Stadium, Falmer<br \/>\n<strong>Rozhod\u010d\u00ed: <\/strong>Andy Madley &#8211; Eddie Smart, Derek Eaton\u00a0<strong>\u010ctvrt\u00fd rozhod\u010d\u00ed:<\/strong> Stuart Attwell<br \/>\n<strong>Videorozhod\u010d\u00ed: <\/strong>Lee Mason\u00a0<strong>Asistent videorozhod\u010d\u00edho: <\/strong>Mark Scholes<\/p>\n","protected":false},"excerpt":{"rendered":"<p>West Ham byl p\u0159ejet a v\u00fdsledek neodpov\u00edd\u00e1 kone\u010dn\u00e9mu sk\u00f3re. Z\u00e1blesk nebo odraz ode dna? <\/p>\n","protected":false},"author":12,"featured_media":14932,"comment_status":"open","ping_status":"closed","sticky":false,"template":"","format":"standard","meta":{"_eb_attr":"","_monsterinsights_skip_tracking":false,"_monsterinsights_sitenote_active":false,"_monsterinsights_sitenote_note":"","_monsterinsights_sitenote_category":0,"footnotes":""},"categories":[4],"tags":[],"yoast_head":"<!-- This site is optimized with the Yoast SEO plugin v23.4 - https:\/\/yoast.com\/wordpress\/plugins\/seo\/ -->\n<title>Preview: Brighton &amp; Hove Albion - Everton - Official Czech &amp; Slovak Everton Supporters&#039; Club<\/title>\n<meta name=\"robots\" content=\"index, follow, max-snippet:-1, max-image-preview:large, max-video-preview:-1\" \/>\n<link rel=\"canonical\" href=\"https:\/\/evertonfc.cz\/index.php\/2019\/10\/26\/preview-brighton-everton\/\" \/>\n<meta property=\"og:locale\" content=\"cs_CZ\" \/>\n<meta property=\"og:type\" content=\"article\" \/>\n<meta property=\"og:title\" content=\"Preview: Brighton &amp; Hove Albion - Everton - Official Czech &amp; Slovak Everton Supporters&#039; Club\" \/>\n<meta property=\"og:description\" content=\"West Ham byl p\u0159ejet a v\u00fdsledek neodpov\u00edd\u00e1 kone\u010dn\u00e9mu sk\u00f3re. Z\u00e1blesk nebo odraz ode dna?\" \/>\n<meta property=\"og:url\" content=\"https:\/\/evertonfc.cz\/index.php\/2019\/10\/26\/preview-brighton-everton\/\" \/>\n<meta property=\"og:site_name\" content=\"Official Czech &amp; Slovak Everton Supporters&#039; Club\" \/>\n<meta property=\"article:publisher\" content=\"https:\/\/www.facebook.com\/everton.fans.cz.sk\" \/>\n<meta property=\"article:published_time\" content=\"2019-10-26T07:12:54+00:00\" \/>\n<meta property=\"article:modified_time\" content=\"2021-04-19T12:25:49+00:00\" \/>\n<meta property=\"og:image\" content=\"https:\/\/evertonfc.cz\/wp-content\/uploads\/2021\/04\/Brighton-and-Hove-Albion-VS-Everton.jpg\" \/>\n\t<meta property=\"og:image:width\" content=\"720\" \/>\n\t<meta property=\"og:image:height\" content=\"405\" \/>\n\t<meta property=\"og:image:type\" content=\"image\/jpeg\" \/>\n<meta name=\"author\" content=\"Javor\" \/>\n<meta name=\"twitter:card\" content=\"summary_large_image\" \/>\n<meta name=\"twitter:creator\" content=\"@LoudinJan\" \/>\n<meta name=\"twitter:label1\" content=\"Napsal(a)\" \/>\n\t<meta name=\"twitter:data1\" content=\"Javor\" \/>\n\t<meta name=\"twitter:label2\" content=\"Odhadovan\u00e1 doba \u010dten\u00ed\" \/>\n\t<meta name=\"twitter:data2\" content=\"2 minuty\" \/>\n<script type=\"application\/ld+json\" class=\"yoast-schema-graph\">{\"@context\":\"https:\/\/schema.org\",\"@graph\":[{\"@type\":\"Article\",\"@id\":\"https:\/\/evertonfc.cz\/index.php\/2019\/10\/26\/preview-brighton-everton\/#article\",\"isPartOf\":{\"@id\":\"https:\/\/evertonfc.cz\/index.php\/2019\/10\/26\/preview-brighton-everton\/\"},\"author\":{\"name\":\"Javor\",\"@id\":\"https:\/\/evertonfc.cz\/#\/schema\/person\/b30daf6a5852f4811f8207a17ec1bf78\"},\"headline\":\"Preview: Brighton &#038; Hove Albion &#8211; Everton\",\"datePublished\":\"2019-10-26T07:12:54+00:00\",\"dateModified\":\"2021-04-19T12:25:49+00:00\",\"mainEntityOfPage\":{\"@id\":\"https:\/\/evertonfc.cz\/index.php\/2019\/10\/26\/preview-brighton-everton\/\"},\"wordCount\":500,\"commentCount\":7,\"publisher\":{\"@id\":\"https:\/\/evertonfc.cz\/#organization\"},\"image\":{\"@id\":\"https:\/\/evertonfc.cz\/index.php\/2019\/10\/26\/preview-brighton-everton\/#primaryimage\"},\"thumbnailUrl\":\"https:\/\/evertonfc.cz\/wp-content\/uploads\/2021\/04\/Brighton-and-Hove-Albion-VS-Everton.jpg\",\"articleSection\":[\"Z\u00e1pasy\"],\"inLanguage\":\"cs\",\"potentialAction\":[{\"@type\":\"CommentAction\",\"name\":\"Comment\",\"target\":[\"https:\/\/evertonfc.cz\/index.php\/2019\/10\/26\/preview-brighton-everton\/#respond\"]}]},{\"@type\":\"WebPage\",\"@id\":\"https:\/\/evertonfc.cz\/index.php\/2019\/10\/26\/preview-brighton-everton\/\",\"url\":\"https:\/\/evertonfc.cz\/index.php\/2019\/10\/26\/preview-brighton-everton\/\",\"name\":\"Preview: Brighton & Hove Albion - Everton - Official Czech &amp; Slovak Everton Supporters&#039; Club\",\"isPartOf\":{\"@id\":\"https:\/\/evertonfc.cz\/#website\"},\"primaryImageOfPage\":{\"@id\":\"https:\/\/evertonfc.cz\/index.php\/2019\/10\/26\/preview-brighton-everton\/#primaryimage\"},\"image\":{\"@id\":\"https:\/\/evertonfc.cz\/index.php\/2019\/10\/26\/preview-brighton-everton\/#primaryimage\"},\"thumbnailUrl\":\"https:\/\/evertonfc.cz\/wp-content\/uploads\/2021\/04\/Brighton-and-Hove-Albion-VS-Everton.jpg\",\"datePublished\":\"2019-10-26T07:12:54+00:00\",\"dateModified\":\"2021-04-19T12:25:49+00:00\",\"breadcrumb\":{\"@id\":\"https:\/\/evertonfc.cz\/index.php\/2019\/10\/26\/preview-brighton-everton\/#breadcrumb\"},\"inLanguage\":\"cs\",\"potentialAction\":[{\"@type\":\"ReadAction\",\"target\":[\"https:\/\/evertonfc.cz\/index.php\/2019\/10\/26\/preview-brighton-everton\/\"]}]},{\"@type\":\"ImageObject\",\"inLanguage\":\"cs\",\"@id\":\"https:\/\/evertonfc.cz\/index.php\/2019\/10\/26\/preview-brighton-everton\/#primaryimage\",\"url\":\"https:\/\/evertonfc.cz\/wp-content\/uploads\/2021\/04\/Brighton-and-Hove-Albion-VS-Everton.jpg\",\"contentUrl\":\"https:\/\/evertonfc.cz\/wp-content\/uploads\/2021\/04\/Brighton-and-Hove-Albion-VS-Everton.jpg\",\"width\":720,\"height\":405},{\"@type\":\"BreadcrumbList\",\"@id\":\"https:\/\/evertonfc.cz\/index.php\/2019\/10\/26\/preview-brighton-everton\/#breadcrumb\",\"itemListElement\":[{\"@type\":\"ListItem\",\"position\":1,\"name\":\"Home\",\"item\":\"https:\/\/evertonfc.cz\/\"},{\"@type\":\"ListItem\",\"position\":2,\"name\":\"Preview: Brighton &#038; Hove Albion &#8211; Everton\"}]},{\"@type\":\"WebSite\",\"@id\":\"https:\/\/evertonfc.cz\/#website\",\"url\":\"https:\/\/evertonfc.cz\/\",\"name\":\"Official Czech &amp; Slovak Everton Supporters&#039; Club\",\"description\":\"\",\"publisher\":{\"@id\":\"https:\/\/evertonfc.cz\/#organization\"},\"potentialAction\":[{\"@type\":\"SearchAction\",\"target\":{\"@type\":\"EntryPoint\",\"urlTemplate\":\"https:\/\/evertonfc.cz\/?s={search_term_string}\"},\"query-input\":{\"@type\":\"PropertyValueSpecification\",\"valueRequired\":true,\"valueName\":\"search_term_string\"}}],\"inLanguage\":\"cs\"},{\"@type\":\"Organization\",\"@id\":\"https:\/\/evertonfc.cz\/#organization\",\"name\":\"Official Czech & Slovak Everton Supporters' Club\",\"url\":\"https:\/\/evertonfc.cz\/\",\"logo\":{\"@type\":\"ImageObject\",\"inLanguage\":\"cs\",\"@id\":\"https:\/\/evertonfc.cz\/#\/schema\/logo\/image\/\",\"url\":\"https:\/\/evertonfc.cz\/wp-content\/uploads\/2019\/05\/logo.png\",\"contentUrl\":\"https:\/\/evertonfc.cz\/wp-content\/uploads\/2019\/05\/logo.png\",\"width\":112,\"height\":112,\"caption\":\"Official Czech & Slovak Everton Supporters' Club\"},\"image\":{\"@id\":\"https:\/\/evertonfc.cz\/#\/schema\/logo\/image\/\"},\"sameAs\":[\"https:\/\/www.facebook.com\/everton.fans.cz.sk\"]},{\"@type\":\"Person\",\"@id\":\"https:\/\/evertonfc.cz\/#\/schema\/person\/b30daf6a5852f4811f8207a17ec1bf78\",\"name\":\"Javor\",\"sameAs\":[\"https:\/\/x.com\/LoudinJan\"],\"url\":\"https:\/\/evertonfc.cz\/index.php\/author\/javor\/\"}]}<\/script>\n<!-- \/ Yoast SEO plugin. -->","yoast_head_json":{"title":"Preview: Brighton & Hove Albion - Everton - Official Czech &amp; Slovak Everton Supporters&#039; Club","robots":{"index":"index","follow":"follow","max-snippet":"max-snippet:-1","max-image-preview":"max-image-preview:large","max-video-preview":"max-video-preview:-1"},"canonical":"https:\/\/evertonfc.cz\/index.php\/2019\/10\/26\/preview-brighton-everton\/","og_locale":"cs_CZ","og_type":"article","og_title":"Preview: Brighton & Hove Albion - Everton - Official Czech &amp; Slovak Everton Supporters&#039; Club","og_description":"West Ham byl p\u0159ejet a v\u00fdsledek neodpov\u00edd\u00e1 kone\u010dn\u00e9mu sk\u00f3re. Z\u00e1blesk nebo odraz ode dna?","og_url":"https:\/\/evertonfc.cz\/index.php\/2019\/10\/26\/preview-brighton-everton\/","og_site_name":"Official Czech &amp; Slovak Everton Supporters&#039; Club","article_publisher":"https:\/\/www.facebook.com\/everton.fans.cz.sk","article_published_time":"2019-10-26T07:12:54+00:00","article_modified_time":"2021-04-19T12:25:49+00:00","og_image":[{"width":720,"height":405,"url":"https:\/\/evertonfc.cz\/wp-content\/uploads\/2021\/04\/Brighton-and-Hove-Albion-VS-Everton.jpg","type":"image\/jpeg"}],"author":"Javor","twitter_card":"summary_large_image","twitter_creator":"@LoudinJan","twitter_misc":{"Napsal(a)":"Javor","Odhadovan\u00e1 doba \u010dten\u00ed":"2 minuty"},"schema":{"@context":"https:\/\/schema.org","@graph":[{"@type":"Article","@id":"https:\/\/evertonfc.cz\/index.php\/2019\/10\/26\/preview-brighton-everton\/#article","isPartOf":{"@id":"https:\/\/evertonfc.cz\/index.php\/2019\/10\/26\/preview-brighton-everton\/"},"author":{"name":"Javor","@id":"https:\/\/evertonfc.cz\/#\/schema\/person\/b30daf6a5852f4811f8207a17ec1bf78"},"headline":"Preview: Brighton &#038; Hove Albion &#8211; Everton","datePublished":"2019-10-26T07:12:54+00:00","dateModified":"2021-04-19T12:25:49+00:00","mainEntityOfPage":{"@id":"https:\/\/evertonfc.cz\/index.php\/2019\/10\/26\/preview-brighton-everton\/"},"wordCount":500,"commentCount":7,"publisher":{"@id":"https:\/\/evertonfc.cz\/#organization"},"image":{"@id":"https:\/\/evertonfc.cz\/index.php\/2019\/10\/26\/preview-brighton-everton\/#primaryimage"},"thumbnailUrl":"https:\/\/evertonfc.cz\/wp-content\/uploads\/2021\/04\/Brighton-and-Hove-Albion-VS-Everton.jpg","articleSection":["Z\u00e1pasy"],"inLanguage":"cs","potentialAction":[{"@type":"CommentAction","name":"Comment","target":["https:\/\/evertonfc.cz\/index.php\/2019\/10\/26\/preview-brighton-everton\/#respond"]}]},{"@type":"WebPage","@id":"https:\/\/evertonfc.cz\/index.php\/2019\/10\/26\/preview-brighton-everton\/","url":"https:\/\/evertonfc.cz\/index.php\/2019\/10\/26\/preview-brighton-everton\/","name":"Preview: Brighton & Hove Albion - Everton - Official Czech &amp; Slovak Everton Supporters&#039; Club","isPartOf":{"@id":"https:\/\/evertonfc.cz\/#website"},"primaryImageOfPage":{"@id":"https:\/\/evertonfc.cz\/index.php\/2019\/10\/26\/preview-brighton-everton\/#primaryimage"},"image":{"@id":"https:\/\/evertonfc.cz\/index.php\/2019\/10\/26\/preview-brighton-everton\/#primaryimage"},"thumbnailUrl":"https:\/\/evertonfc.cz\/wp-content\/uploads\/2021\/04\/Brighton-and-Hove-Albion-VS-Everton.jpg","datePublished":"2019-10-26T07:12:54+00:00","dateModified":"2021-04-19T12:25:49+00:00","breadcrumb":{"@id":"https:\/\/evertonfc.cz\/index.php\/2019\/10\/26\/preview-brighton-everton\/#breadcrumb"},"inLanguage":"cs","potentialAction":[{"@type":"ReadAction","target":["https:\/\/evertonfc.cz\/index.php\/2019\/10\/26\/preview-brighton-everton\/"]}]},{"@type":"ImageObject","inLanguage":"cs","@id":"https:\/\/evertonfc.cz\/index.php\/2019\/10\/26\/preview-brighton-everton\/#primaryimage","url":"https:\/\/evertonfc.cz\/wp-content\/uploads\/2021\/04\/Brighton-and-Hove-Albion-VS-Everton.jpg","contentUrl":"https:\/\/evertonfc.cz\/wp-content\/uploads\/2021\/04\/Brighton-and-Hove-Albion-VS-Everton.jpg","width":720,"height":405},{"@type":"BreadcrumbList","@id":"https:\/\/evertonfc.cz\/index.php\/2019\/10\/26\/preview-brighton-everton\/#breadcrumb","itemListElement":[{"@type":"ListItem","position":1,"name":"Home","item":"https:\/\/evertonfc.cz\/"},{"@type":"ListItem","position":2,"name":"Preview: Brighton &#038; Hove Albion &#8211; Everton"}]},{"@type":"WebSite","@id":"https:\/\/evertonfc.cz\/#website","url":"https:\/\/evertonfc.cz\/","name":"Official Czech &amp; Slovak Everton Supporters&#039; Club","description":"","publisher":{"@id":"https:\/\/evertonfc.cz\/#organization"},"potentialAction":[{"@type":"SearchAction","target":{"@type":"EntryPoint","urlTemplate":"https:\/\/evertonfc.cz\/?s={search_term_string}"},"query-input":{"@type":"PropertyValueSpecification","valueRequired":true,"valueName":"search_term_string"}}],"inLanguage":"cs"},{"@type":"Organization","@id":"https:\/\/evertonfc.cz\/#organization","name":"Official Czech & Slovak Everton Supporters' Club","url":"https:\/\/evertonfc.cz\/","logo":{"@type":"ImageObject","inLanguage":"cs","@id":"https:\/\/evertonfc.cz\/#\/schema\/logo\/image\/","url":"https:\/\/evertonfc.cz\/wp-content\/uploads\/2019\/05\/logo.png","contentUrl":"https:\/\/evertonfc.cz\/wp-content\/uploads\/2019\/05\/logo.png","width":112,"height":112,"caption":"Official Czech & Slovak Everton Supporters' Club"},"image":{"@id":"https:\/\/evertonfc.cz\/#\/schema\/logo\/image\/"},"sameAs":["https:\/\/www.facebook.com\/everton.fans.cz.sk"]},{"@type":"Person","@id":"https:\/\/evertonfc.cz\/#\/schema\/person\/b30daf6a5852f4811f8207a17ec1bf78","name":"Javor","sameAs":["https:\/\/x.com\/LoudinJan"],"url":"https:\/\/evertonfc.cz\/index.php\/author\/javor\/"}]}},"_links":{"self":[{"href":"https:\/\/evertonfc.cz\/index.php\/wp-json\/wp\/v2\/posts\/9522"}],"collection":[{"href":"https:\/\/evertonfc.cz\/index.php\/wp-json\/wp\/v2\/posts"}],"about":[{"href":"https:\/\/evertonfc.cz\/index.php\/wp-json\/wp\/v2\/types\/post"}],"author":[{"embeddable":true,"href":"https:\/\/evertonfc.cz\/index.php\/wp-json\/wp\/v2\/users\/12"}],"replies":[{"embeddable":true,"href":"https:\/\/evertonfc.cz\/index.php\/wp-json\/wp\/v2\/comments?post=9522"}],"version-history":[{"count":6,"href":"https:\/\/evertonfc.cz\/index.php\/wp-json\/wp\/v2\/posts\/9522\/revisions"}],"predecessor-version":[{"id":15028,"href":"https:\/\/evertonfc.cz\/index.php\/wp-json\/wp\/v2\/posts\/9522\/revisions\/15028"}],"wp:featuredmedia":[{"embeddable":true,"href":"https:\/\/evertonfc.cz\/index.php\/wp-json\/wp\/v2\/media\/14932"}],"wp:attachment":[{"href":"https:\/\/evertonfc.cz\/index.php\/wp-json\/wp\/v2\/media?parent=9522"}],"wp:term":[{"taxonomy":"category","embeddable":true,"href":"https:\/\/evertonfc.cz\/index.php\/wp-json\/wp\/v2\/categories?post=9522"},{"taxonomy":"post_tag","embeddable":true,"href":"https:\/\/evertonfc.cz\/index.php\/wp-json\/wp\/v2\/tags?post=9522"}],"curies":[{"name":"wp","href":"https:\/\/api.w.org\/{rel}","templated":true}]}}