{"id":9530,"date":"2019-10-27T18:19:01","date_gmt":"2019-10-27T17:19:01","guid":{"rendered":"https:\/\/evertonfc.cz\/?p=9530"},"modified":"2022-05-11T07:52:58","modified_gmt":"2022-05-11T05:52:58","slug":"brighton-everton-32","status":"publish","type":"post","link":"https:\/\/evertonfc.cz\/index.php\/2019\/10\/27\/brighton-everton-32\/","title":{"rendered":"Brighton &#038; Hove Albion &#8211; Everton 3:2"},"content":{"rendered":"<h4>Kapit\u00e1n Digne uk\u00e1zkov\u011b p\u0159edvedl, \u017ee r\u00e1na kapit\u00e1na b\u00fdv\u00e1 nabit\u00e1. Ale ve \u0161patn\u00e9m \u010dase a do nespr\u00e1vn\u00e9 branky.<\/h4>\n<p>Mana\u017eer Silva dal na rady m\u00edstn\u00edch odborn\u00edk\u016f a ponechal Sidib\u00e9ho v z\u00e1kladn\u00ed sestav\u011b. Jedinou zm\u011bnou tak bylo nastoupen\u00ed Holgata, Mina sv\u00e9 zran\u011bn\u00ed zjevn\u011b nedol\u00e9\u010dil v\u010das. Nez\u00e1\u017eivnou prvn\u00ed destiminutovku vyst\u0159\u00eddala z\u00e1\u017eivn\u00e1 druh\u00e1. Po faulu Gomese asi dva metry p\u0159ed velk\u00fdm v\u00e1pnem byl na\u0159\u00edzen\u00fd trestn\u00ed kop. Zvl\u00e1\u0161tn\u011b postavenou ze\u010f prost\u0159elil Gross, p\u0159i\u010dem\u017e Richarlison mo\u017en\u00e1 m\u00edrn\u011b te\u010doval. Pickford vid\u011bl m\u00ed\u010d pozd\u011b &#8211;\u00a0<strong>1:0<\/strong>.<\/p>\n<p>Rychle ale bylo srovn\u00e1no. Digne posadil centr z rohu na hlavu Richarlisona a ten svou hlavi\u010dku je\u0161t\u011b ot\u0159el o stopera dom\u00e1c\u00edch Webstera &#8211; <strong>1:1!\u00a0\u00a0<\/strong>N\u00e1sledn\u011b po brazilsk\u00e9 kombinaci Everton m\u00e1lem vedl, ale r\u00e1nu Richarlisona vyrazil brank\u00e1\u0159 Ryan. Ten se musel \u010dinit i p\u0159i r\u00e1n\u011b Sigurdssona, kter\u00fd n\u011bkolik minut p\u0159edt\u00edm vyst\u0159\u00eddal zran\u011bn\u00e9ho Bernarda. Ten si poranil kolenn\u00ed vazy a \u010dek\u00e1 ho minim\u00e1ln\u011b \u0161estit\u00fddenn\u00ed pauza. Everton v podstat\u011b dohr\u00e1l p\u016fli na polovin\u011b soupe\u0159e, ale bez g\u00f3lov\u00e9ho efektu.<\/p>\n<p>Druh\u00e1 polovina za\u010dala \u0161anc\u00ed Alzateho, ale jeho st\u0159ela netrefila za\u0159\u00edzen\u00ed. Zaj\u00edmav\u011bj\u0161\u00edch bylo a\u017e posledn\u00edch 25 minut. Nejd\u0159\u00edv dom\u00e1c\u00edm neuznal rozhod\u010d\u00ed g\u00f3l kv\u016fli ofsajdu, co\u017e potvrdilo i video. Neuznanou branku vs\u00edtil autor prvn\u00ed branky Gross. To byla posledn\u00ed v\u011bc, kterou ud\u011blal, hned pot\u00e9 ho vym\u011bnil v r\u00e1mci dom\u00e1c\u00edho dvoust\u0159\u00edd\u00e1n\u00ed Trossard. D\u016fle\u017eit\u011bj\u0161\u00ed pro v\u00fdvoj utk\u00e1n\u00ed ale byla to sam\u00e1 v\u011bc v t\u00fdmu host\u00ed. Calvert-Lewin vyst\u0159\u00eddal Iwobiho (a Delph Walcotta), p\u0159i\u010dem\u017e jeho prvn\u00ed dotek s m\u00ed\u010dem znamenal branku. Kr\u00e1snou p\u0159ihr\u00e1vkou ho na\u0161el stoper Holgate a hro\u0165\u00e1k si ji\u017e v\u011bd\u011bl rady a poslal m\u00ed\u010d pod brank\u00e1\u0159em do s\u00edt\u011b &#8211; <strong>1:2! <\/strong>Ale i Brighton um\u00ed rychle vyrovnat.<\/p>\n<p>A\u010dkoliv kontakt Keana s Connollym rozhod\u010d\u00ed na h\u0159i\u0161ti jako faul neposoudil, tak Lee Mason u videa ano. Dom\u00e1c\u00ed Maupay na\u0159\u00edzenou penaltu prom\u011bnil st\u0159elou doprost\u0159ed &#8211; <strong>2:2.\u00a0<\/strong>To dom\u00e1c\u00ed povzbudilo a do konce z\u00e1pasu m\u011bli tlak. A nakonec se v 95. minut\u011b do\u010dkali odm\u011bny, p\u0159ihr\u00e1vku Troussarda zleva si srazil do vlastn\u00ed s\u00edt\u011b Digne.<\/p>\n<p><strong>Branky:\u00a0<\/strong>15. Gross, 80 Maupay z penalty, 90.+5. Digne vlastn\u00ed &#8211; 20. Webster vlastn\u00ed, 74. Calvert-Lewin<\/p>\n<p><strong>Karty: <\/strong>33. Stephens, 90+3. Pr\u00f6pper \u2013 86. Holgate<\/p>\n<p><strong>Brighton &amp; Hove Albion FC:<\/strong>\u00a0<span data-source=\"lightstreamer\" data-grid=\"main\" data-item=\"item_529360\" data-field=\"report1\">Ryan \u2013 Montoya (66. Schelotto), Webster, Dunk, Burn \u2013 Gross (65. Trossard), Pr\u00f6pper, Stephens, Alzate \u2013 Connolly, Maupay<\/span><\/p>\n<p><strong>Everton FC:<\/strong>\u00a0<span data-source=\"lightstreamer\" data-grid=\"main\" data-item=\"item_529360\" data-field=\"report2\">Pickford \u2013 Sidib\u00e9, M. Keane, Holgate, Digne \u2013 Gomes, Davies \u2013 Walcott (72. Delph), Iwobi (72. Calvert-Lewin), Bernard (30. Sigurdsson) \u2013 Richarlison<\/span><\/p>\n<p><strong>Rozhod\u010d\u00ed:\u00a0<\/strong>Andy Madley\u00a0 <strong>Div\u00e1ci: <\/strong>30 529<\/p>\n","protected":false},"excerpt":{"rendered":"<p>Kapit\u00e1n Digne uk\u00e1zkov\u011b p\u0159edvedl, \u017ee r\u00e1na kapit\u00e1na b\u00fdv\u00e1 nabit\u00e1. Ale ve \u0161patn\u00e9m \u010dase a do nespr\u00e1vn\u00e9 branky.<\/p>\n","protected":false},"author":12,"featured_media":9532,"comment_status":"open","ping_status":"closed","sticky":false,"template":"","format":"standard","meta":{"_eb_attr":"","_monsterinsights_skip_tracking":false,"_monsterinsights_sitenote_active":false,"_monsterinsights_sitenote_note":"","_monsterinsights_sitenote_category":0,"footnotes":""},"categories":[4],"tags":[],"yoast_head":"<!-- This site is optimized with the Yoast SEO plugin v23.4 - https:\/\/yoast.com\/wordpress\/plugins\/seo\/ -->\n<title>Brighton &amp; Hove Albion - Everton 3:2 - Official Czech &amp; Slovak Everton Supporters&#039; Club<\/title>\n<meta name=\"robots\" content=\"index, follow, max-snippet:-1, max-image-preview:large, max-video-preview:-1\" \/>\n<link rel=\"canonical\" href=\"https:\/\/evertonfc.cz\/index.php\/2019\/10\/27\/brighton-everton-32\/\" \/>\n<meta property=\"og:locale\" content=\"cs_CZ\" \/>\n<meta property=\"og:type\" content=\"article\" \/>\n<meta property=\"og:title\" content=\"Brighton &amp; Hove Albion - Everton 3:2 - Official Czech &amp; Slovak Everton Supporters&#039; Club\" \/>\n<meta property=\"og:description\" content=\"Kapit\u00e1n Digne uk\u00e1zkov\u011b p\u0159edvedl, \u017ee r\u00e1na kapit\u00e1na b\u00fdv\u00e1 nabit\u00e1. Ale ve \u0161patn\u00e9m \u010dase a do nespr\u00e1vn\u00e9 branky.\" \/>\n<meta property=\"og:url\" content=\"https:\/\/evertonfc.cz\/index.php\/2019\/10\/27\/brighton-everton-32\/\" \/>\n<meta property=\"og:site_name\" content=\"Official Czech &amp; Slovak Everton Supporters&#039; Club\" \/>\n<meta property=\"article:publisher\" content=\"https:\/\/www.facebook.com\/everton.fans.cz.sk\" \/>\n<meta property=\"article:published_time\" content=\"2019-10-27T17:19:01+00:00\" \/>\n<meta property=\"article:modified_time\" content=\"2022-05-11T05:52:58+00:00\" \/>\n<meta property=\"og:image\" content=\"https:\/\/evertonfc.cz\/wp-content\/uploads\/2019\/10\/digne_27_10_2019.jpg\" \/>\n\t<meta property=\"og:image:width\" content=\"720\" \/>\n\t<meta property=\"og:image:height\" content=\"405\" \/>\n\t<meta property=\"og:image:type\" content=\"image\/jpeg\" \/>\n<meta name=\"author\" content=\"Javor\" \/>\n<meta name=\"twitter:card\" content=\"summary_large_image\" \/>\n<meta name=\"twitter:creator\" content=\"@LoudinJan\" \/>\n<meta name=\"twitter:label1\" content=\"Napsal(a)\" \/>\n\t<meta name=\"twitter:data1\" content=\"Javor\" \/>\n\t<meta name=\"twitter:label2\" content=\"Odhadovan\u00e1 doba \u010dten\u00ed\" \/>\n\t<meta name=\"twitter:data2\" content=\"2 minuty\" \/>\n<script type=\"application\/ld+json\" class=\"yoast-schema-graph\">{\"@context\":\"https:\/\/schema.org\",\"@graph\":[{\"@type\":\"Article\",\"@id\":\"https:\/\/evertonfc.cz\/index.php\/2019\/10\/27\/brighton-everton-32\/#article\",\"isPartOf\":{\"@id\":\"https:\/\/evertonfc.cz\/index.php\/2019\/10\/27\/brighton-everton-32\/\"},\"author\":{\"name\":\"Javor\",\"@id\":\"https:\/\/evertonfc.cz\/#\/schema\/person\/b30daf6a5852f4811f8207a17ec1bf78\"},\"headline\":\"Brighton &#038; Hove Albion &#8211; Everton 3:2\",\"datePublished\":\"2019-10-27T17:19:01+00:00\",\"dateModified\":\"2022-05-11T05:52:58+00:00\",\"mainEntityOfPage\":{\"@id\":\"https:\/\/evertonfc.cz\/index.php\/2019\/10\/27\/brighton-everton-32\/\"},\"wordCount\":476,\"commentCount\":5,\"publisher\":{\"@id\":\"https:\/\/evertonfc.cz\/#organization\"},\"image\":{\"@id\":\"https:\/\/evertonfc.cz\/index.php\/2019\/10\/27\/brighton-everton-32\/#primaryimage\"},\"thumbnailUrl\":\"https:\/\/evertonfc.cz\/wp-content\/uploads\/2019\/10\/digne_27_10_2019.jpg\",\"articleSection\":[\"Z\u00e1pasy\"],\"inLanguage\":\"cs\",\"potentialAction\":[{\"@type\":\"CommentAction\",\"name\":\"Comment\",\"target\":[\"https:\/\/evertonfc.cz\/index.php\/2019\/10\/27\/brighton-everton-32\/#respond\"]}]},{\"@type\":\"WebPage\",\"@id\":\"https:\/\/evertonfc.cz\/index.php\/2019\/10\/27\/brighton-everton-32\/\",\"url\":\"https:\/\/evertonfc.cz\/index.php\/2019\/10\/27\/brighton-everton-32\/\",\"name\":\"Brighton & Hove Albion - Everton 3:2 - Official Czech &amp; Slovak Everton Supporters&#039; Club\",\"isPartOf\":{\"@id\":\"https:\/\/evertonfc.cz\/#website\"},\"primaryImageOfPage\":{\"@id\":\"https:\/\/evertonfc.cz\/index.php\/2019\/10\/27\/brighton-everton-32\/#primaryimage\"},\"image\":{\"@id\":\"https:\/\/evertonfc.cz\/index.php\/2019\/10\/27\/brighton-everton-32\/#primaryimage\"},\"thumbnailUrl\":\"https:\/\/evertonfc.cz\/wp-content\/uploads\/2019\/10\/digne_27_10_2019.jpg\",\"datePublished\":\"2019-10-27T17:19:01+00:00\",\"dateModified\":\"2022-05-11T05:52:58+00:00\",\"breadcrumb\":{\"@id\":\"https:\/\/evertonfc.cz\/index.php\/2019\/10\/27\/brighton-everton-32\/#breadcrumb\"},\"inLanguage\":\"cs\",\"potentialAction\":[{\"@type\":\"ReadAction\",\"target\":[\"https:\/\/evertonfc.cz\/index.php\/2019\/10\/27\/brighton-everton-32\/\"]}]},{\"@type\":\"ImageObject\",\"inLanguage\":\"cs\",\"@id\":\"https:\/\/evertonfc.cz\/index.php\/2019\/10\/27\/brighton-everton-32\/#primaryimage\",\"url\":\"https:\/\/evertonfc.cz\/wp-content\/uploads\/2019\/10\/digne_27_10_2019.jpg\",\"contentUrl\":\"https:\/\/evertonfc.cz\/wp-content\/uploads\/2019\/10\/digne_27_10_2019.jpg\",\"width\":720,\"height\":405},{\"@type\":\"BreadcrumbList\",\"@id\":\"https:\/\/evertonfc.cz\/index.php\/2019\/10\/27\/brighton-everton-32\/#breadcrumb\",\"itemListElement\":[{\"@type\":\"ListItem\",\"position\":1,\"name\":\"Home\",\"item\":\"https:\/\/evertonfc.cz\/\"},{\"@type\":\"ListItem\",\"position\":2,\"name\":\"Brighton &#038; Hove Albion &#8211; Everton 3:2\"}]},{\"@type\":\"WebSite\",\"@id\":\"https:\/\/evertonfc.cz\/#website\",\"url\":\"https:\/\/evertonfc.cz\/\",\"name\":\"Official Czech &amp; Slovak Everton Supporters&#039; Club\",\"description\":\"\",\"publisher\":{\"@id\":\"https:\/\/evertonfc.cz\/#organization\"},\"potentialAction\":[{\"@type\":\"SearchAction\",\"target\":{\"@type\":\"EntryPoint\",\"urlTemplate\":\"https:\/\/evertonfc.cz\/?s={search_term_string}\"},\"query-input\":{\"@type\":\"PropertyValueSpecification\",\"valueRequired\":true,\"valueName\":\"search_term_string\"}}],\"inLanguage\":\"cs\"},{\"@type\":\"Organization\",\"@id\":\"https:\/\/evertonfc.cz\/#organization\",\"name\":\"Official Czech & Slovak Everton Supporters' Club\",\"url\":\"https:\/\/evertonfc.cz\/\",\"logo\":{\"@type\":\"ImageObject\",\"inLanguage\":\"cs\",\"@id\":\"https:\/\/evertonfc.cz\/#\/schema\/logo\/image\/\",\"url\":\"https:\/\/evertonfc.cz\/wp-content\/uploads\/2019\/05\/logo.png\",\"contentUrl\":\"https:\/\/evertonfc.cz\/wp-content\/uploads\/2019\/05\/logo.png\",\"width\":112,\"height\":112,\"caption\":\"Official Czech & Slovak Everton Supporters' Club\"},\"image\":{\"@id\":\"https:\/\/evertonfc.cz\/#\/schema\/logo\/image\/\"},\"sameAs\":[\"https:\/\/www.facebook.com\/everton.fans.cz.sk\"]},{\"@type\":\"Person\",\"@id\":\"https:\/\/evertonfc.cz\/#\/schema\/person\/b30daf6a5852f4811f8207a17ec1bf78\",\"name\":\"Javor\",\"sameAs\":[\"https:\/\/x.com\/LoudinJan\"],\"url\":\"https:\/\/evertonfc.cz\/index.php\/author\/javor\/\"}]}<\/script>\n<!-- \/ Yoast SEO plugin. -->","yoast_head_json":{"title":"Brighton & Hove Albion - Everton 3:2 - Official Czech &amp; Slovak Everton Supporters&#039; Club","robots":{"index":"index","follow":"follow","max-snippet":"max-snippet:-1","max-image-preview":"max-image-preview:large","max-video-preview":"max-video-preview:-1"},"canonical":"https:\/\/evertonfc.cz\/index.php\/2019\/10\/27\/brighton-everton-32\/","og_locale":"cs_CZ","og_type":"article","og_title":"Brighton & Hove Albion - Everton 3:2 - Official Czech &amp; Slovak Everton Supporters&#039; Club","og_description":"Kapit\u00e1n Digne uk\u00e1zkov\u011b p\u0159edvedl, \u017ee r\u00e1na kapit\u00e1na b\u00fdv\u00e1 nabit\u00e1. Ale ve \u0161patn\u00e9m \u010dase a do nespr\u00e1vn\u00e9 branky.","og_url":"https:\/\/evertonfc.cz\/index.php\/2019\/10\/27\/brighton-everton-32\/","og_site_name":"Official Czech &amp; Slovak Everton Supporters&#039; Club","article_publisher":"https:\/\/www.facebook.com\/everton.fans.cz.sk","article_published_time":"2019-10-27T17:19:01+00:00","article_modified_time":"2022-05-11T05:52:58+00:00","og_image":[{"width":720,"height":405,"url":"https:\/\/evertonfc.cz\/wp-content\/uploads\/2019\/10\/digne_27_10_2019.jpg","type":"image\/jpeg"}],"author":"Javor","twitter_card":"summary_large_image","twitter_creator":"@LoudinJan","twitter_misc":{"Napsal(a)":"Javor","Odhadovan\u00e1 doba \u010dten\u00ed":"2 minuty"},"schema":{"@context":"https:\/\/schema.org","@graph":[{"@type":"Article","@id":"https:\/\/evertonfc.cz\/index.php\/2019\/10\/27\/brighton-everton-32\/#article","isPartOf":{"@id":"https:\/\/evertonfc.cz\/index.php\/2019\/10\/27\/brighton-everton-32\/"},"author":{"name":"Javor","@id":"https:\/\/evertonfc.cz\/#\/schema\/person\/b30daf6a5852f4811f8207a17ec1bf78"},"headline":"Brighton &#038; Hove Albion &#8211; Everton 3:2","datePublished":"2019-10-27T17:19:01+00:00","dateModified":"2022-05-11T05:52:58+00:00","mainEntityOfPage":{"@id":"https:\/\/evertonfc.cz\/index.php\/2019\/10\/27\/brighton-everton-32\/"},"wordCount":476,"commentCount":5,"publisher":{"@id":"https:\/\/evertonfc.cz\/#organization"},"image":{"@id":"https:\/\/evertonfc.cz\/index.php\/2019\/10\/27\/brighton-everton-32\/#primaryimage"},"thumbnailUrl":"https:\/\/evertonfc.cz\/wp-content\/uploads\/2019\/10\/digne_27_10_2019.jpg","articleSection":["Z\u00e1pasy"],"inLanguage":"cs","potentialAction":[{"@type":"CommentAction","name":"Comment","target":["https:\/\/evertonfc.cz\/index.php\/2019\/10\/27\/brighton-everton-32\/#respond"]}]},{"@type":"WebPage","@id":"https:\/\/evertonfc.cz\/index.php\/2019\/10\/27\/brighton-everton-32\/","url":"https:\/\/evertonfc.cz\/index.php\/2019\/10\/27\/brighton-everton-32\/","name":"Brighton & Hove Albion - Everton 3:2 - Official Czech &amp; Slovak Everton Supporters&#039; Club","isPartOf":{"@id":"https:\/\/evertonfc.cz\/#website"},"primaryImageOfPage":{"@id":"https:\/\/evertonfc.cz\/index.php\/2019\/10\/27\/brighton-everton-32\/#primaryimage"},"image":{"@id":"https:\/\/evertonfc.cz\/index.php\/2019\/10\/27\/brighton-everton-32\/#primaryimage"},"thumbnailUrl":"https:\/\/evertonfc.cz\/wp-content\/uploads\/2019\/10\/digne_27_10_2019.jpg","datePublished":"2019-10-27T17:19:01+00:00","dateModified":"2022-05-11T05:52:58+00:00","breadcrumb":{"@id":"https:\/\/evertonfc.cz\/index.php\/2019\/10\/27\/brighton-everton-32\/#breadcrumb"},"inLanguage":"cs","potentialAction":[{"@type":"ReadAction","target":["https:\/\/evertonfc.cz\/index.php\/2019\/10\/27\/brighton-everton-32\/"]}]},{"@type":"ImageObject","inLanguage":"cs","@id":"https:\/\/evertonfc.cz\/index.php\/2019\/10\/27\/brighton-everton-32\/#primaryimage","url":"https:\/\/evertonfc.cz\/wp-content\/uploads\/2019\/10\/digne_27_10_2019.jpg","contentUrl":"https:\/\/evertonfc.cz\/wp-content\/uploads\/2019\/10\/digne_27_10_2019.jpg","width":720,"height":405},{"@type":"BreadcrumbList","@id":"https:\/\/evertonfc.cz\/index.php\/2019\/10\/27\/brighton-everton-32\/#breadcrumb","itemListElement":[{"@type":"ListItem","position":1,"name":"Home","item":"https:\/\/evertonfc.cz\/"},{"@type":"ListItem","position":2,"name":"Brighton &#038; Hove Albion &#8211; Everton 3:2"}]},{"@type":"WebSite","@id":"https:\/\/evertonfc.cz\/#website","url":"https:\/\/evertonfc.cz\/","name":"Official Czech &amp; Slovak Everton Supporters&#039; Club","description":"","publisher":{"@id":"https:\/\/evertonfc.cz\/#organization"},"potentialAction":[{"@type":"SearchAction","target":{"@type":"EntryPoint","urlTemplate":"https:\/\/evertonfc.cz\/?s={search_term_string}"},"query-input":{"@type":"PropertyValueSpecification","valueRequired":true,"valueName":"search_term_string"}}],"inLanguage":"cs"},{"@type":"Organization","@id":"https:\/\/evertonfc.cz\/#organization","name":"Official Czech & Slovak Everton Supporters' Club","url":"https:\/\/evertonfc.cz\/","logo":{"@type":"ImageObject","inLanguage":"cs","@id":"https:\/\/evertonfc.cz\/#\/schema\/logo\/image\/","url":"https:\/\/evertonfc.cz\/wp-content\/uploads\/2019\/05\/logo.png","contentUrl":"https:\/\/evertonfc.cz\/wp-content\/uploads\/2019\/05\/logo.png","width":112,"height":112,"caption":"Official Czech & Slovak Everton Supporters' Club"},"image":{"@id":"https:\/\/evertonfc.cz\/#\/schema\/logo\/image\/"},"sameAs":["https:\/\/www.facebook.com\/everton.fans.cz.sk"]},{"@type":"Person","@id":"https:\/\/evertonfc.cz\/#\/schema\/person\/b30daf6a5852f4811f8207a17ec1bf78","name":"Javor","sameAs":["https:\/\/x.com\/LoudinJan"],"url":"https:\/\/evertonfc.cz\/index.php\/author\/javor\/"}]}},"_links":{"self":[{"href":"https:\/\/evertonfc.cz\/index.php\/wp-json\/wp\/v2\/posts\/9530"}],"collection":[{"href":"https:\/\/evertonfc.cz\/index.php\/wp-json\/wp\/v2\/posts"}],"about":[{"href":"https:\/\/evertonfc.cz\/index.php\/wp-json\/wp\/v2\/types\/post"}],"author":[{"embeddable":true,"href":"https:\/\/evertonfc.cz\/index.php\/wp-json\/wp\/v2\/users\/12"}],"replies":[{"embeddable":true,"href":"https:\/\/evertonfc.cz\/index.php\/wp-json\/wp\/v2\/comments?post=9530"}],"version-history":[{"count":3,"href":"https:\/\/evertonfc.cz\/index.php\/wp-json\/wp\/v2\/posts\/9530\/revisions"}],"predecessor-version":[{"id":18619,"href":"https:\/\/evertonfc.cz\/index.php\/wp-json\/wp\/v2\/posts\/9530\/revisions\/18619"}],"wp:featuredmedia":[{"embeddable":true,"href":"https:\/\/evertonfc.cz\/index.php\/wp-json\/wp\/v2\/media\/9532"}],"wp:attachment":[{"href":"https:\/\/evertonfc.cz\/index.php\/wp-json\/wp\/v2\/media?parent=9530"}],"wp:term":[{"taxonomy":"category","embeddable":true,"href":"https:\/\/evertonfc.cz\/index.php\/wp-json\/wp\/v2\/categories?post=9530"},{"taxonomy":"post_tag","embeddable":true,"href":"https:\/\/evertonfc.cz\/index.php\/wp-json\/wp\/v2\/tags?post=9530"}],"curies":[{"name":"wp","href":"https:\/\/api.w.org\/{rel}","templated":true}]}}