{"id":9616,"date":"2019-11-12T07:10:25","date_gmt":"2019-11-12T06:10:25","guid":{"rendered":"https:\/\/evertonfc.cz\/?p=9616"},"modified":"2019-11-16T14:22:22","modified_gmt":"2019-11-16T13:22:22","slug":"vysneny-tahoun-davies","status":"publish","type":"post","link":"https:\/\/evertonfc.cz\/index.php\/2019\/11\/12\/vysneny-tahoun-davies\/","title":{"rendered":"Vysn\u011bn\u00fd tahoun Davies"},"content":{"rendered":"<h4>Je\u0161t\u011b p\u0159ed p\u00e1r t\u00fddny Tom Davies zah\u0159\u00edval lavi\u010dku n\u00e1hradn\u00edk\u016f, \u010di dokonce seda\u010dku na tribun\u011b. 21let\u00fd odchovanec si ale po\u010dkal na svou \u0161anci a v posledn\u00edch t\u00fddnech diktuje muziku ve st\u0159edu pole.<\/h4>\n<p>Od \u00fanora do pozdn\u00edho z\u00e1\u0159\u00ed odehr\u00e1l Davies pouh\u00fdch 21 ligov\u00fdch minut, a p\u0159esto\u017ee na ja\u0159e podepsal novou smlouvu na \u010dty\u0159i roky, zcela logicky se vyrojily obavy ohledn\u011b jeho kari\u00e9rn\u00ed stagnace. V\u017edy\u0165 do seniorsk\u00e9ho fotbalu vl\u00e9tl jako velk\u00e1 voda u\u017e skoro p\u0159ed t\u0159emi lety.<\/p>\n<p>Podzim ov\u0161em nezastihl Everton v dobr\u00e9 kondici. Ponurou atmosf\u00e9ru zp\u016fsobenou \u0161patn\u00fdmi v\u00fdkony je\u0161t\u011b prohloubily zran\u011bn\u00ed st\u0159edopola\u0159\u016f Gbamina, Gomese \u010di Delpha, a tak Silva hodil rukavici Daviesovi. Tedy sp\u00ed\u0161e byl nucen hodit Daviesovi.<\/p>\n<p>Tak \u010di onak, energick\u00fd z\u00e1lo\u017en\u00edk se k v\u00fdzv\u011b postavil \u010delem a svou nov\u011b nabytou d\u016fle\u017eitost korunoval g\u00f3lem a poveden\u00fdm v\u00fdkonem v sobotn\u00edm odpoledni v Southamptonu, odkud si Toffees odvezli velmi cenn\u00e9 v\u00edt\u011bzstv\u00ed.<\/p>\n<p><em>\u201eMent\u00e1ln\u011b je nyn\u00ed Tom rozhodn\u011b siln\u011bj\u0161\u00edm ne\u017e v minulosti,\u201c<\/em> za\u010dal se sv\u00fdm hodnocen\u00edm mana\u017eer Silva, <em>\u201ev n\u011bkolika z\u00e1pasech lo\u0148sk\u00e9 sez\u00f3ny navl\u00e9kl kapit\u00e1nskou p\u00e1sku, co\u017e bylo pro n\u011bho obrovskou ud\u00e1lost\u00ed. Tato role s sebou p\u0159inesla tlak, jemu\u017e ale mus\u00ed \u010delit a um\u011bt se s n\u00edm vypo\u0159\u00e1dat, proto\u017ee je neodmyslitelnou sou\u010d\u00e1st\u00ed fotbalu.<\/em><\/p>\n<p><em>B\u011bhem p\u0159edsez\u00f3nn\u00ed p\u0159\u00edpravy jsme spolu n\u011bkolikr\u00e1t hovo\u0159ili. Shodli jsme se, \u017ee nadch\u00e1zej\u00edc\u00ed ro\u010dn\u00edk bude n\u00e1ro\u010dn\u00fd a ka\u017ed\u00fd dostane svou \u0161anci. Tom t\u00e9 sv\u00e9 vyu\u017eil, a to m\u011b nesm\u00edrn\u011b t\u011b\u0161\u00ed.\u201c<\/em><\/p>\n<p>Podle informac\u00ed serveru The Athletic portugalsk\u00fd mana\u017eer po\u017eadoval od Daviese zlep\u0161en\u00ed v n\u011bkolika aspektech hry, jako jsou konzistentnost v\u00fdkon\u016f, vyvarov\u00e1n\u00ed se zbyte\u010dn\u00fdch faul\u016f a \u017elut\u00fdch karet, odpov\u011bdnost p\u0159i rozehr\u00e1vce a v \u00fato\u010dn\u00e9 t\u0159etin\u011b h\u0159i\u0161t\u011b nebo aktivita p\u0159i standardn\u00edch situac\u00ed. St\u00e1le mlad\u00fd z\u00e1lo\u017en\u00edk, jen\u017e pat\u0159\u00ed v Evertonu mezi nejv\u011bt\u0161\u00ed d\u0159\u00ed\u010de v tr\u00e9ninku, si vzal slova \u0161\u00e9fa k srdci a pod jeho dohledem zapracoval na sv\u00fdch nedostatc\u00edch.<\/p>\n<p>Duel se Southamptonem n\u00e1zorn\u011b dokumentoval Davies\u016fv progres. Jeho branka po rohov\u00e9m kopu odstartovala cestu za d\u016fle\u017eit\u00fdmi t\u0159emi body, do utk\u00e1n\u00ed se ale nezapsal pouze coby \u00fasp\u011b\u0161n\u00fd st\u0159elec, sv\u00fdm komplexn\u00edm v\u00fdkonem poh\u00e1n\u011bl cel\u00e9 mu\u017estvo.<\/p>\n<p>Za 90 minut si p\u0159ipsal na konto 60 dotek\u016f s m\u00ed\u010dem (nejv\u00edce z v\u0161ech z\u00e1lo\u017en\u00edk\u016f na tr\u00e1vn\u00edku), p\u0159edvedl 13 \u00fato\u010dn\u00fdch p\u0159ihr\u00e1vek, vyhr\u00e1l t\u0159i osobn\u00ed souboje, t\u0159ikr\u00e1t obral soupe\u0159e o m\u00ed\u010d a hned sedmkr\u00e1t zachytil p\u0159ihr\u00e1vku. N\u00ed\u017ee uveden\u00e1 mapka zn\u00e1zor\u0148uje jeho rozlehl\u00fd ak\u010dn\u00ed r\u00e1dius.<\/p>\n<p style=\"text-align: center;\"><img loading=\"lazy\" decoding=\"async\" class=\"aligncenter size-full wp-image-9614\" src=\"https:\/\/evertonfc.cz\/wp-content\/uploads\/2019\/11\/davies_11_11_2019.png\" alt=\"\" width=\"640\" height=\"453\" srcset=\"https:\/\/evertonfc.cz\/wp-content\/uploads\/2019\/11\/davies_11_11_2019.png 640w, https:\/\/evertonfc.cz\/wp-content\/uploads\/2019\/11\/davies_11_11_2019-300x212.png 300w\" sizes=\"(max-width: 640px) 100vw, 640px\" \/><\/p>\n<p>Krom\u011b fotbalov\u00fdch kvalit se v\u0161ak Davies st\u00e1le v\u00edce pasuje do role l\u00eddra. Z kabiny Toffees se nesou zpr\u00e1vu o tom, \u017ee pravideln\u011b promlouv\u00e1 k t\u00fdmu. B\u011bhem samotn\u00e9ho z\u00e1pasu se Saints n\u011bkolikr\u00e1t burcoval sv\u00e9 spoluhr\u00e1\u010de, kter\u00fdch tak\u00e9 br\u00e1nil u hlavn\u00edho rozhod\u010d\u00edho.<\/p>\n<p>Davies se sice prezentuje nad\u011bjnou formou jen p\u00e1r t\u00fddn\u016f, jeho prosazen\u00ed je ale velmi d\u016fle\u017eit\u00e9. Zaprv\u00e9, kone\u010dn\u011b identifikuje hr\u00e1\u010dovu toto\u017enost, kdy\u017e se v dobr\u00e9m sv\u011btle ukazuje na pozici box to box z\u00e1lo\u017en\u00edka. Zadruh\u00e9, pom\u00e1h\u00e1 zlep\u0161it atmosf\u00e9ru v klubu: etablovan\u00ed odchovanci v \u00e1\u010dku ukazuj\u00ed smysl t\u011b\u017ek\u00e9 d\u0159iny pro chlapce v akademii a udr\u017euj\u00ed hodnoty klubu, na n\u011b\u017e jsou rovn\u011b\u017e r\u00e1di py\u0161n\u00ed fanou\u0161ci.<\/p>\n<p>Nesporn\u00fd klad tak\u00e9 p\u0159edstavuje okysli\u010den\u00ed t\u00e1paj\u00edc\u00edho t\u00fdmu mladou energi\u00ed. Silva se v dob\u011b krize boj\u00ed d\u00e1t \u0161anci n\u00e1ctilet\u00fdm talent\u016fm Gordonovi a Gibsonovi, p\u0159inejm\u00e9n\u011b zapojen\u00ed o n\u011bkolik let star\u0161\u00edch Holgatea a Daviese \u2013 kte\u0159\u00ed p\u0159esv\u011bd\u010duj\u00ed, \u017ee nejsou hor\u0161\u00ed ne\u017e drah\u00e9 posily \u2013 dodalo Evertonu pot\u0159ebn\u00fd impuls.<\/p>\n<p>P\u0159i pokra\u010duj\u00edc\u00ed marodce st\u0159edn\u00edch z\u00e1lo\u017en\u00edk\u016f a p\u0159ed nadch\u00e1zej\u00edc\u00edm n\u00e1ro\u010dn\u00fdm programem, kdy Everton bude do za\u010d\u00e1tku ledna krom\u011b jin\u00fdch celk\u016f \u010delit dvakr\u00e1t Leicesteru City (v lize i ligov\u00e9m poh\u00e1ru), Liverpoolu, Chelsea, Manchesteru United Arsenalu a Manchesteru City, se p\u0159ed Daviesem nask\u00fdt\u00e1 v\u00edtan\u00e1 p\u0159\u00edle\u017eitost, aby kone\u010dn\u011b potvrdil sv\u016fj talent a vybojoval si st\u00e1le m\u00edsto v z\u00e1kladn\u00ed sestav\u011b.<\/p>\n","protected":false},"excerpt":{"rendered":"<p>Je\u0161t\u011b p\u0159ed p\u00e1r t\u00fddny Tom Davies zah\u0159\u00edval lavi\u010dku n\u00e1hradn\u00edk\u016f, \u010di dokonce seda\u010dku na tribun\u011b. 21let\u00fd odchovanec si ale po\u010dkal na svou \u0161anci a v posledn\u00edch t\u00fddnech diktuje muziku ve st\u0159edu pole.<\/p>\n","protected":false},"author":6,"featured_media":9615,"comment_status":"open","ping_status":"closed","sticky":false,"template":"","format":"standard","meta":{"_eb_attr":"","_monsterinsights_skip_tracking":false,"_monsterinsights_sitenote_active":false,"_monsterinsights_sitenote_note":"","_monsterinsights_sitenote_category":0,"footnotes":""},"categories":[39],"tags":[],"yoast_head":"<!-- This site is optimized with the Yoast SEO plugin v23.4 - https:\/\/yoast.com\/wordpress\/plugins\/seo\/ -->\n<title>Vysn\u011bn\u00fd tahoun Davies - Official Czech &amp; Slovak Everton Supporters&#039; Club<\/title>\n<meta name=\"robots\" content=\"index, follow, max-snippet:-1, max-image-preview:large, max-video-preview:-1\" \/>\n<link rel=\"canonical\" href=\"https:\/\/evertonfc.cz\/index.php\/2019\/11\/12\/vysneny-tahoun-davies\/\" \/>\n<meta property=\"og:locale\" content=\"cs_CZ\" \/>\n<meta property=\"og:type\" content=\"article\" \/>\n<meta property=\"og:title\" content=\"Vysn\u011bn\u00fd tahoun Davies - Official Czech &amp; Slovak Everton Supporters&#039; Club\" \/>\n<meta property=\"og:description\" content=\"Je\u0161t\u011b p\u0159ed p\u00e1r t\u00fddny Tom Davies zah\u0159\u00edval lavi\u010dku n\u00e1hradn\u00edk\u016f, \u010di dokonce seda\u010dku na tribun\u011b. 21let\u00fd odchovanec si ale po\u010dkal na svou \u0161anci a v posledn\u00edch t\u00fddnech diktuje muziku ve st\u0159edu pole.\" \/>\n<meta property=\"og:url\" content=\"https:\/\/evertonfc.cz\/index.php\/2019\/11\/12\/vysneny-tahoun-davies\/\" \/>\n<meta property=\"og:site_name\" content=\"Official Czech &amp; Slovak Everton Supporters&#039; Club\" \/>\n<meta property=\"article:publisher\" content=\"https:\/\/www.facebook.com\/everton.fans.cz.sk\" \/>\n<meta property=\"article:published_time\" content=\"2019-11-12T06:10:25+00:00\" \/>\n<meta property=\"article:modified_time\" content=\"2019-11-16T13:22:22+00:00\" \/>\n<meta property=\"og:image\" content=\"https:\/\/evertonfc.cz\/wp-content\/uploads\/2019\/11\/davies2_11_11_2019.jpg\" \/>\n\t<meta property=\"og:image:width\" content=\"720\" \/>\n\t<meta property=\"og:image:height\" content=\"405\" \/>\n\t<meta property=\"og:image:type\" content=\"image\/jpeg\" \/>\n<meta name=\"author\" content=\"Ri\u010di\" \/>\n<meta name=\"twitter:card\" content=\"summary_large_image\" \/>\n<meta name=\"twitter:creator\" content=\"@rbrejsa\" \/>\n<meta name=\"twitter:label1\" content=\"Napsal(a)\" \/>\n\t<meta name=\"twitter:data1\" content=\"Ri\u010di\" \/>\n\t<meta name=\"twitter:label2\" content=\"Odhadovan\u00e1 doba \u010dten\u00ed\" \/>\n\t<meta name=\"twitter:data2\" content=\"4 minuty\" \/>\n<script type=\"application\/ld+json\" class=\"yoast-schema-graph\">{\"@context\":\"https:\/\/schema.org\",\"@graph\":[{\"@type\":\"Article\",\"@id\":\"https:\/\/evertonfc.cz\/index.php\/2019\/11\/12\/vysneny-tahoun-davies\/#article\",\"isPartOf\":{\"@id\":\"https:\/\/evertonfc.cz\/index.php\/2019\/11\/12\/vysneny-tahoun-davies\/\"},\"author\":{\"name\":\"Ri\u010di\",\"@id\":\"https:\/\/evertonfc.cz\/#\/schema\/person\/f7a5daedb2ffee98480bc70e191aaef1\"},\"headline\":\"Vysn\u011bn\u00fd tahoun Davies\",\"datePublished\":\"2019-11-12T06:10:25+00:00\",\"dateModified\":\"2019-11-16T13:22:22+00:00\",\"mainEntityOfPage\":{\"@id\":\"https:\/\/evertonfc.cz\/index.php\/2019\/11\/12\/vysneny-tahoun-davies\/\"},\"wordCount\":800,\"commentCount\":1,\"publisher\":{\"@id\":\"https:\/\/evertonfc.cz\/#organization\"},\"image\":{\"@id\":\"https:\/\/evertonfc.cz\/index.php\/2019\/11\/12\/vysneny-tahoun-davies\/#primaryimage\"},\"thumbnailUrl\":\"https:\/\/evertonfc.cz\/wp-content\/uploads\/2019\/11\/davies2_11_11_2019.jpg\",\"articleSection\":[\"Blog\"],\"inLanguage\":\"cs\",\"potentialAction\":[{\"@type\":\"CommentAction\",\"name\":\"Comment\",\"target\":[\"https:\/\/evertonfc.cz\/index.php\/2019\/11\/12\/vysneny-tahoun-davies\/#respond\"]}]},{\"@type\":\"WebPage\",\"@id\":\"https:\/\/evertonfc.cz\/index.php\/2019\/11\/12\/vysneny-tahoun-davies\/\",\"url\":\"https:\/\/evertonfc.cz\/index.php\/2019\/11\/12\/vysneny-tahoun-davies\/\",\"name\":\"Vysn\u011bn\u00fd tahoun Davies - Official Czech &amp; Slovak Everton Supporters&#039; Club\",\"isPartOf\":{\"@id\":\"https:\/\/evertonfc.cz\/#website\"},\"primaryImageOfPage\":{\"@id\":\"https:\/\/evertonfc.cz\/index.php\/2019\/11\/12\/vysneny-tahoun-davies\/#primaryimage\"},\"image\":{\"@id\":\"https:\/\/evertonfc.cz\/index.php\/2019\/11\/12\/vysneny-tahoun-davies\/#primaryimage\"},\"thumbnailUrl\":\"https:\/\/evertonfc.cz\/wp-content\/uploads\/2019\/11\/davies2_11_11_2019.jpg\",\"datePublished\":\"2019-11-12T06:10:25+00:00\",\"dateModified\":\"2019-11-16T13:22:22+00:00\",\"breadcrumb\":{\"@id\":\"https:\/\/evertonfc.cz\/index.php\/2019\/11\/12\/vysneny-tahoun-davies\/#breadcrumb\"},\"inLanguage\":\"cs\",\"potentialAction\":[{\"@type\":\"ReadAction\",\"target\":[\"https:\/\/evertonfc.cz\/index.php\/2019\/11\/12\/vysneny-tahoun-davies\/\"]}]},{\"@type\":\"ImageObject\",\"inLanguage\":\"cs\",\"@id\":\"https:\/\/evertonfc.cz\/index.php\/2019\/11\/12\/vysneny-tahoun-davies\/#primaryimage\",\"url\":\"https:\/\/evertonfc.cz\/wp-content\/uploads\/2019\/11\/davies2_11_11_2019.jpg\",\"contentUrl\":\"https:\/\/evertonfc.cz\/wp-content\/uploads\/2019\/11\/davies2_11_11_2019.jpg\",\"width\":720,\"height\":405},{\"@type\":\"BreadcrumbList\",\"@id\":\"https:\/\/evertonfc.cz\/index.php\/2019\/11\/12\/vysneny-tahoun-davies\/#breadcrumb\",\"itemListElement\":[{\"@type\":\"ListItem\",\"position\":1,\"name\":\"Home\",\"item\":\"https:\/\/evertonfc.cz\/\"},{\"@type\":\"ListItem\",\"position\":2,\"name\":\"Vysn\u011bn\u00fd tahoun Davies\"}]},{\"@type\":\"WebSite\",\"@id\":\"https:\/\/evertonfc.cz\/#website\",\"url\":\"https:\/\/evertonfc.cz\/\",\"name\":\"Official Czech &amp; Slovak Everton Supporters&#039; Club\",\"description\":\"\",\"publisher\":{\"@id\":\"https:\/\/evertonfc.cz\/#organization\"},\"potentialAction\":[{\"@type\":\"SearchAction\",\"target\":{\"@type\":\"EntryPoint\",\"urlTemplate\":\"https:\/\/evertonfc.cz\/?s={search_term_string}\"},\"query-input\":{\"@type\":\"PropertyValueSpecification\",\"valueRequired\":true,\"valueName\":\"search_term_string\"}}],\"inLanguage\":\"cs\"},{\"@type\":\"Organization\",\"@id\":\"https:\/\/evertonfc.cz\/#organization\",\"name\":\"Official Czech & Slovak Everton Supporters' Club\",\"url\":\"https:\/\/evertonfc.cz\/\",\"logo\":{\"@type\":\"ImageObject\",\"inLanguage\":\"cs\",\"@id\":\"https:\/\/evertonfc.cz\/#\/schema\/logo\/image\/\",\"url\":\"https:\/\/evertonfc.cz\/wp-content\/uploads\/2019\/05\/logo.png\",\"contentUrl\":\"https:\/\/evertonfc.cz\/wp-content\/uploads\/2019\/05\/logo.png\",\"width\":112,\"height\":112,\"caption\":\"Official Czech & Slovak Everton Supporters' Club\"},\"image\":{\"@id\":\"https:\/\/evertonfc.cz\/#\/schema\/logo\/image\/\"},\"sameAs\":[\"https:\/\/www.facebook.com\/everton.fans.cz.sk\"]},{\"@type\":\"Person\",\"@id\":\"https:\/\/evertonfc.cz\/#\/schema\/person\/f7a5daedb2ffee98480bc70e191aaef1\",\"name\":\"Ri\u010di\",\"sameAs\":[\"https:\/\/x.com\/rbrejsa\"],\"url\":\"https:\/\/evertonfc.cz\/index.php\/author\/rici\/\"}]}<\/script>\n<!-- \/ Yoast SEO plugin. -->","yoast_head_json":{"title":"Vysn\u011bn\u00fd tahoun Davies - Official Czech &amp; Slovak Everton Supporters&#039; Club","robots":{"index":"index","follow":"follow","max-snippet":"max-snippet:-1","max-image-preview":"max-image-preview:large","max-video-preview":"max-video-preview:-1"},"canonical":"https:\/\/evertonfc.cz\/index.php\/2019\/11\/12\/vysneny-tahoun-davies\/","og_locale":"cs_CZ","og_type":"article","og_title":"Vysn\u011bn\u00fd tahoun Davies - Official Czech &amp; Slovak Everton Supporters&#039; Club","og_description":"Je\u0161t\u011b p\u0159ed p\u00e1r t\u00fddny Tom Davies zah\u0159\u00edval lavi\u010dku n\u00e1hradn\u00edk\u016f, \u010di dokonce seda\u010dku na tribun\u011b. 21let\u00fd odchovanec si ale po\u010dkal na svou \u0161anci a v posledn\u00edch t\u00fddnech diktuje muziku ve st\u0159edu pole.","og_url":"https:\/\/evertonfc.cz\/index.php\/2019\/11\/12\/vysneny-tahoun-davies\/","og_site_name":"Official Czech &amp; Slovak Everton Supporters&#039; Club","article_publisher":"https:\/\/www.facebook.com\/everton.fans.cz.sk","article_published_time":"2019-11-12T06:10:25+00:00","article_modified_time":"2019-11-16T13:22:22+00:00","og_image":[{"width":720,"height":405,"url":"https:\/\/evertonfc.cz\/wp-content\/uploads\/2019\/11\/davies2_11_11_2019.jpg","type":"image\/jpeg"}],"author":"Ri\u010di","twitter_card":"summary_large_image","twitter_creator":"@rbrejsa","twitter_misc":{"Napsal(a)":"Ri\u010di","Odhadovan\u00e1 doba \u010dten\u00ed":"4 minuty"},"schema":{"@context":"https:\/\/schema.org","@graph":[{"@type":"Article","@id":"https:\/\/evertonfc.cz\/index.php\/2019\/11\/12\/vysneny-tahoun-davies\/#article","isPartOf":{"@id":"https:\/\/evertonfc.cz\/index.php\/2019\/11\/12\/vysneny-tahoun-davies\/"},"author":{"name":"Ri\u010di","@id":"https:\/\/evertonfc.cz\/#\/schema\/person\/f7a5daedb2ffee98480bc70e191aaef1"},"headline":"Vysn\u011bn\u00fd tahoun Davies","datePublished":"2019-11-12T06:10:25+00:00","dateModified":"2019-11-16T13:22:22+00:00","mainEntityOfPage":{"@id":"https:\/\/evertonfc.cz\/index.php\/2019\/11\/12\/vysneny-tahoun-davies\/"},"wordCount":800,"commentCount":1,"publisher":{"@id":"https:\/\/evertonfc.cz\/#organization"},"image":{"@id":"https:\/\/evertonfc.cz\/index.php\/2019\/11\/12\/vysneny-tahoun-davies\/#primaryimage"},"thumbnailUrl":"https:\/\/evertonfc.cz\/wp-content\/uploads\/2019\/11\/davies2_11_11_2019.jpg","articleSection":["Blog"],"inLanguage":"cs","potentialAction":[{"@type":"CommentAction","name":"Comment","target":["https:\/\/evertonfc.cz\/index.php\/2019\/11\/12\/vysneny-tahoun-davies\/#respond"]}]},{"@type":"WebPage","@id":"https:\/\/evertonfc.cz\/index.php\/2019\/11\/12\/vysneny-tahoun-davies\/","url":"https:\/\/evertonfc.cz\/index.php\/2019\/11\/12\/vysneny-tahoun-davies\/","name":"Vysn\u011bn\u00fd tahoun Davies - Official Czech &amp; Slovak Everton Supporters&#039; Club","isPartOf":{"@id":"https:\/\/evertonfc.cz\/#website"},"primaryImageOfPage":{"@id":"https:\/\/evertonfc.cz\/index.php\/2019\/11\/12\/vysneny-tahoun-davies\/#primaryimage"},"image":{"@id":"https:\/\/evertonfc.cz\/index.php\/2019\/11\/12\/vysneny-tahoun-davies\/#primaryimage"},"thumbnailUrl":"https:\/\/evertonfc.cz\/wp-content\/uploads\/2019\/11\/davies2_11_11_2019.jpg","datePublished":"2019-11-12T06:10:25+00:00","dateModified":"2019-11-16T13:22:22+00:00","breadcrumb":{"@id":"https:\/\/evertonfc.cz\/index.php\/2019\/11\/12\/vysneny-tahoun-davies\/#breadcrumb"},"inLanguage":"cs","potentialAction":[{"@type":"ReadAction","target":["https:\/\/evertonfc.cz\/index.php\/2019\/11\/12\/vysneny-tahoun-davies\/"]}]},{"@type":"ImageObject","inLanguage":"cs","@id":"https:\/\/evertonfc.cz\/index.php\/2019\/11\/12\/vysneny-tahoun-davies\/#primaryimage","url":"https:\/\/evertonfc.cz\/wp-content\/uploads\/2019\/11\/davies2_11_11_2019.jpg","contentUrl":"https:\/\/evertonfc.cz\/wp-content\/uploads\/2019\/11\/davies2_11_11_2019.jpg","width":720,"height":405},{"@type":"BreadcrumbList","@id":"https:\/\/evertonfc.cz\/index.php\/2019\/11\/12\/vysneny-tahoun-davies\/#breadcrumb","itemListElement":[{"@type":"ListItem","position":1,"name":"Home","item":"https:\/\/evertonfc.cz\/"},{"@type":"ListItem","position":2,"name":"Vysn\u011bn\u00fd tahoun Davies"}]},{"@type":"WebSite","@id":"https:\/\/evertonfc.cz\/#website","url":"https:\/\/evertonfc.cz\/","name":"Official Czech &amp; Slovak Everton Supporters&#039; Club","description":"","publisher":{"@id":"https:\/\/evertonfc.cz\/#organization"},"potentialAction":[{"@type":"SearchAction","target":{"@type":"EntryPoint","urlTemplate":"https:\/\/evertonfc.cz\/?s={search_term_string}"},"query-input":{"@type":"PropertyValueSpecification","valueRequired":true,"valueName":"search_term_string"}}],"inLanguage":"cs"},{"@type":"Organization","@id":"https:\/\/evertonfc.cz\/#organization","name":"Official Czech & Slovak Everton Supporters' Club","url":"https:\/\/evertonfc.cz\/","logo":{"@type":"ImageObject","inLanguage":"cs","@id":"https:\/\/evertonfc.cz\/#\/schema\/logo\/image\/","url":"https:\/\/evertonfc.cz\/wp-content\/uploads\/2019\/05\/logo.png","contentUrl":"https:\/\/evertonfc.cz\/wp-content\/uploads\/2019\/05\/logo.png","width":112,"height":112,"caption":"Official Czech & Slovak Everton Supporters' Club"},"image":{"@id":"https:\/\/evertonfc.cz\/#\/schema\/logo\/image\/"},"sameAs":["https:\/\/www.facebook.com\/everton.fans.cz.sk"]},{"@type":"Person","@id":"https:\/\/evertonfc.cz\/#\/schema\/person\/f7a5daedb2ffee98480bc70e191aaef1","name":"Ri\u010di","sameAs":["https:\/\/x.com\/rbrejsa"],"url":"https:\/\/evertonfc.cz\/index.php\/author\/rici\/"}]}},"_links":{"self":[{"href":"https:\/\/evertonfc.cz\/index.php\/wp-json\/wp\/v2\/posts\/9616"}],"collection":[{"href":"https:\/\/evertonfc.cz\/index.php\/wp-json\/wp\/v2\/posts"}],"about":[{"href":"https:\/\/evertonfc.cz\/index.php\/wp-json\/wp\/v2\/types\/post"}],"author":[{"embeddable":true,"href":"https:\/\/evertonfc.cz\/index.php\/wp-json\/wp\/v2\/users\/6"}],"replies":[{"embeddable":true,"href":"https:\/\/evertonfc.cz\/index.php\/wp-json\/wp\/v2\/comments?post=9616"}],"version-history":[{"count":10,"href":"https:\/\/evertonfc.cz\/index.php\/wp-json\/wp\/v2\/posts\/9616\/revisions"}],"predecessor-version":[{"id":9627,"href":"https:\/\/evertonfc.cz\/index.php\/wp-json\/wp\/v2\/posts\/9616\/revisions\/9627"}],"wp:featuredmedia":[{"embeddable":true,"href":"https:\/\/evertonfc.cz\/index.php\/wp-json\/wp\/v2\/media\/9615"}],"wp:attachment":[{"href":"https:\/\/evertonfc.cz\/index.php\/wp-json\/wp\/v2\/media?parent=9616"}],"wp:term":[{"taxonomy":"category","embeddable":true,"href":"https:\/\/evertonfc.cz\/index.php\/wp-json\/wp\/v2\/categories?post=9616"},{"taxonomy":"post_tag","embeddable":true,"href":"https:\/\/evertonfc.cz\/index.php\/wp-json\/wp\/v2\/tags?post=9616"}],"curies":[{"name":"wp","href":"https:\/\/api.w.org\/{rel}","templated":true}]}}