{"id":9655,"date":"2019-11-24T15:05:15","date_gmt":"2019-11-24T14:05:15","guid":{"rendered":"https:\/\/evertonfc.cz\/?p=9655"},"modified":"2019-11-24T16:41:37","modified_gmt":"2019-11-24T15:41:37","slug":"everton-norwich-city-02-2","status":"publish","type":"post","link":"https:\/\/evertonfc.cz\/index.php\/2019\/11\/24\/everton-norwich-city-02-2\/","title":{"rendered":"Everton \u2013 Norwich City 0:2"},"content":{"rendered":"<h4>\u010eal\u0161\u00ed nov\u00e1\u010dik, \u010fal\u0161ia prehra. \u010eal\u0161ie nevstrelen\u00e9 g\u00f3ly, \u010fal\u0161ie defenz\u00edvne chyby. \u010eal\u0161ie zahoden\u00e9 body, \u010fal\u0161ie premrhan\u00e9 pr\u00edle\u017eitosti. \u010eal\u0161\u00ed z\u00e1pas, zlyhanie, \u010fal\u0161\u00ed mana\u017e\u00e9r?<\/h4>\n<p>Ned\u00e1vno som p\u00edsal o prest\u00e1vke sp\u00f4sobenej reprezenta\u010dn\u00fdmi povinnos\u0165ami, ktor\u00e1 zvykne futbalov\u00fdch fan\u00fa\u0161ikov nap\u013a\u0148a\u0165 istou d\u00e1vkou n\u00e1deje na lep\u0161ie zajtraj\u0161ky. \u010castokr\u00e1t falo\u0161nou. V na\u0161om pr\u00edpade u\u017e m\u00f4\u017eeme hovori\u0165 o pravidle. Toti\u017e ani tretia n\u00e1m nepriniesla \u017eiadnu \u00fa\u013eavu, \u017eiadnu nadv\u00e4znos\u0165, ba n\u00e1s ponorila hlb\u0161ie do blata.<\/p>\n<p>D\u00f4vera vo v\u00ed\u0165azn\u00fa zostavu sa v\u010dera nevyplatila, hoci ani podotknut\u00edm, \u017ee miesta na man\u00e9vrovanie ve\u013ea nie je, sa ni\u010d nezmen\u00ed. V\u017edy sa d\u00e1 nie\u010do vysk\u00fa\u0161a\u0165, v\u017edy sa d\u00e1 vsadi\u0165 na divok\u00fa kartu a v\u017edy sa to m\u00f4\u017ee aj nemus\u00ed vyplati\u0165. Ale ak nerob\u00edte ni\u010d, v temnote ost\u00e1vate, len va\u0161a poz\u00edcia sa dost\u00e1va do \u010doraz jasnej\u0161ieho svetla.<\/p>\n<p>Nov\u00e1\u010dikovia sa u\u010dia najlep\u0161ie a najr\u00fdchlej\u0161ie. Posledn\u00e1 v\u00fdhra Kan\u00e1rikov datuje september a pod\u013ea odsledovan\u00e9ho u\u017e to nie je drzos\u0165, ktor\u00e1 ich zdobila. Na Goodison Park pricestovali ako konzervat\u00edvci, uvedomel\u00ed si slabost\u00ed a prednost\u00ed ako seba, tak s\u00fapera. A ke\u010f Karamelky neza\u010dn\u00fa na pln\u00fd plyn, zvy\u010dajne vieme v\u00fdslednicu ich \u0165a\u017eenia.<\/p>\n<p>N\u00edzky, usporiadan\u00fd blok a\u00a0dlh\u00e9 lopty s\u00fa efekt\u00edvnym prostriedkom na vysok\u00fa obrann\u00fa l\u00edniu Evertonu. Spolu s\u00a0neinkasovan\u00edm v\u00a0\u00favodnom pol\u010dase sa to rovn\u00e1 \u00faspe\u0161n\u00e9mu receptu ako nepod\u013eahn\u00fa\u0165. To je hrub\u00fd n\u00e1\u010drt duelu, ktor\u00fd som v sobotu sledoval. Osemn\u00e1s\u0165 striel dom\u00e1cich, z\u00a0toho sedem ved\u013ea a\u00a0\u0161tyri zblokovan\u00e9.<\/p>\n<p>Sta\u010dilo zvy\u0161n\u00fdch sedem? Odpove\u010f viete u\u017e z\u00a0nadpisu. S\u00faper si vypracoval tri 100 % pr\u00edle\u017eitosti, v\u00a0ktor\u00fdch pred zakon\u010den\u00edm \u010delili u\u017e len brank\u00e1rovi. Pri prvej n\u00e1s podr\u017eal, zvy\u0161n\u00e9 dve sme inkasovali. Everton si \u017eia\u013e vypracoval len n\u00e1znaky. \u017diadna na\u0161a strela nevzi\u0161la zo \u0161ance, kedy by mal \u00fato\u010dn\u00edk pred sebou u\u017e len brank\u00e1ra.<\/p>\n<p>Je to rie\u0161ite\u013en\u00fd probl\u00e9m? Pre n\u00e1s, zd\u00e1 sa, nie. A ke\u010f sa k tomu pridaj\u00fa chyby v obrane v\u010faka nekompaktnosti a zlej s\u00fahre, prehra je na svete. Preto\u017ee po dlh\u0161ej odmlke sme boli svedkami chaosu v zadn\u00fdch radoch. U\u010debnicov\u00e1 situ\u00e1cia je z 30. min\u00faty, ktor\u00fa si ani jeden z doty\u010dn\u00fdch ned\u00e1 za klob\u00fak, aj ke\u010f sa g\u00f3lom neskon\u010dila.<\/p>\n<p><img loading=\"lazy\" decoding=\"async\" class=\"wp-image-9656 size-full alignnone\" src=\"https:\/\/evertonfc.cz\/wp-content\/uploads\/2019\/11\/Hernandez-shot-24-11-2019.png\" alt=\"\" width=\"640\" height=\"330\" srcset=\"https:\/\/evertonfc.cz\/wp-content\/uploads\/2019\/11\/Hernandez-shot-24-11-2019.png 640w, https:\/\/evertonfc.cz\/wp-content\/uploads\/2019\/11\/Hernandez-shot-24-11-2019-300x155.png 300w\" sizes=\"(max-width: 640px) 100vw, 640px\" \/><br \/>\nMcLeanova prihr\u00e1vka zastihla Sidib\u00e9ho, Minu aj Holgatea v\u00a0\u00faplnom pomykove. Prv\u00fd nerozhodn\u00fd \u010di hra\u0165 ofsajdov\u00fa pascu. Druh\u00fd nest\u00edha \u010d\u00edta\u0165 n\u00e1beh Hernand\u00e9za, ktor\u00e9ho mal ma\u0165 pokryt\u00e9ho tret\u00ed, nach\u00e1dzaj\u00faci sa pozi\u010dne pr\u00edli\u0161 vysoko. V\u00fdsledkom je pre\u010d\u00edslenie dvoch na jedn\u00e9ho a\u00a0brilantnos\u0165 Pickforda.<\/p>\n<p>Prv\u00fd g\u00f3l padol po \u0161kol\u00e1ckej chybe Holgatea a prispatosti Sidib\u00e9ho. Prehrat\u00fd s\u00faboj prv\u00e9ho prebral Mina, Pukkimu sa v\u0161ak podarilo vysun\u00fa\u0165 Cantwella, ktor\u00e9ho Holgate rad\u0161ej ignoroval hypnotizovan\u00edm lopty. Sidib\u00e9, ktor\u00fd si chv\u00ed\u013eu predt\u00fdm kontroloval vzdialen\u00fa poz\u00edciu \u013eav\u00e9ho kr\u00eddla Norwichu, sa neun\u00faval vraca\u0165 v\u010das do \u00fazemia nikoho.<\/p>\n<p><img loading=\"lazy\" decoding=\"async\" class=\"alignnone size-full wp-image-9657\" src=\"https:\/\/evertonfc.cz\/wp-content\/uploads\/2019\/11\/Cantwell-goal-24-11-2019.png\" alt=\"\" width=\"640\" height=\"330\" srcset=\"https:\/\/evertonfc.cz\/wp-content\/uploads\/2019\/11\/Cantwell-goal-24-11-2019.png 640w, https:\/\/evertonfc.cz\/wp-content\/uploads\/2019\/11\/Cantwell-goal-24-11-2019-300x155.png 300w\" sizes=\"(max-width: 640px) 100vw, 640px\" \/><br \/>\nDruh\u00fd g\u00f3l je zhoda ne\u0161\u0165astn\u00fdch okolnost\u00ed, taktie\u017e v\u00a0nej v\u0161ak n\u00e1jdeme chyby. Buend\u00eda sa hrnul k\u00a0v\u00e1pnu, na \u010do nespr\u00e1vne reagovali obidvaja stop\u00e9ri vyst\u00fapen\u00edm a\u00a0zanechan\u00edm Srbenyho osamote. A\u00a0hoci v\u00a0\u010dase prijatia lopty bol mimo hry, ne\u0161\u0165astn\u00e1 intervencia Sigurdssona mu povolila hra\u0165. Ni\u010d z\u00e1bavn\u00e9, a\u017e na jedno.<\/p>\n<p><img loading=\"lazy\" decoding=\"async\" class=\"alignnone size-full wp-image-9658\" src=\"https:\/\/evertonfc.cz\/wp-content\/uploads\/2019\/11\/Srbeny-goal-24-11-2019.png\" alt=\"\" width=\"640\" height=\"330\" srcset=\"https:\/\/evertonfc.cz\/wp-content\/uploads\/2019\/11\/Srbeny-goal-24-11-2019.png 640w, https:\/\/evertonfc.cz\/wp-content\/uploads\/2019\/11\/Srbeny-goal-24-11-2019-300x155.png 300w\" sizes=\"(max-width: 640px) 100vw, 640px\" \/><br \/>\nRuchov\u00e9 mikrof\u00f3ny boli v\u010dera bu\u010f umiestnen\u00e9 niekde na trib\u00fane, alebo zapnut\u00e9 extra citlivo. K obrazovk\u00e1m div\u00e1kov sa tak dostali niektor\u00e9 pokriky publika. Ako v druhom pol\u010dase, ke\u010f sme miestami horeli, tak sa ozvalo v\u00fdrazn\u00e9: \u201e<em>Sort it, Silva!<\/em>\u201c O\u00a0chor\u00e1loch oboch t\u00e1borov \u201e<em>You\u2019re getting sacked in the morning.<\/em>\u201c nehovoriac.<\/p>\n<p>Kam povedie tento pr\u00edbeh d\u00f4very a skazy, nikto nevie. Moshiri odk\u00e1zal: \u201cWe will have better days.\u201c, av\u0161ak atmosf\u00e9ra okolo klubu za\u010d\u00edna by\u0165 podozrivo zn\u00e1ma. Po z\u00e1pase, ke\u010f predseda Kenwright odch\u00e1dzal z trib\u00fany ako posledn\u00fd z v\u00fdkonnej moci, o\u010dividne nad\u0161en\u00fd fan\u00fa\u0161ik dal jasne a hlasne najavo, \u010do si mysl\u00ed: \u201e<em>He&#8217;s got to go, Bill. He&#8217;s got to go&#8230;<\/em>\u201c<\/p>\n<hr \/>\n<p><strong>Zostrih z\u00e1pasu:<\/strong> <a href=\"https:\/\/www.youtube.com\/watch?v=1agvl8MXQbE\" target=\"_blank\" rel=\"noopener noreferrer\">ofici\u00e1lny kan\u00e1l na YouTube<\/a><\/p>\n<p><strong>G\u00f3ly: <\/strong>54\u00b4 Cantwell (Pukki), 90+2\u00b4 Srbeny<\/p>\n<p><strong>\u017dlt\u00e9 karty:\u00a0<\/strong>30\u00b4 Schneiderlin, 23\u00b4 Zimmermann, 47\u00b4 Byram, 81\u00b4 Holgate, 81\u00b4 Aarons, 84\u00b4 Tettey, 87\u00b4 McLean, 90+3\u00b4 Coleman<\/p>\n<p><strong>Norwich City FC:\u00a0<\/strong>Krul \u2013 Aarons, Zimmermann, Godfrey, Byram \u2013 Trybull, Tettey \u2013 Cantwell (80\u00b4 Buend\u00eda), McLean (88\u00b4 Amadou), Hernand\u00e9z \u2013 Pukki (90+1\u00b4 Srbeny)<\/p>\n<p><strong>Everton FC:\u00a0<\/strong>Pickford \u2013 Sidib\u00e9 (66\u00b4 Coleman), Mina, Holgate, Digne \u2013 Davies, Schneiderlin (56\u00b4 Iwobi) \u2013 Walcott (66\u00b4 Calvert-Lewin), Sigurdsson, Richarlison \u2013 Tosun<\/p>\n<p><strong>Rozhodca:\u00a0<\/strong>Anthony Taylor<\/p>\n<p><strong>Po\u010det div\u00e1kov:\u00a0<\/strong>39 241, Goodison Park (Liverpool)<\/p>\n","protected":false},"excerpt":{"rendered":"<p>\u010eal\u0161\u00ed nov\u00e1\u010dik, \u010fal\u0161ia prehra. \u010eal\u0161ie nevstrelen\u00e9 g\u00f3ly, \u010fal\u0161ie defenz\u00edvne chyby. \u010eal\u0161ie zahoden\u00e9 body, \u010fal\u0161ie premrhan\u00e9 pr\u00edle\u017eitosti. \u010eal\u0161\u00ed z\u00e1pas, zlyhanie, \u010fal\u0161\u00ed mana\u017e\u00e9r?<\/p>\n","protected":false},"author":1,"featured_media":9659,"comment_status":"open","ping_status":"closed","sticky":false,"template":"","format":"standard","meta":{"_eb_attr":"","_monsterinsights_skip_tracking":false,"_monsterinsights_sitenote_active":false,"_monsterinsights_sitenote_note":"","_monsterinsights_sitenote_category":0,"footnotes":""},"categories":[4],"tags":[],"yoast_head":"<!-- This site is optimized with the Yoast SEO plugin v23.4 - https:\/\/yoast.com\/wordpress\/plugins\/seo\/ -->\n<title>Everton \u2013 Norwich City 0:2 - Official Czech &amp; Slovak Everton Supporters&#039; Club<\/title>\n<meta name=\"robots\" content=\"index, follow, max-snippet:-1, max-image-preview:large, max-video-preview:-1\" \/>\n<link rel=\"canonical\" href=\"https:\/\/evertonfc.cz\/index.php\/2019\/11\/24\/everton-norwich-city-02-2\/\" \/>\n<meta property=\"og:locale\" content=\"cs_CZ\" \/>\n<meta property=\"og:type\" content=\"article\" \/>\n<meta property=\"og:title\" content=\"Everton \u2013 Norwich City 0:2 - Official Czech &amp; Slovak Everton Supporters&#039; Club\" \/>\n<meta property=\"og:description\" content=\"\u010eal\u0161\u00ed nov\u00e1\u010dik, \u010fal\u0161ia prehra. \u010eal\u0161ie nevstrelen\u00e9 g\u00f3ly, \u010fal\u0161ie defenz\u00edvne chyby. \u010eal\u0161ie zahoden\u00e9 body, \u010fal\u0161ie premrhan\u00e9 pr\u00edle\u017eitosti. \u010eal\u0161\u00ed z\u00e1pas, zlyhanie, \u010fal\u0161\u00ed mana\u017e\u00e9r?\" \/>\n<meta property=\"og:url\" content=\"https:\/\/evertonfc.cz\/index.php\/2019\/11\/24\/everton-norwich-city-02-2\/\" \/>\n<meta property=\"og:site_name\" content=\"Official Czech &amp; Slovak Everton Supporters&#039; Club\" \/>\n<meta property=\"article:publisher\" content=\"https:\/\/www.facebook.com\/everton.fans.cz.sk\" \/>\n<meta property=\"article:published_time\" content=\"2019-11-24T14:05:15+00:00\" \/>\n<meta property=\"article:modified_time\" content=\"2019-11-24T15:41:37+00:00\" \/>\n<meta property=\"og:image\" content=\"https:\/\/evertonfc.cz\/wp-content\/uploads\/2019\/11\/Norwich-24-11-2019.jpg\" \/>\n\t<meta property=\"og:image:width\" content=\"720\" \/>\n\t<meta property=\"og:image:height\" content=\"405\" \/>\n\t<meta property=\"og:image:type\" content=\"image\/jpeg\" \/>\n<meta name=\"author\" content=\"BlueBlooded\" \/>\n<meta name=\"twitter:card\" content=\"summary_large_image\" \/>\n<meta name=\"twitter:label1\" content=\"Napsal(a)\" \/>\n\t<meta name=\"twitter:data1\" content=\"BlueBlooded\" \/>\n\t<meta name=\"twitter:label2\" content=\"Odhadovan\u00e1 doba \u010dten\u00ed\" \/>\n\t<meta name=\"twitter:data2\" content=\"4 minuty\" \/>\n<script type=\"application\/ld+json\" class=\"yoast-schema-graph\">{\"@context\":\"https:\/\/schema.org\",\"@graph\":[{\"@type\":\"Article\",\"@id\":\"https:\/\/evertonfc.cz\/index.php\/2019\/11\/24\/everton-norwich-city-02-2\/#article\",\"isPartOf\":{\"@id\":\"https:\/\/evertonfc.cz\/index.php\/2019\/11\/24\/everton-norwich-city-02-2\/\"},\"author\":{\"name\":\"BlueBlooded\",\"@id\":\"https:\/\/evertonfc.cz\/#\/schema\/person\/d4493b8cbea51532597fbc4685698916\"},\"headline\":\"Everton \u2013 Norwich City 0:2\",\"datePublished\":\"2019-11-24T14:05:15+00:00\",\"dateModified\":\"2019-11-24T15:41:37+00:00\",\"mainEntityOfPage\":{\"@id\":\"https:\/\/evertonfc.cz\/index.php\/2019\/11\/24\/everton-norwich-city-02-2\/\"},\"wordCount\":818,\"commentCount\":5,\"publisher\":{\"@id\":\"https:\/\/evertonfc.cz\/#organization\"},\"image\":{\"@id\":\"https:\/\/evertonfc.cz\/index.php\/2019\/11\/24\/everton-norwich-city-02-2\/#primaryimage\"},\"thumbnailUrl\":\"https:\/\/evertonfc.cz\/wp-content\/uploads\/2019\/11\/Norwich-24-11-2019.jpg\",\"articleSection\":[\"Z\u00e1pasy\"],\"inLanguage\":\"cs\",\"potentialAction\":[{\"@type\":\"CommentAction\",\"name\":\"Comment\",\"target\":[\"https:\/\/evertonfc.cz\/index.php\/2019\/11\/24\/everton-norwich-city-02-2\/#respond\"]}]},{\"@type\":\"WebPage\",\"@id\":\"https:\/\/evertonfc.cz\/index.php\/2019\/11\/24\/everton-norwich-city-02-2\/\",\"url\":\"https:\/\/evertonfc.cz\/index.php\/2019\/11\/24\/everton-norwich-city-02-2\/\",\"name\":\"Everton \u2013 Norwich City 0:2 - Official Czech &amp; Slovak Everton Supporters&#039; Club\",\"isPartOf\":{\"@id\":\"https:\/\/evertonfc.cz\/#website\"},\"primaryImageOfPage\":{\"@id\":\"https:\/\/evertonfc.cz\/index.php\/2019\/11\/24\/everton-norwich-city-02-2\/#primaryimage\"},\"image\":{\"@id\":\"https:\/\/evertonfc.cz\/index.php\/2019\/11\/24\/everton-norwich-city-02-2\/#primaryimage\"},\"thumbnailUrl\":\"https:\/\/evertonfc.cz\/wp-content\/uploads\/2019\/11\/Norwich-24-11-2019.jpg\",\"datePublished\":\"2019-11-24T14:05:15+00:00\",\"dateModified\":\"2019-11-24T15:41:37+00:00\",\"breadcrumb\":{\"@id\":\"https:\/\/evertonfc.cz\/index.php\/2019\/11\/24\/everton-norwich-city-02-2\/#breadcrumb\"},\"inLanguage\":\"cs\",\"potentialAction\":[{\"@type\":\"ReadAction\",\"target\":[\"https:\/\/evertonfc.cz\/index.php\/2019\/11\/24\/everton-norwich-city-02-2\/\"]}]},{\"@type\":\"ImageObject\",\"inLanguage\":\"cs\",\"@id\":\"https:\/\/evertonfc.cz\/index.php\/2019\/11\/24\/everton-norwich-city-02-2\/#primaryimage\",\"url\":\"https:\/\/evertonfc.cz\/wp-content\/uploads\/2019\/11\/Norwich-24-11-2019.jpg\",\"contentUrl\":\"https:\/\/evertonfc.cz\/wp-content\/uploads\/2019\/11\/Norwich-24-11-2019.jpg\",\"width\":720,\"height\":405},{\"@type\":\"BreadcrumbList\",\"@id\":\"https:\/\/evertonfc.cz\/index.php\/2019\/11\/24\/everton-norwich-city-02-2\/#breadcrumb\",\"itemListElement\":[{\"@type\":\"ListItem\",\"position\":1,\"name\":\"Home\",\"item\":\"https:\/\/evertonfc.cz\/\"},{\"@type\":\"ListItem\",\"position\":2,\"name\":\"Everton \u2013 Norwich City 0:2\"}]},{\"@type\":\"WebSite\",\"@id\":\"https:\/\/evertonfc.cz\/#website\",\"url\":\"https:\/\/evertonfc.cz\/\",\"name\":\"Official Czech &amp; Slovak Everton Supporters&#039; Club\",\"description\":\"\",\"publisher\":{\"@id\":\"https:\/\/evertonfc.cz\/#organization\"},\"potentialAction\":[{\"@type\":\"SearchAction\",\"target\":{\"@type\":\"EntryPoint\",\"urlTemplate\":\"https:\/\/evertonfc.cz\/?s={search_term_string}\"},\"query-input\":{\"@type\":\"PropertyValueSpecification\",\"valueRequired\":true,\"valueName\":\"search_term_string\"}}],\"inLanguage\":\"cs\"},{\"@type\":\"Organization\",\"@id\":\"https:\/\/evertonfc.cz\/#organization\",\"name\":\"Official Czech & Slovak Everton Supporters' Club\",\"url\":\"https:\/\/evertonfc.cz\/\",\"logo\":{\"@type\":\"ImageObject\",\"inLanguage\":\"cs\",\"@id\":\"https:\/\/evertonfc.cz\/#\/schema\/logo\/image\/\",\"url\":\"https:\/\/evertonfc.cz\/wp-content\/uploads\/2019\/05\/logo.png\",\"contentUrl\":\"https:\/\/evertonfc.cz\/wp-content\/uploads\/2019\/05\/logo.png\",\"width\":112,\"height\":112,\"caption\":\"Official Czech & Slovak Everton Supporters' Club\"},\"image\":{\"@id\":\"https:\/\/evertonfc.cz\/#\/schema\/logo\/image\/\"},\"sameAs\":[\"https:\/\/www.facebook.com\/everton.fans.cz.sk\"]},{\"@type\":\"Person\",\"@id\":\"https:\/\/evertonfc.cz\/#\/schema\/person\/d4493b8cbea51532597fbc4685698916\",\"name\":\"BlueBlooded\",\"url\":\"https:\/\/evertonfc.cz\/index.php\/author\/admin\/\"}]}<\/script>\n<!-- \/ Yoast SEO plugin. -->","yoast_head_json":{"title":"Everton \u2013 Norwich City 0:2 - Official Czech &amp; Slovak Everton Supporters&#039; Club","robots":{"index":"index","follow":"follow","max-snippet":"max-snippet:-1","max-image-preview":"max-image-preview:large","max-video-preview":"max-video-preview:-1"},"canonical":"https:\/\/evertonfc.cz\/index.php\/2019\/11\/24\/everton-norwich-city-02-2\/","og_locale":"cs_CZ","og_type":"article","og_title":"Everton \u2013 Norwich City 0:2 - Official Czech &amp; Slovak Everton Supporters&#039; Club","og_description":"\u010eal\u0161\u00ed nov\u00e1\u010dik, \u010fal\u0161ia prehra. \u010eal\u0161ie nevstrelen\u00e9 g\u00f3ly, \u010fal\u0161ie defenz\u00edvne chyby. \u010eal\u0161ie zahoden\u00e9 body, \u010fal\u0161ie premrhan\u00e9 pr\u00edle\u017eitosti. \u010eal\u0161\u00ed z\u00e1pas, zlyhanie, \u010fal\u0161\u00ed mana\u017e\u00e9r?","og_url":"https:\/\/evertonfc.cz\/index.php\/2019\/11\/24\/everton-norwich-city-02-2\/","og_site_name":"Official Czech &amp; Slovak Everton Supporters&#039; Club","article_publisher":"https:\/\/www.facebook.com\/everton.fans.cz.sk","article_published_time":"2019-11-24T14:05:15+00:00","article_modified_time":"2019-11-24T15:41:37+00:00","og_image":[{"width":720,"height":405,"url":"https:\/\/evertonfc.cz\/wp-content\/uploads\/2019\/11\/Norwich-24-11-2019.jpg","type":"image\/jpeg"}],"author":"BlueBlooded","twitter_card":"summary_large_image","twitter_misc":{"Napsal(a)":"BlueBlooded","Odhadovan\u00e1 doba \u010dten\u00ed":"4 minuty"},"schema":{"@context":"https:\/\/schema.org","@graph":[{"@type":"Article","@id":"https:\/\/evertonfc.cz\/index.php\/2019\/11\/24\/everton-norwich-city-02-2\/#article","isPartOf":{"@id":"https:\/\/evertonfc.cz\/index.php\/2019\/11\/24\/everton-norwich-city-02-2\/"},"author":{"name":"BlueBlooded","@id":"https:\/\/evertonfc.cz\/#\/schema\/person\/d4493b8cbea51532597fbc4685698916"},"headline":"Everton \u2013 Norwich City 0:2","datePublished":"2019-11-24T14:05:15+00:00","dateModified":"2019-11-24T15:41:37+00:00","mainEntityOfPage":{"@id":"https:\/\/evertonfc.cz\/index.php\/2019\/11\/24\/everton-norwich-city-02-2\/"},"wordCount":818,"commentCount":5,"publisher":{"@id":"https:\/\/evertonfc.cz\/#organization"},"image":{"@id":"https:\/\/evertonfc.cz\/index.php\/2019\/11\/24\/everton-norwich-city-02-2\/#primaryimage"},"thumbnailUrl":"https:\/\/evertonfc.cz\/wp-content\/uploads\/2019\/11\/Norwich-24-11-2019.jpg","articleSection":["Z\u00e1pasy"],"inLanguage":"cs","potentialAction":[{"@type":"CommentAction","name":"Comment","target":["https:\/\/evertonfc.cz\/index.php\/2019\/11\/24\/everton-norwich-city-02-2\/#respond"]}]},{"@type":"WebPage","@id":"https:\/\/evertonfc.cz\/index.php\/2019\/11\/24\/everton-norwich-city-02-2\/","url":"https:\/\/evertonfc.cz\/index.php\/2019\/11\/24\/everton-norwich-city-02-2\/","name":"Everton \u2013 Norwich City 0:2 - Official Czech &amp; Slovak Everton Supporters&#039; Club","isPartOf":{"@id":"https:\/\/evertonfc.cz\/#website"},"primaryImageOfPage":{"@id":"https:\/\/evertonfc.cz\/index.php\/2019\/11\/24\/everton-norwich-city-02-2\/#primaryimage"},"image":{"@id":"https:\/\/evertonfc.cz\/index.php\/2019\/11\/24\/everton-norwich-city-02-2\/#primaryimage"},"thumbnailUrl":"https:\/\/evertonfc.cz\/wp-content\/uploads\/2019\/11\/Norwich-24-11-2019.jpg","datePublished":"2019-11-24T14:05:15+00:00","dateModified":"2019-11-24T15:41:37+00:00","breadcrumb":{"@id":"https:\/\/evertonfc.cz\/index.php\/2019\/11\/24\/everton-norwich-city-02-2\/#breadcrumb"},"inLanguage":"cs","potentialAction":[{"@type":"ReadAction","target":["https:\/\/evertonfc.cz\/index.php\/2019\/11\/24\/everton-norwich-city-02-2\/"]}]},{"@type":"ImageObject","inLanguage":"cs","@id":"https:\/\/evertonfc.cz\/index.php\/2019\/11\/24\/everton-norwich-city-02-2\/#primaryimage","url":"https:\/\/evertonfc.cz\/wp-content\/uploads\/2019\/11\/Norwich-24-11-2019.jpg","contentUrl":"https:\/\/evertonfc.cz\/wp-content\/uploads\/2019\/11\/Norwich-24-11-2019.jpg","width":720,"height":405},{"@type":"BreadcrumbList","@id":"https:\/\/evertonfc.cz\/index.php\/2019\/11\/24\/everton-norwich-city-02-2\/#breadcrumb","itemListElement":[{"@type":"ListItem","position":1,"name":"Home","item":"https:\/\/evertonfc.cz\/"},{"@type":"ListItem","position":2,"name":"Everton \u2013 Norwich City 0:2"}]},{"@type":"WebSite","@id":"https:\/\/evertonfc.cz\/#website","url":"https:\/\/evertonfc.cz\/","name":"Official Czech &amp; Slovak Everton Supporters&#039; Club","description":"","publisher":{"@id":"https:\/\/evertonfc.cz\/#organization"},"potentialAction":[{"@type":"SearchAction","target":{"@type":"EntryPoint","urlTemplate":"https:\/\/evertonfc.cz\/?s={search_term_string}"},"query-input":{"@type":"PropertyValueSpecification","valueRequired":true,"valueName":"search_term_string"}}],"inLanguage":"cs"},{"@type":"Organization","@id":"https:\/\/evertonfc.cz\/#organization","name":"Official Czech & Slovak Everton Supporters' Club","url":"https:\/\/evertonfc.cz\/","logo":{"@type":"ImageObject","inLanguage":"cs","@id":"https:\/\/evertonfc.cz\/#\/schema\/logo\/image\/","url":"https:\/\/evertonfc.cz\/wp-content\/uploads\/2019\/05\/logo.png","contentUrl":"https:\/\/evertonfc.cz\/wp-content\/uploads\/2019\/05\/logo.png","width":112,"height":112,"caption":"Official Czech & Slovak Everton Supporters' Club"},"image":{"@id":"https:\/\/evertonfc.cz\/#\/schema\/logo\/image\/"},"sameAs":["https:\/\/www.facebook.com\/everton.fans.cz.sk"]},{"@type":"Person","@id":"https:\/\/evertonfc.cz\/#\/schema\/person\/d4493b8cbea51532597fbc4685698916","name":"BlueBlooded","url":"https:\/\/evertonfc.cz\/index.php\/author\/admin\/"}]}},"_links":{"self":[{"href":"https:\/\/evertonfc.cz\/index.php\/wp-json\/wp\/v2\/posts\/9655"}],"collection":[{"href":"https:\/\/evertonfc.cz\/index.php\/wp-json\/wp\/v2\/posts"}],"about":[{"href":"https:\/\/evertonfc.cz\/index.php\/wp-json\/wp\/v2\/types\/post"}],"author":[{"embeddable":true,"href":"https:\/\/evertonfc.cz\/index.php\/wp-json\/wp\/v2\/users\/1"}],"replies":[{"embeddable":true,"href":"https:\/\/evertonfc.cz\/index.php\/wp-json\/wp\/v2\/comments?post=9655"}],"version-history":[{"count":9,"href":"https:\/\/evertonfc.cz\/index.php\/wp-json\/wp\/v2\/posts\/9655\/revisions"}],"predecessor-version":[{"id":9668,"href":"https:\/\/evertonfc.cz\/index.php\/wp-json\/wp\/v2\/posts\/9655\/revisions\/9668"}],"wp:featuredmedia":[{"embeddable":true,"href":"https:\/\/evertonfc.cz\/index.php\/wp-json\/wp\/v2\/media\/9659"}],"wp:attachment":[{"href":"https:\/\/evertonfc.cz\/index.php\/wp-json\/wp\/v2\/media?parent=9655"}],"wp:term":[{"taxonomy":"category","embeddable":true,"href":"https:\/\/evertonfc.cz\/index.php\/wp-json\/wp\/v2\/categories?post=9655"},{"taxonomy":"post_tag","embeddable":true,"href":"https:\/\/evertonfc.cz\/index.php\/wp-json\/wp\/v2\/tags?post=9655"}],"curies":[{"name":"wp","href":"https:\/\/api.w.org\/{rel}","templated":true}]}}