{"id":9692,"date":"2019-12-02T18:19:19","date_gmt":"2019-12-02T17:19:19","guid":{"rendered":"https:\/\/evertonfc.cz\/?p=9692"},"modified":"2019-12-02T19:43:21","modified_gmt":"2019-12-02T18:43:21","slug":"leicester-city-everton-21","status":"publish","type":"post","link":"https:\/\/evertonfc.cz\/index.php\/2019\/12\/02\/leicester-city-everton-21\/","title":{"rendered":"Leicester City &#8211; Everton 2:1"},"content":{"rendered":"<h4>Brankou v nastaven\u00e9m \u010dase se nakonec o\u010dek\u00e1van\u011b prohr\u00e1lo. A nyn\u00ed derby na h\u0159i\u0161ti prvn\u00edho&#8230;<\/h4>\n<p style=\"text-align: center;\"><strong><em>\u201eO<\/em><\/strong><em><strong>ne pill makes you larger&#8230;\u201c<\/strong><\/em><\/p>\n<p>St\u00e1le je\u0161t\u011b mana\u017eer Marco Silva se rozhodl pro zm\u011bnu rozestaven\u00ed. Na soupe\u0159e vyrukoval se t\u0159emi stopery, p\u0159i\u010dem\u017e dvojice francouzsk\u00fdch kamar\u00e1d\u016f Sidib\u00e9-Digne vyfasovala pozici wingback\u016f. Na hrotu se pro zm\u011bnu bil Calvert-Lewin. A pr\u00e1v\u011b Sidib\u00e9 m\u011bl prvn\u00ed \u0161anci z\u00e1pasu, ale asi o metr p\u0159est\u0159elil. Leicester odpov\u011bd\u011bl st\u0159elou P\u00e9reze p\u0159\u00edmo do Pickforda. Rozhod\u010d\u00ed Scott n\u00e1sledn\u011b odpustil \u017elutou kartu Daviesovi a po divn\u00e9 situaci se Sigurdssonem ve vlastn\u00ed \u0161estn\u00e1ctce (dom\u00e1c\u00ed reklamovali jeho ruku, ale Islan\u010fan dostal do obli\u010deje, nic z toho) se ujal Everton veden\u00ed. Iwobi, kter\u00fd tentokr\u00e1t hr\u00e1l k\u0159\u00eddlo, na\u0161el rozb\u011bhnunut\u00e9ho Sidib\u00e9ho a jeho centr zprava na\u0161el hlavu Richarlisona. Brazilec nen\u00ed kdov\u00edjak\u00fd hlavi\u010dk\u00e1\u0159, ale tentokr\u00e1t zakon\u010den\u00ed zvl\u00e1dl &#8211; <strong>0:1!\u00a0<\/strong>Vyrovnat se sna\u017eil Vardy, ale ne\u00fasp\u011b\u0161n\u011b, n\u00e1sledn\u011b videorozhod\u010d\u00ed odvolal p\u016fvodn\u011b na\u0159\u00edzenou penaltu pro Leicester za kontakt Holgata s Chilwellem. A kdy\u017e se neujala ani trma vrma o n\u011bkolik minut pozd\u011bji, tak \u0161el Everton do \u0161aten s p\u0159ekvapiv\u00fdm veden\u00edm, p\u0159i\u010dem\u017e dom\u00e1c\u00ed se do jasn\u00e9 \u0161ance nedostali.<\/p>\n<p style=\"text-align: center;\"><em><strong>\u201eAnd one pill makes you small&#8230;\u201c<\/strong><\/em><\/p>\n<p>Druh\u00fd polo\u010das o\u010dek\u00e1van\u011b za\u010dal tlakem Leicesteru, ale obrann\u00e1 hra host\u016f st\u00e1le fungovala dob\u0159e. Svou aktivitu v\u00fdrazn\u011b zv\u00fd\u0161il Ndidi, po jeho st\u0159ele a vyra\u017een\u00ed Pickforda musel odkop\u00e1vat na roh Sidib\u00e9. O n\u011bkolik minut pozd\u011bji rozhod\u010d\u00ed odpustil kartu pr\u00e1v\u011b Ndidimu za loket do b\u0159icha Miny. Obraz hry se ust\u00e1lil na &#8222;dom\u00e1c\u00ed maj\u00ed tlak a dr\u017een\u00ed m\u00ed\u010de, host\u00e9 podnikaj\u00ed p\u0159\u00edmo\u010dar\u00e9 proti\u00fatoky, kter\u00e9 nedotahuj\u00ed&#8220;. Na h\u0159i\u0161t\u011b tak musel Iheanacho, kdy\u017e vyst\u0159\u00eddal P\u00e9reze. Vlastn\u00ed st\u0159ela nevy\u0161la, spolupr\u00e1ce s Tielemansem tak\u00e9 ne, tak zakombinoval s Ndidim a p\u0159ihr\u00e1l na g\u00f3l Vardymu, kter\u00fd utekl Holgatovi a poda\u0159ilo se mu vecpat m\u00ed\u010d mezi bli\u017e\u0161\u00ed ty\u010d a Pickforda &#8211;\u00a0<strong>1:1.<\/strong><\/p>\n<p style=\"text-align: center;\"><em><strong>\u201eAnd the ones that mother gives you&#8230;\u201c\u00a0<\/strong><\/em><\/p>\n<p>Dom\u00e1c\u00ed pak za\u010dali utahovat \u0161rouby. Vardy na\u0161el po p\u0159ihr\u00e1vce Barnese na sedmi metrech Maddisona, ale jeho st\u0159ela trefila p\u0159\u00edmo Pickforda. V dal\u0161\u00ed \u0161anci se pr\u00e1v\u011b Vardy prom\u011bnil v zakon\u010dovatele, ale po centru Tielemanse hlavi\u010dkoval t\u011bsn\u011b nad. N\u00e1sledn\u011b se veden\u00ed ujal Everton &#8211; ale pouze m\u00e1lem. St\u0159ele &#8222;Mo\u0161eho&#8220; chyb\u011bly opravdu jen centimetry. A kdy\u017e u\u017e v posledn\u00ed desetiminutovce tlak Leicesteru polevil, tak p\u0159i\u0161la r\u00e1na v nastaven\u00e9m \u010dase. Iheanacho si sice poradil s obranou i brank\u00e1\u0159em Evertonu, ale pomezn\u00ed zvedl praporek. Viderozhod\u010d\u00ed po dlouh\u00e9m zkoum\u00e1n\u00ed videa g\u00f3l uznal<strong> &#8211; 2:1.<\/strong><\/p>\n<p style=\"text-align: center;\"><em><strong>\u201eDon&#8217;t do anything at all\u201c<\/strong><\/em><\/p>\n<p>Everton tak prohr\u00e1l utk\u00e1n\u00ed, ve kter\u00e9m mo\u017en\u00e1 nem\u011bl vyhr\u00e1t, ale ur\u010dit\u011b nem\u011bl podle pr\u016fb\u011bhu z\u00e1pasu prohr\u00e1t, by\u0165 Leicester byl m\u00edrn\u011b aktivn\u011bj\u0161\u00ed. Budoucnost mana\u017eera Marca Silvy tak z\u016fst\u00e1v\u00e1 nejist\u00e1, twitterov\u00fd \u00fa\u010det Alana Myerse, kter\u00fd slou\u017e\u00ed jako \u00fasta majitele klubu Mo\u0161\u00edr\u00edho sd\u011blil, \u017ee ve st\u0159ede\u010dn\u00edm derby Portugalec t\u00fdm (je\u0161t\u011b?) povede. A pot\u00e9?<\/p>\n<p>(<em>mezititulky: <strong>Grace Slickov\u00e1<\/strong>)<\/em><\/p>\n<p><strong>Branky:<\/strong>\u00a0<span data-source=\"lightstreamer\" data-grid=\"main\" data-item=\"item_529561\" data-field=\"scorers\">68. Vardy, 90+4. Iheanacho \u2013 23. Richarlison\u00a0<\/span><\/p>\n<p><strong>Karty:<\/strong><span data-source=\"lightstreamer\" data-grid=\"main\" data-item=\"item_529561\" data-field=\"cards\">\u00a045+2. Sigurdsson\u00a0<\/span><\/p>\n<p><strong>Leicester City FC:<\/strong>\u00a0<span data-source=\"lightstreamer\" data-grid=\"main\" data-item=\"item_529561\" data-field=\"report1\">Schmeichel \u2013 R. Pereira, J. Evans, S\u00f6y\u00fcnc\u00fc, Chilwell \u2013 Ndidi \u2013 Ayoze P\u00e9rez (62. Iheanacho), Tielemans, Maddison, H. Barnes (82. Albrighton) \u2013 Vardy<\/span><\/p>\n<p><strong>Everton FC:<\/strong>\u00a0<span data-source=\"lightstreamer\" data-grid=\"main\" data-item=\"item_529561\" data-field=\"report2\">Pickford \u2013 Holgate, Mina, M. Keane \u2013 Sidib\u00e9, Davies, Sigurdsson, Digne \u2013 Iwobi (78. Kean), Calvert-Lewin (78. Schneiderlin), Richarlison<\/span><\/p>\n<p><strong>Rozhod\u010d\u00ed:\u00a0<\/strong>Graham Scott<\/p>\n<p><strong>Div\u00e1ci: <\/strong>32 133<\/p>\n","protected":false},"excerpt":{"rendered":"<p>Brankou v nastaven\u00e9m \u010dase se nakonec o\u010dek\u00e1van\u011b prohr\u00e1lo. A nyn\u00ed derby na h\u0159i\u0161ti prvn\u00edho&#8230;<\/p>\n","protected":false},"author":12,"featured_media":9694,"comment_status":"open","ping_status":"closed","sticky":false,"template":"","format":"standard","meta":{"_eb_attr":"","_monsterinsights_skip_tracking":false,"_monsterinsights_sitenote_active":false,"_monsterinsights_sitenote_note":"","_monsterinsights_sitenote_category":0,"footnotes":""},"categories":[4],"tags":[],"yoast_head":"<!-- This site is optimized with the Yoast SEO plugin v23.4 - https:\/\/yoast.com\/wordpress\/plugins\/seo\/ -->\n<title>Leicester City - Everton 2:1 - Official Czech &amp; Slovak Everton Supporters&#039; Club<\/title>\n<meta name=\"robots\" content=\"index, follow, max-snippet:-1, max-image-preview:large, max-video-preview:-1\" \/>\n<link rel=\"canonical\" href=\"https:\/\/evertonfc.cz\/index.php\/2019\/12\/02\/leicester-city-everton-21\/\" \/>\n<meta property=\"og:locale\" content=\"cs_CZ\" \/>\n<meta property=\"og:type\" content=\"article\" \/>\n<meta property=\"og:title\" content=\"Leicester City - Everton 2:1 - Official Czech &amp; Slovak Everton Supporters&#039; Club\" \/>\n<meta property=\"og:description\" content=\"Brankou v nastaven\u00e9m \u010dase se nakonec o\u010dek\u00e1van\u011b prohr\u00e1lo. A nyn\u00ed derby na h\u0159i\u0161ti prvn\u00edho...\" \/>\n<meta property=\"og:url\" content=\"https:\/\/evertonfc.cz\/index.php\/2019\/12\/02\/leicester-city-everton-21\/\" \/>\n<meta property=\"og:site_name\" content=\"Official Czech &amp; Slovak Everton Supporters&#039; Club\" \/>\n<meta property=\"article:publisher\" content=\"https:\/\/www.facebook.com\/everton.fans.cz.sk\" \/>\n<meta property=\"article:published_time\" content=\"2019-12-02T17:19:19+00:00\" \/>\n<meta property=\"article:modified_time\" content=\"2019-12-02T18:43:21+00:00\" \/>\n<meta property=\"og:image\" content=\"https:\/\/evertonfc.cz\/wp-content\/uploads\/2019\/12\/silva_2_12_2019.jpg\" \/>\n\t<meta property=\"og:image:width\" content=\"720\" \/>\n\t<meta property=\"og:image:height\" content=\"405\" \/>\n\t<meta property=\"og:image:type\" content=\"image\/jpeg\" \/>\n<meta name=\"author\" content=\"Javor\" \/>\n<meta name=\"twitter:card\" content=\"summary_large_image\" \/>\n<meta name=\"twitter:creator\" content=\"@LoudinJan\" \/>\n<meta name=\"twitter:label1\" content=\"Napsal(a)\" \/>\n\t<meta name=\"twitter:data1\" content=\"Javor\" \/>\n\t<meta name=\"twitter:label2\" content=\"Odhadovan\u00e1 doba \u010dten\u00ed\" \/>\n\t<meta name=\"twitter:data2\" content=\"3 minuty\" \/>\n<script type=\"application\/ld+json\" class=\"yoast-schema-graph\">{\"@context\":\"https:\/\/schema.org\",\"@graph\":[{\"@type\":\"Article\",\"@id\":\"https:\/\/evertonfc.cz\/index.php\/2019\/12\/02\/leicester-city-everton-21\/#article\",\"isPartOf\":{\"@id\":\"https:\/\/evertonfc.cz\/index.php\/2019\/12\/02\/leicester-city-everton-21\/\"},\"author\":{\"name\":\"Javor\",\"@id\":\"https:\/\/evertonfc.cz\/#\/schema\/person\/b30daf6a5852f4811f8207a17ec1bf78\"},\"headline\":\"Leicester City &#8211; Everton 2:1\",\"datePublished\":\"2019-12-02T17:19:19+00:00\",\"dateModified\":\"2019-12-02T18:43:21+00:00\",\"mainEntityOfPage\":{\"@id\":\"https:\/\/evertonfc.cz\/index.php\/2019\/12\/02\/leicester-city-everton-21\/\"},\"wordCount\":627,\"commentCount\":8,\"publisher\":{\"@id\":\"https:\/\/evertonfc.cz\/#organization\"},\"image\":{\"@id\":\"https:\/\/evertonfc.cz\/index.php\/2019\/12\/02\/leicester-city-everton-21\/#primaryimage\"},\"thumbnailUrl\":\"https:\/\/evertonfc.cz\/wp-content\/uploads\/2019\/12\/silva_2_12_2019.jpg\",\"articleSection\":[\"Z\u00e1pasy\"],\"inLanguage\":\"cs\",\"potentialAction\":[{\"@type\":\"CommentAction\",\"name\":\"Comment\",\"target\":[\"https:\/\/evertonfc.cz\/index.php\/2019\/12\/02\/leicester-city-everton-21\/#respond\"]}]},{\"@type\":\"WebPage\",\"@id\":\"https:\/\/evertonfc.cz\/index.php\/2019\/12\/02\/leicester-city-everton-21\/\",\"url\":\"https:\/\/evertonfc.cz\/index.php\/2019\/12\/02\/leicester-city-everton-21\/\",\"name\":\"Leicester City - Everton 2:1 - Official Czech &amp; Slovak Everton Supporters&#039; Club\",\"isPartOf\":{\"@id\":\"https:\/\/evertonfc.cz\/#website\"},\"primaryImageOfPage\":{\"@id\":\"https:\/\/evertonfc.cz\/index.php\/2019\/12\/02\/leicester-city-everton-21\/#primaryimage\"},\"image\":{\"@id\":\"https:\/\/evertonfc.cz\/index.php\/2019\/12\/02\/leicester-city-everton-21\/#primaryimage\"},\"thumbnailUrl\":\"https:\/\/evertonfc.cz\/wp-content\/uploads\/2019\/12\/silva_2_12_2019.jpg\",\"datePublished\":\"2019-12-02T17:19:19+00:00\",\"dateModified\":\"2019-12-02T18:43:21+00:00\",\"breadcrumb\":{\"@id\":\"https:\/\/evertonfc.cz\/index.php\/2019\/12\/02\/leicester-city-everton-21\/#breadcrumb\"},\"inLanguage\":\"cs\",\"potentialAction\":[{\"@type\":\"ReadAction\",\"target\":[\"https:\/\/evertonfc.cz\/index.php\/2019\/12\/02\/leicester-city-everton-21\/\"]}]},{\"@type\":\"ImageObject\",\"inLanguage\":\"cs\",\"@id\":\"https:\/\/evertonfc.cz\/index.php\/2019\/12\/02\/leicester-city-everton-21\/#primaryimage\",\"url\":\"https:\/\/evertonfc.cz\/wp-content\/uploads\/2019\/12\/silva_2_12_2019.jpg\",\"contentUrl\":\"https:\/\/evertonfc.cz\/wp-content\/uploads\/2019\/12\/silva_2_12_2019.jpg\",\"width\":720,\"height\":405},{\"@type\":\"BreadcrumbList\",\"@id\":\"https:\/\/evertonfc.cz\/index.php\/2019\/12\/02\/leicester-city-everton-21\/#breadcrumb\",\"itemListElement\":[{\"@type\":\"ListItem\",\"position\":1,\"name\":\"Home\",\"item\":\"https:\/\/evertonfc.cz\/\"},{\"@type\":\"ListItem\",\"position\":2,\"name\":\"Leicester City &#8211; Everton 2:1\"}]},{\"@type\":\"WebSite\",\"@id\":\"https:\/\/evertonfc.cz\/#website\",\"url\":\"https:\/\/evertonfc.cz\/\",\"name\":\"Official Czech &amp; Slovak Everton Supporters&#039; Club\",\"description\":\"\",\"publisher\":{\"@id\":\"https:\/\/evertonfc.cz\/#organization\"},\"potentialAction\":[{\"@type\":\"SearchAction\",\"target\":{\"@type\":\"EntryPoint\",\"urlTemplate\":\"https:\/\/evertonfc.cz\/?s={search_term_string}\"},\"query-input\":{\"@type\":\"PropertyValueSpecification\",\"valueRequired\":true,\"valueName\":\"search_term_string\"}}],\"inLanguage\":\"cs\"},{\"@type\":\"Organization\",\"@id\":\"https:\/\/evertonfc.cz\/#organization\",\"name\":\"Official Czech & Slovak Everton Supporters' Club\",\"url\":\"https:\/\/evertonfc.cz\/\",\"logo\":{\"@type\":\"ImageObject\",\"inLanguage\":\"cs\",\"@id\":\"https:\/\/evertonfc.cz\/#\/schema\/logo\/image\/\",\"url\":\"https:\/\/evertonfc.cz\/wp-content\/uploads\/2019\/05\/logo.png\",\"contentUrl\":\"https:\/\/evertonfc.cz\/wp-content\/uploads\/2019\/05\/logo.png\",\"width\":112,\"height\":112,\"caption\":\"Official Czech & Slovak Everton Supporters' Club\"},\"image\":{\"@id\":\"https:\/\/evertonfc.cz\/#\/schema\/logo\/image\/\"},\"sameAs\":[\"https:\/\/www.facebook.com\/everton.fans.cz.sk\"]},{\"@type\":\"Person\",\"@id\":\"https:\/\/evertonfc.cz\/#\/schema\/person\/b30daf6a5852f4811f8207a17ec1bf78\",\"name\":\"Javor\",\"sameAs\":[\"https:\/\/x.com\/LoudinJan\"],\"url\":\"https:\/\/evertonfc.cz\/index.php\/author\/javor\/\"}]}<\/script>\n<!-- \/ Yoast SEO plugin. -->","yoast_head_json":{"title":"Leicester City - Everton 2:1 - Official Czech &amp; Slovak Everton Supporters&#039; Club","robots":{"index":"index","follow":"follow","max-snippet":"max-snippet:-1","max-image-preview":"max-image-preview:large","max-video-preview":"max-video-preview:-1"},"canonical":"https:\/\/evertonfc.cz\/index.php\/2019\/12\/02\/leicester-city-everton-21\/","og_locale":"cs_CZ","og_type":"article","og_title":"Leicester City - Everton 2:1 - Official Czech &amp; Slovak Everton Supporters&#039; Club","og_description":"Brankou v nastaven\u00e9m \u010dase se nakonec o\u010dek\u00e1van\u011b prohr\u00e1lo. A nyn\u00ed derby na h\u0159i\u0161ti prvn\u00edho...","og_url":"https:\/\/evertonfc.cz\/index.php\/2019\/12\/02\/leicester-city-everton-21\/","og_site_name":"Official Czech &amp; Slovak Everton Supporters&#039; Club","article_publisher":"https:\/\/www.facebook.com\/everton.fans.cz.sk","article_published_time":"2019-12-02T17:19:19+00:00","article_modified_time":"2019-12-02T18:43:21+00:00","og_image":[{"width":720,"height":405,"url":"https:\/\/evertonfc.cz\/wp-content\/uploads\/2019\/12\/silva_2_12_2019.jpg","type":"image\/jpeg"}],"author":"Javor","twitter_card":"summary_large_image","twitter_creator":"@LoudinJan","twitter_misc":{"Napsal(a)":"Javor","Odhadovan\u00e1 doba \u010dten\u00ed":"3 minuty"},"schema":{"@context":"https:\/\/schema.org","@graph":[{"@type":"Article","@id":"https:\/\/evertonfc.cz\/index.php\/2019\/12\/02\/leicester-city-everton-21\/#article","isPartOf":{"@id":"https:\/\/evertonfc.cz\/index.php\/2019\/12\/02\/leicester-city-everton-21\/"},"author":{"name":"Javor","@id":"https:\/\/evertonfc.cz\/#\/schema\/person\/b30daf6a5852f4811f8207a17ec1bf78"},"headline":"Leicester City &#8211; Everton 2:1","datePublished":"2019-12-02T17:19:19+00:00","dateModified":"2019-12-02T18:43:21+00:00","mainEntityOfPage":{"@id":"https:\/\/evertonfc.cz\/index.php\/2019\/12\/02\/leicester-city-everton-21\/"},"wordCount":627,"commentCount":8,"publisher":{"@id":"https:\/\/evertonfc.cz\/#organization"},"image":{"@id":"https:\/\/evertonfc.cz\/index.php\/2019\/12\/02\/leicester-city-everton-21\/#primaryimage"},"thumbnailUrl":"https:\/\/evertonfc.cz\/wp-content\/uploads\/2019\/12\/silva_2_12_2019.jpg","articleSection":["Z\u00e1pasy"],"inLanguage":"cs","potentialAction":[{"@type":"CommentAction","name":"Comment","target":["https:\/\/evertonfc.cz\/index.php\/2019\/12\/02\/leicester-city-everton-21\/#respond"]}]},{"@type":"WebPage","@id":"https:\/\/evertonfc.cz\/index.php\/2019\/12\/02\/leicester-city-everton-21\/","url":"https:\/\/evertonfc.cz\/index.php\/2019\/12\/02\/leicester-city-everton-21\/","name":"Leicester City - Everton 2:1 - Official Czech &amp; Slovak Everton Supporters&#039; Club","isPartOf":{"@id":"https:\/\/evertonfc.cz\/#website"},"primaryImageOfPage":{"@id":"https:\/\/evertonfc.cz\/index.php\/2019\/12\/02\/leicester-city-everton-21\/#primaryimage"},"image":{"@id":"https:\/\/evertonfc.cz\/index.php\/2019\/12\/02\/leicester-city-everton-21\/#primaryimage"},"thumbnailUrl":"https:\/\/evertonfc.cz\/wp-content\/uploads\/2019\/12\/silva_2_12_2019.jpg","datePublished":"2019-12-02T17:19:19+00:00","dateModified":"2019-12-02T18:43:21+00:00","breadcrumb":{"@id":"https:\/\/evertonfc.cz\/index.php\/2019\/12\/02\/leicester-city-everton-21\/#breadcrumb"},"inLanguage":"cs","potentialAction":[{"@type":"ReadAction","target":["https:\/\/evertonfc.cz\/index.php\/2019\/12\/02\/leicester-city-everton-21\/"]}]},{"@type":"ImageObject","inLanguage":"cs","@id":"https:\/\/evertonfc.cz\/index.php\/2019\/12\/02\/leicester-city-everton-21\/#primaryimage","url":"https:\/\/evertonfc.cz\/wp-content\/uploads\/2019\/12\/silva_2_12_2019.jpg","contentUrl":"https:\/\/evertonfc.cz\/wp-content\/uploads\/2019\/12\/silva_2_12_2019.jpg","width":720,"height":405},{"@type":"BreadcrumbList","@id":"https:\/\/evertonfc.cz\/index.php\/2019\/12\/02\/leicester-city-everton-21\/#breadcrumb","itemListElement":[{"@type":"ListItem","position":1,"name":"Home","item":"https:\/\/evertonfc.cz\/"},{"@type":"ListItem","position":2,"name":"Leicester City &#8211; Everton 2:1"}]},{"@type":"WebSite","@id":"https:\/\/evertonfc.cz\/#website","url":"https:\/\/evertonfc.cz\/","name":"Official Czech &amp; Slovak Everton Supporters&#039; Club","description":"","publisher":{"@id":"https:\/\/evertonfc.cz\/#organization"},"potentialAction":[{"@type":"SearchAction","target":{"@type":"EntryPoint","urlTemplate":"https:\/\/evertonfc.cz\/?s={search_term_string}"},"query-input":{"@type":"PropertyValueSpecification","valueRequired":true,"valueName":"search_term_string"}}],"inLanguage":"cs"},{"@type":"Organization","@id":"https:\/\/evertonfc.cz\/#organization","name":"Official Czech & Slovak Everton Supporters' Club","url":"https:\/\/evertonfc.cz\/","logo":{"@type":"ImageObject","inLanguage":"cs","@id":"https:\/\/evertonfc.cz\/#\/schema\/logo\/image\/","url":"https:\/\/evertonfc.cz\/wp-content\/uploads\/2019\/05\/logo.png","contentUrl":"https:\/\/evertonfc.cz\/wp-content\/uploads\/2019\/05\/logo.png","width":112,"height":112,"caption":"Official Czech & Slovak Everton Supporters' Club"},"image":{"@id":"https:\/\/evertonfc.cz\/#\/schema\/logo\/image\/"},"sameAs":["https:\/\/www.facebook.com\/everton.fans.cz.sk"]},{"@type":"Person","@id":"https:\/\/evertonfc.cz\/#\/schema\/person\/b30daf6a5852f4811f8207a17ec1bf78","name":"Javor","sameAs":["https:\/\/x.com\/LoudinJan"],"url":"https:\/\/evertonfc.cz\/index.php\/author\/javor\/"}]}},"_links":{"self":[{"href":"https:\/\/evertonfc.cz\/index.php\/wp-json\/wp\/v2\/posts\/9692"}],"collection":[{"href":"https:\/\/evertonfc.cz\/index.php\/wp-json\/wp\/v2\/posts"}],"about":[{"href":"https:\/\/evertonfc.cz\/index.php\/wp-json\/wp\/v2\/types\/post"}],"author":[{"embeddable":true,"href":"https:\/\/evertonfc.cz\/index.php\/wp-json\/wp\/v2\/users\/12"}],"replies":[{"embeddable":true,"href":"https:\/\/evertonfc.cz\/index.php\/wp-json\/wp\/v2\/comments?post=9692"}],"version-history":[{"count":3,"href":"https:\/\/evertonfc.cz\/index.php\/wp-json\/wp\/v2\/posts\/9692\/revisions"}],"predecessor-version":[{"id":9696,"href":"https:\/\/evertonfc.cz\/index.php\/wp-json\/wp\/v2\/posts\/9692\/revisions\/9696"}],"wp:featuredmedia":[{"embeddable":true,"href":"https:\/\/evertonfc.cz\/index.php\/wp-json\/wp\/v2\/media\/9694"}],"wp:attachment":[{"href":"https:\/\/evertonfc.cz\/index.php\/wp-json\/wp\/v2\/media?parent=9692"}],"wp:term":[{"taxonomy":"category","embeddable":true,"href":"https:\/\/evertonfc.cz\/index.php\/wp-json\/wp\/v2\/categories?post=9692"},{"taxonomy":"post_tag","embeddable":true,"href":"https:\/\/evertonfc.cz\/index.php\/wp-json\/wp\/v2\/tags?post=9692"}],"curies":[{"name":"wp","href":"https:\/\/api.w.org\/{rel}","templated":true}]}}