{"id":9706,"date":"2019-12-04T13:49:09","date_gmt":"2019-12-04T12:49:09","guid":{"rendered":"https:\/\/evertonfc.cz\/?p=9706"},"modified":"2021-02-20T11:43:01","modified_gmt":"2021-02-20T10:43:01","slug":"preview-liverpool-everton-4-12-2019","status":"publish","type":"post","link":"https:\/\/evertonfc.cz\/index.php\/2019\/12\/04\/preview-liverpool-everton-4-12-2019\/","title":{"rendered":"Preview: Liverpool &#8211; Everton"},"content":{"rendered":"<h4>\u010casto se cituje v\u011bta, \u017ee derby nem\u00e1 favorita. Tentokr\u00e1t to pravda nen\u00ed.<\/h4>\n<p>Jsou j\u00edm dom\u00e1c\u00ed &#8211; a to v\u00fdrazn\u011b. Nejde jen o to, \u017ee se z\u00e1pas kon\u00e1 na jejich stadionu, jde i o formu a postaven\u00ed v tabulce. Ta nel\u017ee. Prvn\u00ed host\u00ed sedmn\u00e1ct\u00e9ho. 26 bod\u016f rozd\u00edl. Spolu s Li\u0161kami jsou RS t\u00fdmem, kter\u00fd posledn\u00edch p\u011bt z\u00e1pas\u016f v lize vyhr\u00e1l. A na druh\u00e9 m\u00edsto maj\u00ed n\u00e1skok osm bod\u016f, p\u0159i\u010dem\u017e druh\u00fd Manchester City m\u00e1 stejn\u011b bod\u016f jako Leicester, kter\u00fd m\u00e1 o z\u00e1pas m\u00e9n\u011b. Jak vypad\u00e1 jejich sez\u00f3na v jin\u00fdch sout\u011b\u017e\u00edch? V Lize Mistr\u016f jim sta\u010d\u00ed bod ze Solnohradu k postupu ze z\u00e1kladn\u00ed skupiny, ve \u010dtvrtfin\u00e1le Ligov\u00e9ho poh\u00e1ru hraj\u00ed na Aston Ville, do boj\u016f o Anglick\u00fd poh\u00e1r jako kter\u00fdkoliv t\u00fdm PL samoz\u0159ejm\u011b je\u0161t\u011b nezas\u00e1hli &#8211; a nep\u0159ejdou prvn\u00ed p\u0159ek\u00e1\u017eku.<\/p>\n<p>Situace v Evertonu tu byla rozeb\u00edr\u00e1na ji\u017e mnohokr\u00e1t, v\u011bt\u0161inov\u00fd n\u00e1zor je ten, \u017ee dne\u0161n\u00ed z\u00e1pas je pro Marca Silvu posledn\u00ed v jeho kari\u00e9\u0159e na Goodison Parku. Ofici\u00e1ln\u011b ale nic potvrzeno \u010di \u0159e\u010deno nebylo, tak\u017ee spekulace maj\u00ed voln\u00e9 pole p\u016fsobnosti. Jak po proh\u0159e v Leicesteru, tak v\u010dera na tiskov\u00e9 konferenci p\u016fsobil Portugalec jako zlomen\u00fd \u010dlov\u011bk, \u010demu\u017e se nen\u00ed co divit. Pozice mana\u017eera \u010di tren\u00e9ra ve vrcholn\u00e9m fotbale je hodn\u011b stresuj\u00edc\u00ed.<\/p>\n<p>Co n\u00e1m ale sd\u011blil? Coleman se zran\u011bn\u00fdm \u017eebrem a Delph se zran\u011bn\u00fdm p\u0159itahova\u010dem stehenn\u00edho svalu skoro ur\u010dit\u011b nebudou. Pochopiteln\u011b budou chyb\u011bt Gbamin s Gomesem, ty opravdu hned tak na h\u0159i\u0161ti neuvid\u00edme. Ale p\u0159ece jen \u0159ekl dobrou zpr\u00e1vu &#8211; Walcott se ji\u017e uzdravil a je tedy k dispozici. Dom\u00e1c\u00edm bude chyb\u011bt brank\u00e1\u0159 Alisson, kter\u00fd si 15 minut p\u0159ed koncem sobotn\u00edho z\u00e1pasu spletl h\u00e1zenou s fotbalem. Nastoupit musel n\u00e1hradn\u00edk Adrian, hned inkasoval a Brighton m\u011bl k rem\u00edze v posledn\u00ed desetiminutovce bl\u00edzko. N\u00e1sledn\u011b si fandov\u00e9 klubu spletli na \u0161t\u011bbet\u00e1lkovi \u00fa\u010det brank\u00e1\u0159e s \u00fa\u010dtem stejnojmenn\u00e9 here\u010dky. Zran\u011bn\u00ed? Clyne a Matip nebudou hr\u00e1t kv\u016fli zran\u011bn\u00e9mu koleni, Fabinha nepust\u00ed do z\u00e1pasu kotn\u00edk.<\/p>\n<p>Osobn\u011b bych r\u00e1d vid\u011bl tuhle sestavu: Pickford &#8211; Digne, Mina, Keane, Sidib\u00e9 &#8211; Richarlison, Schneiderlin, Davies, Iwobi &#8211; Clavert-Lewin, Kean. Ale o tom si m\u016f\u017eu nechat jen zd\u00e1t, pravd\u011bpodobn\u011bj\u0161\u00ed je strome\u010dek nebo nasazen\u00ed Sigurdssona od za\u010d\u00e1tku.<\/p>\n<p><strong>Co:\u00a0<\/strong>Liverpool FC &#8211; Everton FC, 15. kolo Premier League<br \/>\n<strong>Kdy:\u00a0<\/strong>4. 12. 2019 od 21:15 (na to pozor)<br \/>\n<strong>TV:\u00a0<\/strong>Z\u00e1znam na stanici Premier Sport od 22:25<br \/>\n<strong>Kde:\u00a0<\/strong>Anfield Road, Liverpool<br \/>\n<strong>Rozhod\u010d\u00ed:\u00a0<\/strong>Mike Dean &#8211; Darren Cann,\u00a0Dan Robathan<br \/>\n<strong>\u010ctvrt\u00fd rozhod\u010d\u00ed:\u00a0<\/strong>Anthony Taylor<br \/>\n<strong>Videorozhod\u010d\u00ed: <\/strong>Martin Atkinson<br \/>\n<strong>Asistent videorozhod\u010d\u00edho:<\/strong> Andy Halliday<\/p>\n","protected":false},"excerpt":{"rendered":"<p>\u010casto se cituje v\u011bta, \u017ee derby nem\u00e1 favorita. Tentokr\u00e1t to pravda nen\u00ed.<\/p>\n","protected":false},"author":12,"featured_media":14233,"comment_status":"open","ping_status":"closed","sticky":false,"template":"","format":"standard","meta":{"_eb_attr":"","_monsterinsights_skip_tracking":false,"_monsterinsights_sitenote_active":false,"_monsterinsights_sitenote_note":"","_monsterinsights_sitenote_category":0,"footnotes":""},"categories":[4],"tags":[],"yoast_head":"<!-- This site is optimized with the Yoast SEO plugin v23.4 - https:\/\/yoast.com\/wordpress\/plugins\/seo\/ -->\n<title>Preview: Liverpool - Everton - Official Czech &amp; Slovak Everton Supporters&#039; Club<\/title>\n<meta name=\"robots\" content=\"index, follow, max-snippet:-1, max-image-preview:large, max-video-preview:-1\" \/>\n<link rel=\"canonical\" href=\"https:\/\/evertonfc.cz\/index.php\/2019\/12\/04\/preview-liverpool-everton-4-12-2019\/\" \/>\n<meta property=\"og:locale\" content=\"cs_CZ\" \/>\n<meta property=\"og:type\" content=\"article\" \/>\n<meta property=\"og:title\" content=\"Preview: Liverpool - Everton - Official Czech &amp; Slovak Everton Supporters&#039; Club\" \/>\n<meta property=\"og:description\" content=\"\u010casto se cituje v\u011bta, \u017ee derby nem\u00e1 favorita. Tentokr\u00e1t to pravda nen\u00ed.\" \/>\n<meta property=\"og:url\" content=\"https:\/\/evertonfc.cz\/index.php\/2019\/12\/04\/preview-liverpool-everton-4-12-2019\/\" \/>\n<meta property=\"og:site_name\" content=\"Official Czech &amp; Slovak Everton Supporters&#039; Club\" \/>\n<meta property=\"article:publisher\" content=\"https:\/\/www.facebook.com\/everton.fans.cz.sk\" \/>\n<meta property=\"article:published_time\" content=\"2019-12-04T12:49:09+00:00\" \/>\n<meta property=\"article:modified_time\" content=\"2021-02-20T10:43:01+00:00\" \/>\n<meta property=\"og:image\" content=\"https:\/\/evertonfc.cz\/wp-content\/uploads\/2021\/02\/Liverpool-VS-Everton.jpg\" \/>\n\t<meta property=\"og:image:width\" content=\"720\" \/>\n\t<meta property=\"og:image:height\" content=\"405\" \/>\n\t<meta property=\"og:image:type\" content=\"image\/jpeg\" \/>\n<meta name=\"author\" content=\"Javor\" \/>\n<meta name=\"twitter:card\" content=\"summary_large_image\" \/>\n<meta name=\"twitter:creator\" content=\"@LoudinJan\" \/>\n<meta name=\"twitter:label1\" content=\"Napsal(a)\" \/>\n\t<meta name=\"twitter:data1\" content=\"Javor\" \/>\n\t<meta name=\"twitter:label2\" content=\"Odhadovan\u00e1 doba \u010dten\u00ed\" \/>\n\t<meta name=\"twitter:data2\" content=\"2 minuty\" \/>\n<script type=\"application\/ld+json\" class=\"yoast-schema-graph\">{\"@context\":\"https:\/\/schema.org\",\"@graph\":[{\"@type\":\"Article\",\"@id\":\"https:\/\/evertonfc.cz\/index.php\/2019\/12\/04\/preview-liverpool-everton-4-12-2019\/#article\",\"isPartOf\":{\"@id\":\"https:\/\/evertonfc.cz\/index.php\/2019\/12\/04\/preview-liverpool-everton-4-12-2019\/\"},\"author\":{\"name\":\"Javor\",\"@id\":\"https:\/\/evertonfc.cz\/#\/schema\/person\/b30daf6a5852f4811f8207a17ec1bf78\"},\"headline\":\"Preview: Liverpool &#8211; Everton\",\"datePublished\":\"2019-12-04T12:49:09+00:00\",\"dateModified\":\"2021-02-20T10:43:01+00:00\",\"mainEntityOfPage\":{\"@id\":\"https:\/\/evertonfc.cz\/index.php\/2019\/12\/04\/preview-liverpool-everton-4-12-2019\/\"},\"wordCount\":492,\"commentCount\":29,\"publisher\":{\"@id\":\"https:\/\/evertonfc.cz\/#organization\"},\"image\":{\"@id\":\"https:\/\/evertonfc.cz\/index.php\/2019\/12\/04\/preview-liverpool-everton-4-12-2019\/#primaryimage\"},\"thumbnailUrl\":\"https:\/\/evertonfc.cz\/wp-content\/uploads\/2021\/02\/Liverpool-VS-Everton.jpg\",\"articleSection\":[\"Z\u00e1pasy\"],\"inLanguage\":\"cs\",\"potentialAction\":[{\"@type\":\"CommentAction\",\"name\":\"Comment\",\"target\":[\"https:\/\/evertonfc.cz\/index.php\/2019\/12\/04\/preview-liverpool-everton-4-12-2019\/#respond\"]}]},{\"@type\":\"WebPage\",\"@id\":\"https:\/\/evertonfc.cz\/index.php\/2019\/12\/04\/preview-liverpool-everton-4-12-2019\/\",\"url\":\"https:\/\/evertonfc.cz\/index.php\/2019\/12\/04\/preview-liverpool-everton-4-12-2019\/\",\"name\":\"Preview: Liverpool - Everton - Official Czech &amp; Slovak Everton Supporters&#039; Club\",\"isPartOf\":{\"@id\":\"https:\/\/evertonfc.cz\/#website\"},\"primaryImageOfPage\":{\"@id\":\"https:\/\/evertonfc.cz\/index.php\/2019\/12\/04\/preview-liverpool-everton-4-12-2019\/#primaryimage\"},\"image\":{\"@id\":\"https:\/\/evertonfc.cz\/index.php\/2019\/12\/04\/preview-liverpool-everton-4-12-2019\/#primaryimage\"},\"thumbnailUrl\":\"https:\/\/evertonfc.cz\/wp-content\/uploads\/2021\/02\/Liverpool-VS-Everton.jpg\",\"datePublished\":\"2019-12-04T12:49:09+00:00\",\"dateModified\":\"2021-02-20T10:43:01+00:00\",\"breadcrumb\":{\"@id\":\"https:\/\/evertonfc.cz\/index.php\/2019\/12\/04\/preview-liverpool-everton-4-12-2019\/#breadcrumb\"},\"inLanguage\":\"cs\",\"potentialAction\":[{\"@type\":\"ReadAction\",\"target\":[\"https:\/\/evertonfc.cz\/index.php\/2019\/12\/04\/preview-liverpool-everton-4-12-2019\/\"]}]},{\"@type\":\"ImageObject\",\"inLanguage\":\"cs\",\"@id\":\"https:\/\/evertonfc.cz\/index.php\/2019\/12\/04\/preview-liverpool-everton-4-12-2019\/#primaryimage\",\"url\":\"https:\/\/evertonfc.cz\/wp-content\/uploads\/2021\/02\/Liverpool-VS-Everton.jpg\",\"contentUrl\":\"https:\/\/evertonfc.cz\/wp-content\/uploads\/2021\/02\/Liverpool-VS-Everton.jpg\",\"width\":720,\"height\":405},{\"@type\":\"BreadcrumbList\",\"@id\":\"https:\/\/evertonfc.cz\/index.php\/2019\/12\/04\/preview-liverpool-everton-4-12-2019\/#breadcrumb\",\"itemListElement\":[{\"@type\":\"ListItem\",\"position\":1,\"name\":\"Home\",\"item\":\"https:\/\/evertonfc.cz\/\"},{\"@type\":\"ListItem\",\"position\":2,\"name\":\"Preview: Liverpool &#8211; Everton\"}]},{\"@type\":\"WebSite\",\"@id\":\"https:\/\/evertonfc.cz\/#website\",\"url\":\"https:\/\/evertonfc.cz\/\",\"name\":\"Official Czech &amp; Slovak Everton Supporters&#039; Club\",\"description\":\"\",\"publisher\":{\"@id\":\"https:\/\/evertonfc.cz\/#organization\"},\"potentialAction\":[{\"@type\":\"SearchAction\",\"target\":{\"@type\":\"EntryPoint\",\"urlTemplate\":\"https:\/\/evertonfc.cz\/?s={search_term_string}\"},\"query-input\":{\"@type\":\"PropertyValueSpecification\",\"valueRequired\":true,\"valueName\":\"search_term_string\"}}],\"inLanguage\":\"cs\"},{\"@type\":\"Organization\",\"@id\":\"https:\/\/evertonfc.cz\/#organization\",\"name\":\"Official Czech & Slovak Everton Supporters' Club\",\"url\":\"https:\/\/evertonfc.cz\/\",\"logo\":{\"@type\":\"ImageObject\",\"inLanguage\":\"cs\",\"@id\":\"https:\/\/evertonfc.cz\/#\/schema\/logo\/image\/\",\"url\":\"https:\/\/evertonfc.cz\/wp-content\/uploads\/2019\/05\/logo.png\",\"contentUrl\":\"https:\/\/evertonfc.cz\/wp-content\/uploads\/2019\/05\/logo.png\",\"width\":112,\"height\":112,\"caption\":\"Official Czech & Slovak Everton Supporters' Club\"},\"image\":{\"@id\":\"https:\/\/evertonfc.cz\/#\/schema\/logo\/image\/\"},\"sameAs\":[\"https:\/\/www.facebook.com\/everton.fans.cz.sk\"]},{\"@type\":\"Person\",\"@id\":\"https:\/\/evertonfc.cz\/#\/schema\/person\/b30daf6a5852f4811f8207a17ec1bf78\",\"name\":\"Javor\",\"sameAs\":[\"https:\/\/x.com\/LoudinJan\"],\"url\":\"https:\/\/evertonfc.cz\/index.php\/author\/javor\/\"}]}<\/script>\n<!-- \/ Yoast SEO plugin. -->","yoast_head_json":{"title":"Preview: Liverpool - Everton - Official Czech &amp; Slovak Everton Supporters&#039; Club","robots":{"index":"index","follow":"follow","max-snippet":"max-snippet:-1","max-image-preview":"max-image-preview:large","max-video-preview":"max-video-preview:-1"},"canonical":"https:\/\/evertonfc.cz\/index.php\/2019\/12\/04\/preview-liverpool-everton-4-12-2019\/","og_locale":"cs_CZ","og_type":"article","og_title":"Preview: Liverpool - Everton - Official Czech &amp; Slovak Everton Supporters&#039; Club","og_description":"\u010casto se cituje v\u011bta, \u017ee derby nem\u00e1 favorita. Tentokr\u00e1t to pravda nen\u00ed.","og_url":"https:\/\/evertonfc.cz\/index.php\/2019\/12\/04\/preview-liverpool-everton-4-12-2019\/","og_site_name":"Official Czech &amp; Slovak Everton Supporters&#039; Club","article_publisher":"https:\/\/www.facebook.com\/everton.fans.cz.sk","article_published_time":"2019-12-04T12:49:09+00:00","article_modified_time":"2021-02-20T10:43:01+00:00","og_image":[{"width":720,"height":405,"url":"https:\/\/evertonfc.cz\/wp-content\/uploads\/2021\/02\/Liverpool-VS-Everton.jpg","type":"image\/jpeg"}],"author":"Javor","twitter_card":"summary_large_image","twitter_creator":"@LoudinJan","twitter_misc":{"Napsal(a)":"Javor","Odhadovan\u00e1 doba \u010dten\u00ed":"2 minuty"},"schema":{"@context":"https:\/\/schema.org","@graph":[{"@type":"Article","@id":"https:\/\/evertonfc.cz\/index.php\/2019\/12\/04\/preview-liverpool-everton-4-12-2019\/#article","isPartOf":{"@id":"https:\/\/evertonfc.cz\/index.php\/2019\/12\/04\/preview-liverpool-everton-4-12-2019\/"},"author":{"name":"Javor","@id":"https:\/\/evertonfc.cz\/#\/schema\/person\/b30daf6a5852f4811f8207a17ec1bf78"},"headline":"Preview: Liverpool &#8211; Everton","datePublished":"2019-12-04T12:49:09+00:00","dateModified":"2021-02-20T10:43:01+00:00","mainEntityOfPage":{"@id":"https:\/\/evertonfc.cz\/index.php\/2019\/12\/04\/preview-liverpool-everton-4-12-2019\/"},"wordCount":492,"commentCount":29,"publisher":{"@id":"https:\/\/evertonfc.cz\/#organization"},"image":{"@id":"https:\/\/evertonfc.cz\/index.php\/2019\/12\/04\/preview-liverpool-everton-4-12-2019\/#primaryimage"},"thumbnailUrl":"https:\/\/evertonfc.cz\/wp-content\/uploads\/2021\/02\/Liverpool-VS-Everton.jpg","articleSection":["Z\u00e1pasy"],"inLanguage":"cs","potentialAction":[{"@type":"CommentAction","name":"Comment","target":["https:\/\/evertonfc.cz\/index.php\/2019\/12\/04\/preview-liverpool-everton-4-12-2019\/#respond"]}]},{"@type":"WebPage","@id":"https:\/\/evertonfc.cz\/index.php\/2019\/12\/04\/preview-liverpool-everton-4-12-2019\/","url":"https:\/\/evertonfc.cz\/index.php\/2019\/12\/04\/preview-liverpool-everton-4-12-2019\/","name":"Preview: Liverpool - Everton - Official Czech &amp; Slovak Everton Supporters&#039; Club","isPartOf":{"@id":"https:\/\/evertonfc.cz\/#website"},"primaryImageOfPage":{"@id":"https:\/\/evertonfc.cz\/index.php\/2019\/12\/04\/preview-liverpool-everton-4-12-2019\/#primaryimage"},"image":{"@id":"https:\/\/evertonfc.cz\/index.php\/2019\/12\/04\/preview-liverpool-everton-4-12-2019\/#primaryimage"},"thumbnailUrl":"https:\/\/evertonfc.cz\/wp-content\/uploads\/2021\/02\/Liverpool-VS-Everton.jpg","datePublished":"2019-12-04T12:49:09+00:00","dateModified":"2021-02-20T10:43:01+00:00","breadcrumb":{"@id":"https:\/\/evertonfc.cz\/index.php\/2019\/12\/04\/preview-liverpool-everton-4-12-2019\/#breadcrumb"},"inLanguage":"cs","potentialAction":[{"@type":"ReadAction","target":["https:\/\/evertonfc.cz\/index.php\/2019\/12\/04\/preview-liverpool-everton-4-12-2019\/"]}]},{"@type":"ImageObject","inLanguage":"cs","@id":"https:\/\/evertonfc.cz\/index.php\/2019\/12\/04\/preview-liverpool-everton-4-12-2019\/#primaryimage","url":"https:\/\/evertonfc.cz\/wp-content\/uploads\/2021\/02\/Liverpool-VS-Everton.jpg","contentUrl":"https:\/\/evertonfc.cz\/wp-content\/uploads\/2021\/02\/Liverpool-VS-Everton.jpg","width":720,"height":405},{"@type":"BreadcrumbList","@id":"https:\/\/evertonfc.cz\/index.php\/2019\/12\/04\/preview-liverpool-everton-4-12-2019\/#breadcrumb","itemListElement":[{"@type":"ListItem","position":1,"name":"Home","item":"https:\/\/evertonfc.cz\/"},{"@type":"ListItem","position":2,"name":"Preview: Liverpool &#8211; Everton"}]},{"@type":"WebSite","@id":"https:\/\/evertonfc.cz\/#website","url":"https:\/\/evertonfc.cz\/","name":"Official Czech &amp; Slovak Everton Supporters&#039; Club","description":"","publisher":{"@id":"https:\/\/evertonfc.cz\/#organization"},"potentialAction":[{"@type":"SearchAction","target":{"@type":"EntryPoint","urlTemplate":"https:\/\/evertonfc.cz\/?s={search_term_string}"},"query-input":{"@type":"PropertyValueSpecification","valueRequired":true,"valueName":"search_term_string"}}],"inLanguage":"cs"},{"@type":"Organization","@id":"https:\/\/evertonfc.cz\/#organization","name":"Official Czech & Slovak Everton Supporters' Club","url":"https:\/\/evertonfc.cz\/","logo":{"@type":"ImageObject","inLanguage":"cs","@id":"https:\/\/evertonfc.cz\/#\/schema\/logo\/image\/","url":"https:\/\/evertonfc.cz\/wp-content\/uploads\/2019\/05\/logo.png","contentUrl":"https:\/\/evertonfc.cz\/wp-content\/uploads\/2019\/05\/logo.png","width":112,"height":112,"caption":"Official Czech & Slovak Everton Supporters' Club"},"image":{"@id":"https:\/\/evertonfc.cz\/#\/schema\/logo\/image\/"},"sameAs":["https:\/\/www.facebook.com\/everton.fans.cz.sk"]},{"@type":"Person","@id":"https:\/\/evertonfc.cz\/#\/schema\/person\/b30daf6a5852f4811f8207a17ec1bf78","name":"Javor","sameAs":["https:\/\/x.com\/LoudinJan"],"url":"https:\/\/evertonfc.cz\/index.php\/author\/javor\/"}]}},"_links":{"self":[{"href":"https:\/\/evertonfc.cz\/index.php\/wp-json\/wp\/v2\/posts\/9706"}],"collection":[{"href":"https:\/\/evertonfc.cz\/index.php\/wp-json\/wp\/v2\/posts"}],"about":[{"href":"https:\/\/evertonfc.cz\/index.php\/wp-json\/wp\/v2\/types\/post"}],"author":[{"embeddable":true,"href":"https:\/\/evertonfc.cz\/index.php\/wp-json\/wp\/v2\/users\/12"}],"replies":[{"embeddable":true,"href":"https:\/\/evertonfc.cz\/index.php\/wp-json\/wp\/v2\/comments?post=9706"}],"version-history":[{"count":2,"href":"https:\/\/evertonfc.cz\/index.php\/wp-json\/wp\/v2\/posts\/9706\/revisions"}],"predecessor-version":[{"id":9709,"href":"https:\/\/evertonfc.cz\/index.php\/wp-json\/wp\/v2\/posts\/9706\/revisions\/9709"}],"wp:featuredmedia":[{"embeddable":true,"href":"https:\/\/evertonfc.cz\/index.php\/wp-json\/wp\/v2\/media\/14233"}],"wp:attachment":[{"href":"https:\/\/evertonfc.cz\/index.php\/wp-json\/wp\/v2\/media?parent=9706"}],"wp:term":[{"taxonomy":"category","embeddable":true,"href":"https:\/\/evertonfc.cz\/index.php\/wp-json\/wp\/v2\/categories?post=9706"},{"taxonomy":"post_tag","embeddable":true,"href":"https:\/\/evertonfc.cz\/index.php\/wp-json\/wp\/v2\/tags?post=9706"}],"curies":[{"name":"wp","href":"https:\/\/api.w.org\/{rel}","templated":true}]}}