{"id":9714,"date":"2019-12-05T12:35:48","date_gmt":"2019-12-05T11:35:48","guid":{"rendered":"https:\/\/evertonfc.cz\/?p=9714"},"modified":"2019-12-05T14:54:01","modified_gmt":"2019-12-05T13:54:01","slug":"liverpool-everton-52","status":"publish","type":"post","link":"https:\/\/evertonfc.cz\/index.php\/2019\/12\/05\/liverpool-everton-52\/","title":{"rendered":"Liverpool \u2013 Everton 5:2"},"content":{"rendered":"<h4>Sklamanie, z\u00fafalstvo a bezmocnos\u0165. Tak\u00e9 pocity prevl\u00e1dali a st\u00e1le lomcuj\u00fa hlavami v\u0161etk\u00fdch, ktor\u00fdm je Everton drah\u00fd. Mesto Liverpool je bohu\u017eia\u013e op\u00e4\u0165 raz \u010derven\u00e9.<\/h4>\n<p>\u010co m\u00f4\u017eu ma\u0165 v\u00a0bud\u00facnosti spolo\u010dn\u00e9 Evertonians a\u00a0severok\u00f3rejsk\u00e9 obyvate\u013estvo? Ubit\u00fa letargickos\u0165, prameniacu z\u00a0bezn\u00e1deje na zmenu, ktor\u00e1 m\u00e1rne vol\u00e1 sama po sebe. Z\u00a0dlhej chv\u00edle sa stane zvyk, zo zvyku z\u00e1sada a\u00a0zo z\u00e1sady ne\u013e\u00fatostn\u00fd re\u017eim masochizmu, zab\u00e1vaj\u00faci u\u017e ni\u010d netu\u0161iacu popul\u00e1ciu novej gener\u00e1cie.<\/p>\n<p>Do z\u00e1pasu sa malo \u00eds\u0165 zo zdvihnutou hlavou, odch\u00e1dzalo sa v\u0161ak so stiahnut\u00fdm chvostom. Asi preto, \u017ee mu\u017estvo v rovnakej zostave ako cez v\u00edkend, lovilo loptu z vlastnej siete u\u017e v 6. min\u00fate. Sta\u010dil na to jedin\u00fd proti\u00fatok po vlastnej ne\u00faspe\u0161nej akcii, ktor\u00fa hlavi\u010dkou z v\u00e1pna odvr\u00e1til Robertson, prevzal Lallana a potiahol stredom.<\/p>\n<p>Daviesovi pozi\u010dne nevy\u0161lo zachytenie prihr\u00e1vky na Man\u00e9ho a tomu sa t\u00fdm p\u00e1dom otvoril ve\u013ek\u00fd priestor na kontru. Zo stredu mu zbiehal Origi a\u00a0Man\u00e9 ho na\u0161iel citliv\u00fdm vysunut\u00edm lopty. Belgi\u010dan si u\u017e len poradil s\u00a0Pickfordom a\u00a0zakon\u010dil do pr\u00e1zdnej br\u00e1ny. Tak\u00e9to potupenie je hodn\u00e9 konca z\u00e1pasu pri tot\u00e1lnom rezignovan\u00ed.<\/p>\n<p>Mina mohol Origiho pri n\u00e1behu odstavi\u0165 telom, Keane zachyti\u0165 prihr\u00e1vku sklzom a\u00a0Holgate zblokova\u0165 Man\u00e9ho. Ani jedno sa nestalo, tak\u017ee sk\u00f3re sa menilo. A\u00a0neostalo pri jednom. O\u00a0desa\u0165 min\u00fat op\u00e4\u0165 proti\u00fatok, dlh\u00e1 a prudk\u00e1 kr\u00ed\u017ena prihr\u00e1vka na Man\u00e9ho, ne\u010d\u00edhan\u00fd diagon\u00e1lny n\u00e1beh Shaqiriho a\u00a0g\u00f3l cez obranu materskej \u0161koly.<\/p>\n<p>Na\u0161\u0165astie pri\u0161la aj odpove\u010f po nakr\u00e1tko zahratom rohu. K\u00a0lopte sa dostal Iwobi a poslal strielan\u00fa loptu do v\u00e1pna. Na\u0161iel si ju Keane a\u00a0z\u00a0tesnej bl\u00edzkosti dorazil do br\u00e1ny. Stav 2:1 nane\u0161\u0165astie dlho nevydr\u017eal. Lovren z\u00a0vlastnej polovice len nakopol loptu na Origiho do neust\u00e1le nepozornej obrany Karameliek.<\/p>\n<p>Druhorad\u00fd \u00fato\u010dn\u00edk rivala zakon\u010dil obl\u00fa\u010dikom ponad brank\u00e1ra s\u0165a svetov\u00e1 superstar. T\u00fa z neho spravil pr\u00e1ve Everton minul\u00fd rok. Odvtedy sa Divock \u0161etr\u00ed len na v\u00fdznamn\u00e9 z\u00e1pasy a strie\u013ea rozhoduj\u00face g\u00f3ly Barcelone a n\u00e1m v Merseyside derby. V \u0161tvrtom g\u00f3le prsty ale nemal. \u010cinil sa tentokr\u00e1t Man\u00e9. Ako inak, z proti\u00fatoku.<\/p>\n<p>Odvr\u00e1ten\u00fd center do \u0161estn\u00e1stky, v\u00fdmena medzi Man\u00e9m a\u00a0Alexander-Arnoldom, \u0165ah na br\u00e1nu, op\u00e4tovn\u00e1 v\u00fdmena a\u00a0zakon\u010denie z\u00a0prvej. 4:1. Skon\u010dil som s\u00a0komentovan\u00edm br\u00e1nenia t\u00edmu, ktor\u00fd pri\u0161iel robi\u0165 dom\u00e1cim komparz. \u0160tyri strely na br\u00e1nu, \u0161tyri g\u00f3ly. Stopercentn\u00e1 priepustnos\u0165 = stopercentn\u00e1 efektivita.<\/p>\n<p>Na Richarlisonov konsolida\u010dn\u00fd pred pol\u010dasovou prest\u00e1vkou sa spoliehali mnoh\u00ed, no \u017eiadnu vzpruhu to v druhom dejstve neprinieslo. Prihr\u00e1val mu na\u0148 Bernard a Braz\u00edl\u010dan s \u010derstvou zmluvou sa do toho polo\u017eil peknou rybi\u010dkou. Bodka za z\u00e1pasom to v\u0161ak nebola. Povestn\u00fd klinec zabil Wijnaldum. Firmino str\u00e1pnil Holgatea, uvo\u013enil zabudnut\u00e9ho Holan\u010fana a ten prep\u00e1lil v\u0161etko pred sebou.<\/p>\n<p>Piaty inkasovan\u00fd g\u00f3l v na\u0161ej sieti, prv\u00fd raz v derby od novembra 1982, bol u\u017e pr\u00edli\u0161 aj pre tvrd\u00e9 jadro veriacich, ktor\u00ed mali t\u00fa smolu a dostali sa do hos\u0165ovsk\u00e9ho sektora. H\u00fafny odchod v\u0161ak boles\u0165 nezmiernil. T\u00e1 bude v ran\u00e1ch e\u0161te nejak\u00fd ten \u010das pulzova\u0165. A nesk\u00f4r aj v jazv\u00e1ch rezonova\u0165, pri ka\u017edom v\u0161ednom aj v\u010fa\u010dnom pripomenut\u00ed.<\/p>\n<hr \/>\n<p><strong>Zostrihy:\u00a0<\/strong><a href=\"https:\/\/www.evertonfc.com\/news\/1517777\/watch-liverpool-v-everton-in-depth-highlights\" target=\"_blank\" rel=\"noopener noreferrer\">Ofici\u00e1lna str\u00e1nka klubu<\/a><\/p>\n<p><strong>G\u00f3ly: <\/strong>6\u00b4 Origi (Man\u00e9), 17\u00b4 Shaqiri (Man\u00e9), 21\u00b4 Keane, 31\u00b4 Origi (Lovren), 45\u00b4Man\u00e9 (Alexander-Arnold), 45+3\u00b4 Richarlison (Bernard), 90\u00b4 Wijnaldum<\/p>\n<p><strong>\u017dlt\u00e9 karty:\u00a0<\/strong>27\u00b4 Alexander-Arnold, 31\u00b4 Richarlison, 67\u00b4 Davies<\/p>\n<p><strong>Liverpool FC:\u00a0<\/strong>Adrian \u2013 Alexander-Arnold (83\u00b4 Gomez), Lovren, Van Dijk, Robertson \u2013 Milner, Wijnaldum \u2013 Shaqiri, Lallana (72\u00b4 Henderson), Man\u00e9 \u2013 Origi (73\u00b4 Firmino)<\/p>\n<p><strong>Everton FC:\u00a0<\/strong>Pickford \u2013 Sidib\u00e9 (35\u00b4 Bernard), Holgate, Mina, Keane, Digne \u2013 Iwobi, Davies (72\u00b4 Schneiderlin), Sigurdsson, Richarlison \u2013 Calvert-Lewin (60\u00b4 Kean)<\/p>\n<p><strong>Rozhodca:\u00a0<\/strong>Mike Dean<\/p>\n<p><strong>Po\u010det div\u00e1kov:\u00a0<\/strong>53 094, Anfield (Liverpool)<\/p>\n","protected":false},"excerpt":{"rendered":"<p>Sklamanie, z\u00fafalstvo a bezmocnos\u0165. Tak\u00e9 pocity prevl\u00e1dali a st\u00e1le lomcuj\u00fa hlavami v\u0161etk\u00fdch, ktor\u00fdm je Everton drah\u00fd. Mesto Liverpool je bohu\u017eia\u013e op\u00e4\u0165 raz \u010derven\u00e9.<\/p>\n","protected":false},"author":1,"featured_media":9715,"comment_status":"open","ping_status":"closed","sticky":false,"template":"","format":"standard","meta":{"_eb_attr":"","_monsterinsights_skip_tracking":false,"_monsterinsights_sitenote_active":false,"_monsterinsights_sitenote_note":"","_monsterinsights_sitenote_category":0,"footnotes":""},"categories":[4],"tags":[],"yoast_head":"<!-- This site is optimized with the Yoast SEO plugin v23.4 - https:\/\/yoast.com\/wordpress\/plugins\/seo\/ -->\n<title>Liverpool \u2013 Everton 5:2 - Official Czech &amp; Slovak Everton Supporters&#039; Club<\/title>\n<meta name=\"robots\" content=\"index, follow, max-snippet:-1, max-image-preview:large, max-video-preview:-1\" \/>\n<link rel=\"canonical\" href=\"https:\/\/evertonfc.cz\/index.php\/2019\/12\/05\/liverpool-everton-52\/\" \/>\n<meta property=\"og:locale\" content=\"cs_CZ\" \/>\n<meta property=\"og:type\" content=\"article\" \/>\n<meta property=\"og:title\" content=\"Liverpool \u2013 Everton 5:2 - Official Czech &amp; Slovak Everton Supporters&#039; Club\" \/>\n<meta property=\"og:description\" content=\"Sklamanie, z\u00fafalstvo a bezmocnos\u0165. Tak\u00e9 pocity prevl\u00e1dali a st\u00e1le lomcuj\u00fa hlavami v\u0161etk\u00fdch, ktor\u00fdm je Everton drah\u00fd. Mesto Liverpool je bohu\u017eia\u013e op\u00e4\u0165 raz \u010derven\u00e9.\" \/>\n<meta property=\"og:url\" content=\"https:\/\/evertonfc.cz\/index.php\/2019\/12\/05\/liverpool-everton-52\/\" \/>\n<meta property=\"og:site_name\" content=\"Official Czech &amp; Slovak Everton Supporters&#039; Club\" \/>\n<meta property=\"article:publisher\" content=\"https:\/\/www.facebook.com\/everton.fans.cz.sk\" \/>\n<meta property=\"article:published_time\" content=\"2019-12-05T11:35:48+00:00\" \/>\n<meta property=\"article:modified_time\" content=\"2019-12-05T13:54:01+00:00\" \/>\n<meta property=\"og:image\" content=\"https:\/\/evertonfc.cz\/wp-content\/uploads\/2019\/12\/liverpool-5-12-2019.jpg\" \/>\n\t<meta property=\"og:image:width\" content=\"720\" \/>\n\t<meta property=\"og:image:height\" content=\"405\" \/>\n\t<meta property=\"og:image:type\" content=\"image\/jpeg\" \/>\n<meta name=\"author\" content=\"BlueBlooded\" \/>\n<meta name=\"twitter:card\" content=\"summary_large_image\" \/>\n<meta name=\"twitter:label1\" content=\"Napsal(a)\" \/>\n\t<meta name=\"twitter:data1\" content=\"BlueBlooded\" \/>\n\t<meta name=\"twitter:label2\" content=\"Odhadovan\u00e1 doba \u010dten\u00ed\" \/>\n\t<meta name=\"twitter:data2\" content=\"3 minuty\" \/>\n<script type=\"application\/ld+json\" class=\"yoast-schema-graph\">{\"@context\":\"https:\/\/schema.org\",\"@graph\":[{\"@type\":\"Article\",\"@id\":\"https:\/\/evertonfc.cz\/index.php\/2019\/12\/05\/liverpool-everton-52\/#article\",\"isPartOf\":{\"@id\":\"https:\/\/evertonfc.cz\/index.php\/2019\/12\/05\/liverpool-everton-52\/\"},\"author\":{\"name\":\"BlueBlooded\",\"@id\":\"https:\/\/evertonfc.cz\/#\/schema\/person\/d4493b8cbea51532597fbc4685698916\"},\"headline\":\"Liverpool \u2013 Everton 5:2\",\"datePublished\":\"2019-12-05T11:35:48+00:00\",\"dateModified\":\"2019-12-05T13:54:01+00:00\",\"mainEntityOfPage\":{\"@id\":\"https:\/\/evertonfc.cz\/index.php\/2019\/12\/05\/liverpool-everton-52\/\"},\"wordCount\":677,\"commentCount\":7,\"publisher\":{\"@id\":\"https:\/\/evertonfc.cz\/#organization\"},\"image\":{\"@id\":\"https:\/\/evertonfc.cz\/index.php\/2019\/12\/05\/liverpool-everton-52\/#primaryimage\"},\"thumbnailUrl\":\"https:\/\/evertonfc.cz\/wp-content\/uploads\/2019\/12\/liverpool-5-12-2019.jpg\",\"articleSection\":[\"Z\u00e1pasy\"],\"inLanguage\":\"cs\",\"potentialAction\":[{\"@type\":\"CommentAction\",\"name\":\"Comment\",\"target\":[\"https:\/\/evertonfc.cz\/index.php\/2019\/12\/05\/liverpool-everton-52\/#respond\"]}]},{\"@type\":\"WebPage\",\"@id\":\"https:\/\/evertonfc.cz\/index.php\/2019\/12\/05\/liverpool-everton-52\/\",\"url\":\"https:\/\/evertonfc.cz\/index.php\/2019\/12\/05\/liverpool-everton-52\/\",\"name\":\"Liverpool \u2013 Everton 5:2 - Official Czech &amp; Slovak Everton Supporters&#039; Club\",\"isPartOf\":{\"@id\":\"https:\/\/evertonfc.cz\/#website\"},\"primaryImageOfPage\":{\"@id\":\"https:\/\/evertonfc.cz\/index.php\/2019\/12\/05\/liverpool-everton-52\/#primaryimage\"},\"image\":{\"@id\":\"https:\/\/evertonfc.cz\/index.php\/2019\/12\/05\/liverpool-everton-52\/#primaryimage\"},\"thumbnailUrl\":\"https:\/\/evertonfc.cz\/wp-content\/uploads\/2019\/12\/liverpool-5-12-2019.jpg\",\"datePublished\":\"2019-12-05T11:35:48+00:00\",\"dateModified\":\"2019-12-05T13:54:01+00:00\",\"breadcrumb\":{\"@id\":\"https:\/\/evertonfc.cz\/index.php\/2019\/12\/05\/liverpool-everton-52\/#breadcrumb\"},\"inLanguage\":\"cs\",\"potentialAction\":[{\"@type\":\"ReadAction\",\"target\":[\"https:\/\/evertonfc.cz\/index.php\/2019\/12\/05\/liverpool-everton-52\/\"]}]},{\"@type\":\"ImageObject\",\"inLanguage\":\"cs\",\"@id\":\"https:\/\/evertonfc.cz\/index.php\/2019\/12\/05\/liverpool-everton-52\/#primaryimage\",\"url\":\"https:\/\/evertonfc.cz\/wp-content\/uploads\/2019\/12\/liverpool-5-12-2019.jpg\",\"contentUrl\":\"https:\/\/evertonfc.cz\/wp-content\/uploads\/2019\/12\/liverpool-5-12-2019.jpg\",\"width\":720,\"height\":405},{\"@type\":\"BreadcrumbList\",\"@id\":\"https:\/\/evertonfc.cz\/index.php\/2019\/12\/05\/liverpool-everton-52\/#breadcrumb\",\"itemListElement\":[{\"@type\":\"ListItem\",\"position\":1,\"name\":\"Home\",\"item\":\"https:\/\/evertonfc.cz\/\"},{\"@type\":\"ListItem\",\"position\":2,\"name\":\"Liverpool \u2013 Everton 5:2\"}]},{\"@type\":\"WebSite\",\"@id\":\"https:\/\/evertonfc.cz\/#website\",\"url\":\"https:\/\/evertonfc.cz\/\",\"name\":\"Official Czech &amp; Slovak Everton Supporters&#039; Club\",\"description\":\"\",\"publisher\":{\"@id\":\"https:\/\/evertonfc.cz\/#organization\"},\"potentialAction\":[{\"@type\":\"SearchAction\",\"target\":{\"@type\":\"EntryPoint\",\"urlTemplate\":\"https:\/\/evertonfc.cz\/?s={search_term_string}\"},\"query-input\":{\"@type\":\"PropertyValueSpecification\",\"valueRequired\":true,\"valueName\":\"search_term_string\"}}],\"inLanguage\":\"cs\"},{\"@type\":\"Organization\",\"@id\":\"https:\/\/evertonfc.cz\/#organization\",\"name\":\"Official Czech & Slovak Everton Supporters' Club\",\"url\":\"https:\/\/evertonfc.cz\/\",\"logo\":{\"@type\":\"ImageObject\",\"inLanguage\":\"cs\",\"@id\":\"https:\/\/evertonfc.cz\/#\/schema\/logo\/image\/\",\"url\":\"https:\/\/evertonfc.cz\/wp-content\/uploads\/2019\/05\/logo.png\",\"contentUrl\":\"https:\/\/evertonfc.cz\/wp-content\/uploads\/2019\/05\/logo.png\",\"width\":112,\"height\":112,\"caption\":\"Official Czech & Slovak Everton Supporters' Club\"},\"image\":{\"@id\":\"https:\/\/evertonfc.cz\/#\/schema\/logo\/image\/\"},\"sameAs\":[\"https:\/\/www.facebook.com\/everton.fans.cz.sk\"]},{\"@type\":\"Person\",\"@id\":\"https:\/\/evertonfc.cz\/#\/schema\/person\/d4493b8cbea51532597fbc4685698916\",\"name\":\"BlueBlooded\",\"url\":\"https:\/\/evertonfc.cz\/index.php\/author\/admin\/\"}]}<\/script>\n<!-- \/ Yoast SEO plugin. -->","yoast_head_json":{"title":"Liverpool \u2013 Everton 5:2 - Official Czech &amp; Slovak Everton Supporters&#039; Club","robots":{"index":"index","follow":"follow","max-snippet":"max-snippet:-1","max-image-preview":"max-image-preview:large","max-video-preview":"max-video-preview:-1"},"canonical":"https:\/\/evertonfc.cz\/index.php\/2019\/12\/05\/liverpool-everton-52\/","og_locale":"cs_CZ","og_type":"article","og_title":"Liverpool \u2013 Everton 5:2 - Official Czech &amp; Slovak Everton Supporters&#039; Club","og_description":"Sklamanie, z\u00fafalstvo a bezmocnos\u0165. Tak\u00e9 pocity prevl\u00e1dali a st\u00e1le lomcuj\u00fa hlavami v\u0161etk\u00fdch, ktor\u00fdm je Everton drah\u00fd. Mesto Liverpool je bohu\u017eia\u013e op\u00e4\u0165 raz \u010derven\u00e9.","og_url":"https:\/\/evertonfc.cz\/index.php\/2019\/12\/05\/liverpool-everton-52\/","og_site_name":"Official Czech &amp; Slovak Everton Supporters&#039; Club","article_publisher":"https:\/\/www.facebook.com\/everton.fans.cz.sk","article_published_time":"2019-12-05T11:35:48+00:00","article_modified_time":"2019-12-05T13:54:01+00:00","og_image":[{"width":720,"height":405,"url":"https:\/\/evertonfc.cz\/wp-content\/uploads\/2019\/12\/liverpool-5-12-2019.jpg","type":"image\/jpeg"}],"author":"BlueBlooded","twitter_card":"summary_large_image","twitter_misc":{"Napsal(a)":"BlueBlooded","Odhadovan\u00e1 doba \u010dten\u00ed":"3 minuty"},"schema":{"@context":"https:\/\/schema.org","@graph":[{"@type":"Article","@id":"https:\/\/evertonfc.cz\/index.php\/2019\/12\/05\/liverpool-everton-52\/#article","isPartOf":{"@id":"https:\/\/evertonfc.cz\/index.php\/2019\/12\/05\/liverpool-everton-52\/"},"author":{"name":"BlueBlooded","@id":"https:\/\/evertonfc.cz\/#\/schema\/person\/d4493b8cbea51532597fbc4685698916"},"headline":"Liverpool \u2013 Everton 5:2","datePublished":"2019-12-05T11:35:48+00:00","dateModified":"2019-12-05T13:54:01+00:00","mainEntityOfPage":{"@id":"https:\/\/evertonfc.cz\/index.php\/2019\/12\/05\/liverpool-everton-52\/"},"wordCount":677,"commentCount":7,"publisher":{"@id":"https:\/\/evertonfc.cz\/#organization"},"image":{"@id":"https:\/\/evertonfc.cz\/index.php\/2019\/12\/05\/liverpool-everton-52\/#primaryimage"},"thumbnailUrl":"https:\/\/evertonfc.cz\/wp-content\/uploads\/2019\/12\/liverpool-5-12-2019.jpg","articleSection":["Z\u00e1pasy"],"inLanguage":"cs","potentialAction":[{"@type":"CommentAction","name":"Comment","target":["https:\/\/evertonfc.cz\/index.php\/2019\/12\/05\/liverpool-everton-52\/#respond"]}]},{"@type":"WebPage","@id":"https:\/\/evertonfc.cz\/index.php\/2019\/12\/05\/liverpool-everton-52\/","url":"https:\/\/evertonfc.cz\/index.php\/2019\/12\/05\/liverpool-everton-52\/","name":"Liverpool \u2013 Everton 5:2 - Official Czech &amp; Slovak Everton Supporters&#039; Club","isPartOf":{"@id":"https:\/\/evertonfc.cz\/#website"},"primaryImageOfPage":{"@id":"https:\/\/evertonfc.cz\/index.php\/2019\/12\/05\/liverpool-everton-52\/#primaryimage"},"image":{"@id":"https:\/\/evertonfc.cz\/index.php\/2019\/12\/05\/liverpool-everton-52\/#primaryimage"},"thumbnailUrl":"https:\/\/evertonfc.cz\/wp-content\/uploads\/2019\/12\/liverpool-5-12-2019.jpg","datePublished":"2019-12-05T11:35:48+00:00","dateModified":"2019-12-05T13:54:01+00:00","breadcrumb":{"@id":"https:\/\/evertonfc.cz\/index.php\/2019\/12\/05\/liverpool-everton-52\/#breadcrumb"},"inLanguage":"cs","potentialAction":[{"@type":"ReadAction","target":["https:\/\/evertonfc.cz\/index.php\/2019\/12\/05\/liverpool-everton-52\/"]}]},{"@type":"ImageObject","inLanguage":"cs","@id":"https:\/\/evertonfc.cz\/index.php\/2019\/12\/05\/liverpool-everton-52\/#primaryimage","url":"https:\/\/evertonfc.cz\/wp-content\/uploads\/2019\/12\/liverpool-5-12-2019.jpg","contentUrl":"https:\/\/evertonfc.cz\/wp-content\/uploads\/2019\/12\/liverpool-5-12-2019.jpg","width":720,"height":405},{"@type":"BreadcrumbList","@id":"https:\/\/evertonfc.cz\/index.php\/2019\/12\/05\/liverpool-everton-52\/#breadcrumb","itemListElement":[{"@type":"ListItem","position":1,"name":"Home","item":"https:\/\/evertonfc.cz\/"},{"@type":"ListItem","position":2,"name":"Liverpool \u2013 Everton 5:2"}]},{"@type":"WebSite","@id":"https:\/\/evertonfc.cz\/#website","url":"https:\/\/evertonfc.cz\/","name":"Official Czech &amp; Slovak Everton Supporters&#039; Club","description":"","publisher":{"@id":"https:\/\/evertonfc.cz\/#organization"},"potentialAction":[{"@type":"SearchAction","target":{"@type":"EntryPoint","urlTemplate":"https:\/\/evertonfc.cz\/?s={search_term_string}"},"query-input":{"@type":"PropertyValueSpecification","valueRequired":true,"valueName":"search_term_string"}}],"inLanguage":"cs"},{"@type":"Organization","@id":"https:\/\/evertonfc.cz\/#organization","name":"Official Czech & Slovak Everton Supporters' Club","url":"https:\/\/evertonfc.cz\/","logo":{"@type":"ImageObject","inLanguage":"cs","@id":"https:\/\/evertonfc.cz\/#\/schema\/logo\/image\/","url":"https:\/\/evertonfc.cz\/wp-content\/uploads\/2019\/05\/logo.png","contentUrl":"https:\/\/evertonfc.cz\/wp-content\/uploads\/2019\/05\/logo.png","width":112,"height":112,"caption":"Official Czech & Slovak Everton Supporters' Club"},"image":{"@id":"https:\/\/evertonfc.cz\/#\/schema\/logo\/image\/"},"sameAs":["https:\/\/www.facebook.com\/everton.fans.cz.sk"]},{"@type":"Person","@id":"https:\/\/evertonfc.cz\/#\/schema\/person\/d4493b8cbea51532597fbc4685698916","name":"BlueBlooded","url":"https:\/\/evertonfc.cz\/index.php\/author\/admin\/"}]}},"_links":{"self":[{"href":"https:\/\/evertonfc.cz\/index.php\/wp-json\/wp\/v2\/posts\/9714"}],"collection":[{"href":"https:\/\/evertonfc.cz\/index.php\/wp-json\/wp\/v2\/posts"}],"about":[{"href":"https:\/\/evertonfc.cz\/index.php\/wp-json\/wp\/v2\/types\/post"}],"author":[{"embeddable":true,"href":"https:\/\/evertonfc.cz\/index.php\/wp-json\/wp\/v2\/users\/1"}],"replies":[{"embeddable":true,"href":"https:\/\/evertonfc.cz\/index.php\/wp-json\/wp\/v2\/comments?post=9714"}],"version-history":[{"count":7,"href":"https:\/\/evertonfc.cz\/index.php\/wp-json\/wp\/v2\/posts\/9714\/revisions"}],"predecessor-version":[{"id":9724,"href":"https:\/\/evertonfc.cz\/index.php\/wp-json\/wp\/v2\/posts\/9714\/revisions\/9724"}],"wp:featuredmedia":[{"embeddable":true,"href":"https:\/\/evertonfc.cz\/index.php\/wp-json\/wp\/v2\/media\/9715"}],"wp:attachment":[{"href":"https:\/\/evertonfc.cz\/index.php\/wp-json\/wp\/v2\/media?parent=9714"}],"wp:term":[{"taxonomy":"category","embeddable":true,"href":"https:\/\/evertonfc.cz\/index.php\/wp-json\/wp\/v2\/categories?post=9714"},{"taxonomy":"post_tag","embeddable":true,"href":"https:\/\/evertonfc.cz\/index.php\/wp-json\/wp\/v2\/tags?post=9714"}],"curies":[{"name":"wp","href":"https:\/\/api.w.org\/{rel}","templated":true}]}}