{"id":9726,"date":"2019-12-05T21:46:23","date_gmt":"2019-12-05T20:46:23","guid":{"rendered":"https:\/\/evertonfc.cz\/?p=9726"},"modified":"2019-12-05T21:52:04","modified_gmt":"2019-12-05T20:52:04","slug":"manazer-marco-silva-byl-vyhozen","status":"publish","type":"post","link":"https:\/\/evertonfc.cz\/index.php\/2019\/12\/05\/manazer-marco-silva-byl-vyhozen\/","title":{"rendered":"Mana\u017eer Marco Silva byl vyhozen"},"content":{"rendered":"<h4>O\u010dek\u00e1van\u00e9 se stalo dnes ve\u010der skutkem. Veden\u00ed klubu vyhodilo mana\u017eera Marca Silvu.<\/h4>\n<p>D\u016fvody? Sta\u010d\u00ed pohled na tabulku. Everton je osmn\u00e1ct\u00fd, tedy t\u0159et\u00ed od konce. Jin\u00fdmi slovy &#8211; moment\u00e1ln\u011b by sestupoval. T\u0159i prohry v \u0159ad\u011b, z posledn\u00edch p\u011bti ligov\u00fdch z\u00e1pas\u016f jen \u010dty\u0159i body. Ale je nutno p\u0159ipomenout, \u017ee t\u011b\u017e\u0161\u00ed dvojboj ne\u017e Leicester venku-RS venku v sou\u010dasnosti nelze absolvovat. To mu nezlomilo vaz. Probl\u00e9mem byly ztr\u00e1ty s Norwichem nebo Sheffieldem United. V\u0161ichni si pamatujeme ten tragick\u00fd v\u00fdkon na Villa Parku. T\u00fdmy, kter\u00e9 jsou pod n\u00e1mi jak v\u00fdkonnostn\u011b, tak finan\u010dn\u011b. Ka\u017ed\u00fd pochop\u00ed, \u017ee se z Anfieldu p\u0159ijede s pr\u00e1zdnou.<\/p>\n<p>Upadal t\u00e9\u017e hern\u00ed projev. Sigurdsson m\u016f\u017ee na par\u00e1dn\u00ed branky z minul\u00fdch sez\u00f3n jen vzpom\u00ednat a i v\u00fdkony anglick\u00e9 reprezenta\u010dn\u00ed jednotky \u0161ly v\u00fdrazn\u011b dol\u016f. Hro\u0165\u00e1k \u010d\u00edslo jedna nest\u0159\u00edl\u00ed branky. O tom vypov\u00edd\u00e1 i sk\u00f3re &#8211; m\u00e9n\u011b branek vst\u0159elili v lize jen Watford (ten m\u00e1 jen osm bod\u016f), Crystal Palace a Newcastle. T\u00fdmy s hor\u0161\u00ed obranou? Southampton, Norwich a Watford, tedy spolu s Evertonem posledn\u00ed \u010dty\u0159i celky tabulky. Silva zkou\u0161el metodu pokus-omyl, ale zjevn\u011b ne\u00fasp\u011b\u0161n\u011b &#8211; a to v\u00fdrazn\u011b. V\u00fdkonnostn\u011b a v\u00fdsledkov\u011b poveden\u00e9 utk\u00e1n\u00ed? Doma proti Wolves, t\u00edm to hasne.<\/p>\n<p>T\u00fdm v prvn\u00edm z\u00e1pase nadch\u00e1zej\u00edc\u00edho kola proti Chelsea povede Duncan Ferguson. Autor tohoto \u010dl\u00e1nku by se v\u016fbec nedivil, kdyby tenhle skotsk\u00fd st\u0159elec poslal mezi n\u00e1hradn\u00edky s\u00e1m sebe. A pro p\u0159\u00ed\u0161t\u00ed t\u00fdden (Man U na Old Trafford) by u\u017e klub m\u011bl naj\u00edt n\u011bkoho st\u00e1lej\u0161\u00edho.<\/p>\n","protected":false},"excerpt":{"rendered":"<p>O\u010dek\u00e1van\u00e9 se stalo dnes ve\u010der skutkem. Veden\u00ed klubu vyhodilo mana\u017eera Marca Silvu.<\/p>\n","protected":false},"author":12,"featured_media":9725,"comment_status":"open","ping_status":"closed","sticky":false,"template":"","format":"standard","meta":{"_eb_attr":"","_monsterinsights_skip_tracking":false,"_monsterinsights_sitenote_active":false,"_monsterinsights_sitenote_note":"","_monsterinsights_sitenote_category":0,"footnotes":""},"categories":[42],"tags":[],"yoast_head":"<!-- This site is optimized with the Yoast SEO plugin v23.4 - https:\/\/yoast.com\/wordpress\/plugins\/seo\/ -->\n<title>Mana\u017eer Marco Silva byl vyhozen - Official Czech &amp; Slovak Everton Supporters&#039; Club<\/title>\n<meta name=\"robots\" content=\"index, follow, max-snippet:-1, max-image-preview:large, max-video-preview:-1\" \/>\n<link rel=\"canonical\" href=\"https:\/\/evertonfc.cz\/index.php\/2019\/12\/05\/manazer-marco-silva-byl-vyhozen\/\" \/>\n<meta property=\"og:locale\" content=\"cs_CZ\" \/>\n<meta property=\"og:type\" content=\"article\" \/>\n<meta property=\"og:title\" content=\"Mana\u017eer Marco Silva byl vyhozen - Official Czech &amp; Slovak Everton Supporters&#039; Club\" \/>\n<meta property=\"og:description\" content=\"O\u010dek\u00e1van\u00e9 se stalo dnes ve\u010der skutkem. Veden\u00ed klubu vyhodilo mana\u017eera Marca Silvu.\" \/>\n<meta property=\"og:url\" content=\"https:\/\/evertonfc.cz\/index.php\/2019\/12\/05\/manazer-marco-silva-byl-vyhozen\/\" \/>\n<meta property=\"og:site_name\" content=\"Official Czech &amp; Slovak Everton Supporters&#039; Club\" \/>\n<meta property=\"article:publisher\" content=\"https:\/\/www.facebook.com\/everton.fans.cz.sk\" \/>\n<meta property=\"article:published_time\" content=\"2019-12-05T20:46:23+00:00\" \/>\n<meta property=\"article:modified_time\" content=\"2019-12-05T20:52:04+00:00\" \/>\n<meta property=\"og:image\" content=\"https:\/\/evertonfc.cz\/wp-content\/uploads\/2019\/12\/silva_5_12_2019.jpg\" \/>\n\t<meta property=\"og:image:width\" content=\"720\" \/>\n\t<meta property=\"og:image:height\" content=\"405\" \/>\n\t<meta property=\"og:image:type\" content=\"image\/jpeg\" \/>\n<meta name=\"author\" content=\"Javor\" \/>\n<meta name=\"twitter:card\" content=\"summary_large_image\" \/>\n<meta name=\"twitter:creator\" content=\"@LoudinJan\" \/>\n<meta name=\"twitter:label1\" content=\"Napsal(a)\" \/>\n\t<meta name=\"twitter:data1\" content=\"Javor\" \/>\n\t<meta name=\"twitter:label2\" content=\"Odhadovan\u00e1 doba \u010dten\u00ed\" \/>\n\t<meta name=\"twitter:data2\" content=\"1 minuta\" \/>\n<script type=\"application\/ld+json\" class=\"yoast-schema-graph\">{\"@context\":\"https:\/\/schema.org\",\"@graph\":[{\"@type\":\"Article\",\"@id\":\"https:\/\/evertonfc.cz\/index.php\/2019\/12\/05\/manazer-marco-silva-byl-vyhozen\/#article\",\"isPartOf\":{\"@id\":\"https:\/\/evertonfc.cz\/index.php\/2019\/12\/05\/manazer-marco-silva-byl-vyhozen\/\"},\"author\":{\"name\":\"Javor\",\"@id\":\"https:\/\/evertonfc.cz\/#\/schema\/person\/b30daf6a5852f4811f8207a17ec1bf78\"},\"headline\":\"Mana\u017eer Marco Silva byl vyhozen\",\"datePublished\":\"2019-12-05T20:46:23+00:00\",\"dateModified\":\"2019-12-05T20:52:04+00:00\",\"mainEntityOfPage\":{\"@id\":\"https:\/\/evertonfc.cz\/index.php\/2019\/12\/05\/manazer-marco-silva-byl-vyhozen\/\"},\"wordCount\":304,\"commentCount\":9,\"publisher\":{\"@id\":\"https:\/\/evertonfc.cz\/#organization\"},\"image\":{\"@id\":\"https:\/\/evertonfc.cz\/index.php\/2019\/12\/05\/manazer-marco-silva-byl-vyhozen\/#primaryimage\"},\"thumbnailUrl\":\"https:\/\/evertonfc.cz\/wp-content\/uploads\/2019\/12\/silva_5_12_2019.jpg\",\"articleSection\":[\"Aktuality\"],\"inLanguage\":\"cs\",\"potentialAction\":[{\"@type\":\"CommentAction\",\"name\":\"Comment\",\"target\":[\"https:\/\/evertonfc.cz\/index.php\/2019\/12\/05\/manazer-marco-silva-byl-vyhozen\/#respond\"]}]},{\"@type\":\"WebPage\",\"@id\":\"https:\/\/evertonfc.cz\/index.php\/2019\/12\/05\/manazer-marco-silva-byl-vyhozen\/\",\"url\":\"https:\/\/evertonfc.cz\/index.php\/2019\/12\/05\/manazer-marco-silva-byl-vyhozen\/\",\"name\":\"Mana\u017eer Marco Silva byl vyhozen - Official Czech &amp; Slovak Everton Supporters&#039; Club\",\"isPartOf\":{\"@id\":\"https:\/\/evertonfc.cz\/#website\"},\"primaryImageOfPage\":{\"@id\":\"https:\/\/evertonfc.cz\/index.php\/2019\/12\/05\/manazer-marco-silva-byl-vyhozen\/#primaryimage\"},\"image\":{\"@id\":\"https:\/\/evertonfc.cz\/index.php\/2019\/12\/05\/manazer-marco-silva-byl-vyhozen\/#primaryimage\"},\"thumbnailUrl\":\"https:\/\/evertonfc.cz\/wp-content\/uploads\/2019\/12\/silva_5_12_2019.jpg\",\"datePublished\":\"2019-12-05T20:46:23+00:00\",\"dateModified\":\"2019-12-05T20:52:04+00:00\",\"breadcrumb\":{\"@id\":\"https:\/\/evertonfc.cz\/index.php\/2019\/12\/05\/manazer-marco-silva-byl-vyhozen\/#breadcrumb\"},\"inLanguage\":\"cs\",\"potentialAction\":[{\"@type\":\"ReadAction\",\"target\":[\"https:\/\/evertonfc.cz\/index.php\/2019\/12\/05\/manazer-marco-silva-byl-vyhozen\/\"]}]},{\"@type\":\"ImageObject\",\"inLanguage\":\"cs\",\"@id\":\"https:\/\/evertonfc.cz\/index.php\/2019\/12\/05\/manazer-marco-silva-byl-vyhozen\/#primaryimage\",\"url\":\"https:\/\/evertonfc.cz\/wp-content\/uploads\/2019\/12\/silva_5_12_2019.jpg\",\"contentUrl\":\"https:\/\/evertonfc.cz\/wp-content\/uploads\/2019\/12\/silva_5_12_2019.jpg\",\"width\":720,\"height\":405},{\"@type\":\"BreadcrumbList\",\"@id\":\"https:\/\/evertonfc.cz\/index.php\/2019\/12\/05\/manazer-marco-silva-byl-vyhozen\/#breadcrumb\",\"itemListElement\":[{\"@type\":\"ListItem\",\"position\":1,\"name\":\"Home\",\"item\":\"https:\/\/evertonfc.cz\/\"},{\"@type\":\"ListItem\",\"position\":2,\"name\":\"Mana\u017eer Marco Silva byl vyhozen\"}]},{\"@type\":\"WebSite\",\"@id\":\"https:\/\/evertonfc.cz\/#website\",\"url\":\"https:\/\/evertonfc.cz\/\",\"name\":\"Official Czech &amp; Slovak Everton Supporters&#039; Club\",\"description\":\"\",\"publisher\":{\"@id\":\"https:\/\/evertonfc.cz\/#organization\"},\"potentialAction\":[{\"@type\":\"SearchAction\",\"target\":{\"@type\":\"EntryPoint\",\"urlTemplate\":\"https:\/\/evertonfc.cz\/?s={search_term_string}\"},\"query-input\":{\"@type\":\"PropertyValueSpecification\",\"valueRequired\":true,\"valueName\":\"search_term_string\"}}],\"inLanguage\":\"cs\"},{\"@type\":\"Organization\",\"@id\":\"https:\/\/evertonfc.cz\/#organization\",\"name\":\"Official Czech & Slovak Everton Supporters' Club\",\"url\":\"https:\/\/evertonfc.cz\/\",\"logo\":{\"@type\":\"ImageObject\",\"inLanguage\":\"cs\",\"@id\":\"https:\/\/evertonfc.cz\/#\/schema\/logo\/image\/\",\"url\":\"https:\/\/evertonfc.cz\/wp-content\/uploads\/2019\/05\/logo.png\",\"contentUrl\":\"https:\/\/evertonfc.cz\/wp-content\/uploads\/2019\/05\/logo.png\",\"width\":112,\"height\":112,\"caption\":\"Official Czech & Slovak Everton Supporters' Club\"},\"image\":{\"@id\":\"https:\/\/evertonfc.cz\/#\/schema\/logo\/image\/\"},\"sameAs\":[\"https:\/\/www.facebook.com\/everton.fans.cz.sk\"]},{\"@type\":\"Person\",\"@id\":\"https:\/\/evertonfc.cz\/#\/schema\/person\/b30daf6a5852f4811f8207a17ec1bf78\",\"name\":\"Javor\",\"sameAs\":[\"https:\/\/x.com\/LoudinJan\"],\"url\":\"https:\/\/evertonfc.cz\/index.php\/author\/javor\/\"}]}<\/script>\n<!-- \/ Yoast SEO plugin. -->","yoast_head_json":{"title":"Mana\u017eer Marco Silva byl vyhozen - Official Czech &amp; Slovak Everton Supporters&#039; Club","robots":{"index":"index","follow":"follow","max-snippet":"max-snippet:-1","max-image-preview":"max-image-preview:large","max-video-preview":"max-video-preview:-1"},"canonical":"https:\/\/evertonfc.cz\/index.php\/2019\/12\/05\/manazer-marco-silva-byl-vyhozen\/","og_locale":"cs_CZ","og_type":"article","og_title":"Mana\u017eer Marco Silva byl vyhozen - Official Czech &amp; Slovak Everton Supporters&#039; Club","og_description":"O\u010dek\u00e1van\u00e9 se stalo dnes ve\u010der skutkem. Veden\u00ed klubu vyhodilo mana\u017eera Marca Silvu.","og_url":"https:\/\/evertonfc.cz\/index.php\/2019\/12\/05\/manazer-marco-silva-byl-vyhozen\/","og_site_name":"Official Czech &amp; Slovak Everton Supporters&#039; Club","article_publisher":"https:\/\/www.facebook.com\/everton.fans.cz.sk","article_published_time":"2019-12-05T20:46:23+00:00","article_modified_time":"2019-12-05T20:52:04+00:00","og_image":[{"width":720,"height":405,"url":"https:\/\/evertonfc.cz\/wp-content\/uploads\/2019\/12\/silva_5_12_2019.jpg","type":"image\/jpeg"}],"author":"Javor","twitter_card":"summary_large_image","twitter_creator":"@LoudinJan","twitter_misc":{"Napsal(a)":"Javor","Odhadovan\u00e1 doba \u010dten\u00ed":"1 minuta"},"schema":{"@context":"https:\/\/schema.org","@graph":[{"@type":"Article","@id":"https:\/\/evertonfc.cz\/index.php\/2019\/12\/05\/manazer-marco-silva-byl-vyhozen\/#article","isPartOf":{"@id":"https:\/\/evertonfc.cz\/index.php\/2019\/12\/05\/manazer-marco-silva-byl-vyhozen\/"},"author":{"name":"Javor","@id":"https:\/\/evertonfc.cz\/#\/schema\/person\/b30daf6a5852f4811f8207a17ec1bf78"},"headline":"Mana\u017eer Marco Silva byl vyhozen","datePublished":"2019-12-05T20:46:23+00:00","dateModified":"2019-12-05T20:52:04+00:00","mainEntityOfPage":{"@id":"https:\/\/evertonfc.cz\/index.php\/2019\/12\/05\/manazer-marco-silva-byl-vyhozen\/"},"wordCount":304,"commentCount":9,"publisher":{"@id":"https:\/\/evertonfc.cz\/#organization"},"image":{"@id":"https:\/\/evertonfc.cz\/index.php\/2019\/12\/05\/manazer-marco-silva-byl-vyhozen\/#primaryimage"},"thumbnailUrl":"https:\/\/evertonfc.cz\/wp-content\/uploads\/2019\/12\/silva_5_12_2019.jpg","articleSection":["Aktuality"],"inLanguage":"cs","potentialAction":[{"@type":"CommentAction","name":"Comment","target":["https:\/\/evertonfc.cz\/index.php\/2019\/12\/05\/manazer-marco-silva-byl-vyhozen\/#respond"]}]},{"@type":"WebPage","@id":"https:\/\/evertonfc.cz\/index.php\/2019\/12\/05\/manazer-marco-silva-byl-vyhozen\/","url":"https:\/\/evertonfc.cz\/index.php\/2019\/12\/05\/manazer-marco-silva-byl-vyhozen\/","name":"Mana\u017eer Marco Silva byl vyhozen - Official Czech &amp; Slovak Everton Supporters&#039; Club","isPartOf":{"@id":"https:\/\/evertonfc.cz\/#website"},"primaryImageOfPage":{"@id":"https:\/\/evertonfc.cz\/index.php\/2019\/12\/05\/manazer-marco-silva-byl-vyhozen\/#primaryimage"},"image":{"@id":"https:\/\/evertonfc.cz\/index.php\/2019\/12\/05\/manazer-marco-silva-byl-vyhozen\/#primaryimage"},"thumbnailUrl":"https:\/\/evertonfc.cz\/wp-content\/uploads\/2019\/12\/silva_5_12_2019.jpg","datePublished":"2019-12-05T20:46:23+00:00","dateModified":"2019-12-05T20:52:04+00:00","breadcrumb":{"@id":"https:\/\/evertonfc.cz\/index.php\/2019\/12\/05\/manazer-marco-silva-byl-vyhozen\/#breadcrumb"},"inLanguage":"cs","potentialAction":[{"@type":"ReadAction","target":["https:\/\/evertonfc.cz\/index.php\/2019\/12\/05\/manazer-marco-silva-byl-vyhozen\/"]}]},{"@type":"ImageObject","inLanguage":"cs","@id":"https:\/\/evertonfc.cz\/index.php\/2019\/12\/05\/manazer-marco-silva-byl-vyhozen\/#primaryimage","url":"https:\/\/evertonfc.cz\/wp-content\/uploads\/2019\/12\/silva_5_12_2019.jpg","contentUrl":"https:\/\/evertonfc.cz\/wp-content\/uploads\/2019\/12\/silva_5_12_2019.jpg","width":720,"height":405},{"@type":"BreadcrumbList","@id":"https:\/\/evertonfc.cz\/index.php\/2019\/12\/05\/manazer-marco-silva-byl-vyhozen\/#breadcrumb","itemListElement":[{"@type":"ListItem","position":1,"name":"Home","item":"https:\/\/evertonfc.cz\/"},{"@type":"ListItem","position":2,"name":"Mana\u017eer Marco Silva byl vyhozen"}]},{"@type":"WebSite","@id":"https:\/\/evertonfc.cz\/#website","url":"https:\/\/evertonfc.cz\/","name":"Official Czech &amp; Slovak Everton Supporters&#039; Club","description":"","publisher":{"@id":"https:\/\/evertonfc.cz\/#organization"},"potentialAction":[{"@type":"SearchAction","target":{"@type":"EntryPoint","urlTemplate":"https:\/\/evertonfc.cz\/?s={search_term_string}"},"query-input":{"@type":"PropertyValueSpecification","valueRequired":true,"valueName":"search_term_string"}}],"inLanguage":"cs"},{"@type":"Organization","@id":"https:\/\/evertonfc.cz\/#organization","name":"Official Czech & Slovak Everton Supporters' Club","url":"https:\/\/evertonfc.cz\/","logo":{"@type":"ImageObject","inLanguage":"cs","@id":"https:\/\/evertonfc.cz\/#\/schema\/logo\/image\/","url":"https:\/\/evertonfc.cz\/wp-content\/uploads\/2019\/05\/logo.png","contentUrl":"https:\/\/evertonfc.cz\/wp-content\/uploads\/2019\/05\/logo.png","width":112,"height":112,"caption":"Official Czech & Slovak Everton Supporters' Club"},"image":{"@id":"https:\/\/evertonfc.cz\/#\/schema\/logo\/image\/"},"sameAs":["https:\/\/www.facebook.com\/everton.fans.cz.sk"]},{"@type":"Person","@id":"https:\/\/evertonfc.cz\/#\/schema\/person\/b30daf6a5852f4811f8207a17ec1bf78","name":"Javor","sameAs":["https:\/\/x.com\/LoudinJan"],"url":"https:\/\/evertonfc.cz\/index.php\/author\/javor\/"}]}},"_links":{"self":[{"href":"https:\/\/evertonfc.cz\/index.php\/wp-json\/wp\/v2\/posts\/9726"}],"collection":[{"href":"https:\/\/evertonfc.cz\/index.php\/wp-json\/wp\/v2\/posts"}],"about":[{"href":"https:\/\/evertonfc.cz\/index.php\/wp-json\/wp\/v2\/types\/post"}],"author":[{"embeddable":true,"href":"https:\/\/evertonfc.cz\/index.php\/wp-json\/wp\/v2\/users\/12"}],"replies":[{"embeddable":true,"href":"https:\/\/evertonfc.cz\/index.php\/wp-json\/wp\/v2\/comments?post=9726"}],"version-history":[{"count":2,"href":"https:\/\/evertonfc.cz\/index.php\/wp-json\/wp\/v2\/posts\/9726\/revisions"}],"predecessor-version":[{"id":9728,"href":"https:\/\/evertonfc.cz\/index.php\/wp-json\/wp\/v2\/posts\/9726\/revisions\/9728"}],"wp:featuredmedia":[{"embeddable":true,"href":"https:\/\/evertonfc.cz\/index.php\/wp-json\/wp\/v2\/media\/9725"}],"wp:attachment":[{"href":"https:\/\/evertonfc.cz\/index.php\/wp-json\/wp\/v2\/media?parent=9726"}],"wp:term":[{"taxonomy":"category","embeddable":true,"href":"https:\/\/evertonfc.cz\/index.php\/wp-json\/wp\/v2\/categories?post=9726"},{"taxonomy":"post_tag","embeddable":true,"href":"https:\/\/evertonfc.cz\/index.php\/wp-json\/wp\/v2\/tags?post=9726"}],"curies":[{"name":"wp","href":"https:\/\/api.w.org\/{rel}","templated":true}]}}