{"id":9741,"date":"2019-12-07T16:23:57","date_gmt":"2019-12-07T15:23:57","guid":{"rendered":"https:\/\/evertonfc.cz\/?p=9741"},"modified":"2019-12-07T16:38:07","modified_gmt":"2019-12-07T15:38:07","slug":"everton-chelsea-3-1","status":"publish","type":"post","link":"https:\/\/evertonfc.cz\/index.php\/2019\/12\/07\/everton-chelsea-3-1\/","title":{"rendered":"Everton &#8211; Chelsea 3:1"},"content":{"rendered":"<h4>A pak \u017ee to nejde! Duncan Ferguson dok\u00e1zal svou v\u00e1\u0161e\u0148 ke klubu p\u0159en\u00e9st na hr\u00e1\u010de a Everton si p\u0159ipisuje veled\u016fle\u017eit\u00e9 v\u00edt\u011bzstv\u00ed nad Chelsea.<\/h4>\n<p>Intenzivn\u00ed tempo, zdrav\u00e1 agresivita, neutuchaj\u00edc\u00ed bojovnost a organizovanost ve v\u0161ech \u0159ad\u00e1ch. Do\u010dasn\u00fd mana\u017eer Ferguson namotivoval Toffees k velkolep\u00e9mu v\u00fdkonu, jeho\u017e dom\u00e9nou sice nebyla nikterak vysok\u00e1 taktick\u00e1 \u00farove\u0148, ale \u00fa\u010dinn\u00e1 jednoduchost ve h\u0159e.<\/p>\n<p>Bur\u00e1cej\u00edc\u00ed Goodison Park p\u0159iv\u00edtal sv\u00e9ho b\u00fdval\u00e9ho \u00fato\u010dn\u00e9ho hrdinu aplausem a tohoto po\u010d\u00e1te\u010dn\u00edho nad\u0161en\u00ed Everton dokonale vyu\u017eil. V 5. minut\u011b rozjel akci ve st\u0159edu pole, na jej\u00edm\u017e konci si na Sidib\u00e9ho p\u0159esn\u00fd centr ide\u00e1ln\u011b nasko\u010dil Richarlison \u2013 <strong>1:0<\/strong>.<\/p>\n<p>\u00davodn\u00edho nad\u0161en\u00ed Toffees se Chelsea nechytala, proto byla velk\u00e1 \u0161koda, kdy\u017e Calvert-Lewin po p\u0159i\u0165uknut\u00ed Walcotta neprop\u00e1lil hostuj\u00edc\u00edho brank\u00e1\u0159e Kepu.<\/p>\n<p>P\u0159ed z\u00e1pasem p\u0159evl\u00e1dal mezi fanou\u0161ky strach, jak si Everton povede v rozestaven\u00ed 4-4-2 s pomalej\u0161\u00ed st\u0159edovou dvojic\u00ed Schneiderlin-Sigurdsson, Fergusonovo kouzlo ale platilo i na tyto dva mnoh\u00fdmi odepsan\u00e9 hr\u00e1\u010de, ji\u017e se po dlouh\u00e9 dob\u011b prezentovali na h\u0159i\u0161ti s nev\u00eddan\u00fdm nasazen\u00edm.<\/p>\n<p>Postupem prvn\u00edho polo\u010dasu za\u010dala Chelsea p\u0159eb\u00edrat ot\u011b\u017ee, nicm\u00e9n\u011b svou p\u0159evahu nep\u0159etavila v branku hlavn\u011b kv\u016fli v\u00e1havosti v zakon\u010den\u00ed, ale tak\u00e9 pot\u0159ebn\u00e9mu \u0161t\u011bst\u00ed na stran\u011b Evertonu (kter\u00e9 se mu posledn\u00ed t\u00fddny vyh\u00fdbalo obloukem), kdy se jeho hr\u00e1\u010di n\u011bkolikr\u00e1t vytasili s precizn\u00edmi bloky proti st\u0159el\u00e1m protivn\u00edka.<\/p>\n<p>\u00davod druh\u00e9ho polo\u010dasu byl ve znamen\u00ed branek na obou stran\u00e1ch. Nejprve Calvert-Lewin uzmul neposedn\u00fd m\u00ed\u010d mezi hostuj\u00edc\u00ed stopery Zoumou a Christensenem a p\u0159esn\u00fdm zakon\u010den\u00edm prost\u0159elil Kepu \u2013 <strong>2:0<\/strong>, aby u\u017e ale za t\u0159i minuty na druh\u00e9 stran\u011b Kovaci\u0107 volejem uklidil odra\u017een\u00fd m\u00ed\u010d z\u00a020 metr\u016f do doln\u00edho r\u016f\u017eku branky \u2013 <strong>2:1<\/strong>.<\/p>\n<p>Jak je vzpomenuto v\u00fd\u0161e, fotbalist\u00e9 Evertonu nehr\u00e1li fotbal nejvy\u0161\u0161\u00ed kvality, ov\u0161em ve vysok\u00e9m nasazen\u00ed \u2013 tot\u00e1ln\u00ed opozitum oproti st\u0159ede\u010dn\u00edmu Merseyside derby \u2013 sm\u011b\u0159ovali ke t\u0159em bod\u016fm. A co v\u00edc, Goodison Parku um\u00ed snahu \u0161t\u011bd\u0159e ocenit, tak\u017ee Blues po dlouh\u00e9 dob\u011b poh\u00e1n\u011bla skv\u011bl\u00e1 atmosf\u00e9ra z\u00a0hledi\u0161t\u011b.<\/p>\n<p>V\u00a060. minut\u011b Walcott odm\u00edtl poslat Everton do dvoug\u00f3lov\u00e9ho veden\u00ed, sv\u016fj \u00faprk od p\u016fl\u00edc\u00ed \u010d\u00e1ry zakon\u010dil jen ranou do g\u00f3lmana. Chelsea, kter\u00e9 nevon\u011bly tvrd\u00e9 souboje, ale nebyla s\u00a0to si vypracovat vylo\u017een\u011bj\u0161\u00ed p\u0159\u00edle\u017eitost, nav\u00edc Ferguson zareagoval dobr\u00fdm st\u0159\u00edd\u00e1n\u00edm, kdy\u017e unaven\u00e9ho \u00fato\u010dn\u00edka Richarlisona vyst\u0159\u00eddal za Daviese, aby podpo\u0159il unavuj\u00edc\u00ed se st\u0159ed h\u0159i\u0161t\u011b.<\/p>\n<p>Energick\u00fd Angli\u010dan m\u011bl nav\u00edc prsty i ve t\u0159et\u00ed poji\u0161\u0165ovac\u00ed brance. Toffees se vrhli do obrany Chelsea po \u0161patn\u00e9 rozehr\u00e1vce Kepy, Davies udr\u017eel m\u00ed\u010d na kopa\u010dce proti p\u0159esile a Calvert-Lewin prost\u0159elil neboh\u00e9ho Kepu mezi nohami \u2013 <strong>3:1<\/strong>.<\/p>\n<p>Everton si u\u017e v\u00fdhru pohl\u00eddal, vymanil sestupov\u00e9ho p\u00e1sma a py\u0161n\u00fd Ferguson si po z\u00e1pase mohl u\u017e\u00edvat zaslou\u017een\u00fd aplaus tribun. Hlavn\u011b jeho z\u00e1sluhou se fanou\u0161k\u016fm po del\u0161\u00ed dob\u011b vr\u00e1til \u00fasm\u011bv na tv\u00e1\u0159.<\/p>\n<p><strong>Branky:<\/strong> 5. Richarlison, 49. a 84. Dominic Calvert-Lewin &#8211; 52. Mateo Kova\u010di\u0107<\/p>\n<p><strong>\u017dK:<\/strong> 30. Lucas Digne, 42. Richarlison, 48. Dominic Calvert-Lewin<\/p>\n<p><strong>Everton:<\/strong> Jordan Pickford, Djibril Sidib\u00e9, Michael Keane, Mason Holgate, Lucas Digne (82. Leighton Baines), Morgan Schneiderlin, Gylfi Sigurdsson, Dominic Calvert-Lewin, Theo Walcott (86. Bernard), Alex Iwobi, Richarlison (71. Tom Davies)<\/p>\n<p><strong>Chelsea:<\/strong> Kepa, Reece James (82. Michy Batshuayi), Andreas Christensen, Kurt Zouma, C\u00e9sar Azpilicueta, N&#8217;Golo Kant\u00e9, Mateo Kova\u010di\u0107, Willian (71. Callum Hudson-Odoi), Mason Mount, Christian Pulisic, Tammy Abraham<\/p>\n<p><strong>Rozhod\u010d\u00ed:<\/strong> Craig Pawson<\/p>\n<p><strong>Div\u00e1ci:<\/strong> 39 114<\/p>\n","protected":false},"excerpt":{"rendered":"<p>A pak \u017ee to nejde! Duncan Ferguson dok\u00e1zal svou v\u00e1\u0161e\u0148 ke klubu p\u0159en\u00e9st na hr\u00e1\u010de a Everton si p\u0159ipisuje veled\u016fle\u017eit\u00e9 v\u00edt\u011bzstv\u00ed nad Chelsea.<\/p>\n","protected":false},"author":6,"featured_media":9740,"comment_status":"open","ping_status":"closed","sticky":false,"template":"","format":"standard","meta":{"_eb_attr":"","_monsterinsights_skip_tracking":false,"_monsterinsights_sitenote_active":false,"_monsterinsights_sitenote_note":"","_monsterinsights_sitenote_category":0,"footnotes":""},"categories":[4],"tags":[],"yoast_head":"<!-- This site is optimized with the Yoast SEO plugin v23.4 - https:\/\/yoast.com\/wordpress\/plugins\/seo\/ -->\n<title>Everton - Chelsea 3:1 - Official Czech &amp; Slovak Everton Supporters&#039; Club<\/title>\n<meta name=\"robots\" content=\"index, follow, max-snippet:-1, max-image-preview:large, max-video-preview:-1\" \/>\n<link rel=\"canonical\" href=\"https:\/\/evertonfc.cz\/index.php\/2019\/12\/07\/everton-chelsea-3-1\/\" \/>\n<meta property=\"og:locale\" content=\"cs_CZ\" \/>\n<meta property=\"og:type\" content=\"article\" \/>\n<meta property=\"og:title\" content=\"Everton - Chelsea 3:1 - Official Czech &amp; Slovak Everton Supporters&#039; Club\" \/>\n<meta property=\"og:description\" content=\"A pak \u017ee to nejde! Duncan Ferguson dok\u00e1zal svou v\u00e1\u0161e\u0148 ke klubu p\u0159en\u00e9st na hr\u00e1\u010de a Everton si p\u0159ipisuje veled\u016fle\u017eit\u00e9 v\u00edt\u011bzstv\u00ed nad Chelsea.\" \/>\n<meta property=\"og:url\" content=\"https:\/\/evertonfc.cz\/index.php\/2019\/12\/07\/everton-chelsea-3-1\/\" \/>\n<meta property=\"og:site_name\" content=\"Official Czech &amp; Slovak Everton Supporters&#039; Club\" \/>\n<meta property=\"article:publisher\" content=\"https:\/\/www.facebook.com\/everton.fans.cz.sk\" \/>\n<meta property=\"article:published_time\" content=\"2019-12-07T15:23:57+00:00\" \/>\n<meta property=\"article:modified_time\" content=\"2019-12-07T15:38:07+00:00\" \/>\n<meta property=\"og:image\" content=\"https:\/\/evertonfc.cz\/wp-content\/uploads\/2019\/12\/dunc_6_12_2019.jpg\" \/>\n\t<meta property=\"og:image:width\" content=\"720\" \/>\n\t<meta property=\"og:image:height\" content=\"405\" \/>\n\t<meta property=\"og:image:type\" content=\"image\/jpeg\" \/>\n<meta name=\"author\" content=\"Ri\u010di\" \/>\n<meta name=\"twitter:card\" content=\"summary_large_image\" \/>\n<meta name=\"twitter:creator\" content=\"@rbrejsa\" \/>\n<meta name=\"twitter:label1\" content=\"Napsal(a)\" \/>\n\t<meta name=\"twitter:data1\" content=\"Ri\u010di\" \/>\n\t<meta name=\"twitter:label2\" content=\"Odhadovan\u00e1 doba \u010dten\u00ed\" \/>\n\t<meta name=\"twitter:data2\" content=\"3 minuty\" \/>\n<script type=\"application\/ld+json\" class=\"yoast-schema-graph\">{\"@context\":\"https:\/\/schema.org\",\"@graph\":[{\"@type\":\"Article\",\"@id\":\"https:\/\/evertonfc.cz\/index.php\/2019\/12\/07\/everton-chelsea-3-1\/#article\",\"isPartOf\":{\"@id\":\"https:\/\/evertonfc.cz\/index.php\/2019\/12\/07\/everton-chelsea-3-1\/\"},\"author\":{\"name\":\"Ri\u010di\",\"@id\":\"https:\/\/evertonfc.cz\/#\/schema\/person\/f7a5daedb2ffee98480bc70e191aaef1\"},\"headline\":\"Everton &#8211; Chelsea 3:1\",\"datePublished\":\"2019-12-07T15:23:57+00:00\",\"dateModified\":\"2019-12-07T15:38:07+00:00\",\"mainEntityOfPage\":{\"@id\":\"https:\/\/evertonfc.cz\/index.php\/2019\/12\/07\/everton-chelsea-3-1\/\"},\"wordCount\":642,\"commentCount\":7,\"publisher\":{\"@id\":\"https:\/\/evertonfc.cz\/#organization\"},\"image\":{\"@id\":\"https:\/\/evertonfc.cz\/index.php\/2019\/12\/07\/everton-chelsea-3-1\/#primaryimage\"},\"thumbnailUrl\":\"https:\/\/evertonfc.cz\/wp-content\/uploads\/2019\/12\/dunc_6_12_2019.jpg\",\"articleSection\":[\"Z\u00e1pasy\"],\"inLanguage\":\"cs\",\"potentialAction\":[{\"@type\":\"CommentAction\",\"name\":\"Comment\",\"target\":[\"https:\/\/evertonfc.cz\/index.php\/2019\/12\/07\/everton-chelsea-3-1\/#respond\"]}]},{\"@type\":\"WebPage\",\"@id\":\"https:\/\/evertonfc.cz\/index.php\/2019\/12\/07\/everton-chelsea-3-1\/\",\"url\":\"https:\/\/evertonfc.cz\/index.php\/2019\/12\/07\/everton-chelsea-3-1\/\",\"name\":\"Everton - Chelsea 3:1 - Official Czech &amp; Slovak Everton Supporters&#039; Club\",\"isPartOf\":{\"@id\":\"https:\/\/evertonfc.cz\/#website\"},\"primaryImageOfPage\":{\"@id\":\"https:\/\/evertonfc.cz\/index.php\/2019\/12\/07\/everton-chelsea-3-1\/#primaryimage\"},\"image\":{\"@id\":\"https:\/\/evertonfc.cz\/index.php\/2019\/12\/07\/everton-chelsea-3-1\/#primaryimage\"},\"thumbnailUrl\":\"https:\/\/evertonfc.cz\/wp-content\/uploads\/2019\/12\/dunc_6_12_2019.jpg\",\"datePublished\":\"2019-12-07T15:23:57+00:00\",\"dateModified\":\"2019-12-07T15:38:07+00:00\",\"breadcrumb\":{\"@id\":\"https:\/\/evertonfc.cz\/index.php\/2019\/12\/07\/everton-chelsea-3-1\/#breadcrumb\"},\"inLanguage\":\"cs\",\"potentialAction\":[{\"@type\":\"ReadAction\",\"target\":[\"https:\/\/evertonfc.cz\/index.php\/2019\/12\/07\/everton-chelsea-3-1\/\"]}]},{\"@type\":\"ImageObject\",\"inLanguage\":\"cs\",\"@id\":\"https:\/\/evertonfc.cz\/index.php\/2019\/12\/07\/everton-chelsea-3-1\/#primaryimage\",\"url\":\"https:\/\/evertonfc.cz\/wp-content\/uploads\/2019\/12\/dunc_6_12_2019.jpg\",\"contentUrl\":\"https:\/\/evertonfc.cz\/wp-content\/uploads\/2019\/12\/dunc_6_12_2019.jpg\",\"width\":720,\"height\":405},{\"@type\":\"BreadcrumbList\",\"@id\":\"https:\/\/evertonfc.cz\/index.php\/2019\/12\/07\/everton-chelsea-3-1\/#breadcrumb\",\"itemListElement\":[{\"@type\":\"ListItem\",\"position\":1,\"name\":\"Home\",\"item\":\"https:\/\/evertonfc.cz\/\"},{\"@type\":\"ListItem\",\"position\":2,\"name\":\"Everton &#8211; Chelsea 3:1\"}]},{\"@type\":\"WebSite\",\"@id\":\"https:\/\/evertonfc.cz\/#website\",\"url\":\"https:\/\/evertonfc.cz\/\",\"name\":\"Official Czech &amp; Slovak Everton Supporters&#039; Club\",\"description\":\"\",\"publisher\":{\"@id\":\"https:\/\/evertonfc.cz\/#organization\"},\"potentialAction\":[{\"@type\":\"SearchAction\",\"target\":{\"@type\":\"EntryPoint\",\"urlTemplate\":\"https:\/\/evertonfc.cz\/?s={search_term_string}\"},\"query-input\":{\"@type\":\"PropertyValueSpecification\",\"valueRequired\":true,\"valueName\":\"search_term_string\"}}],\"inLanguage\":\"cs\"},{\"@type\":\"Organization\",\"@id\":\"https:\/\/evertonfc.cz\/#organization\",\"name\":\"Official Czech & Slovak Everton Supporters' Club\",\"url\":\"https:\/\/evertonfc.cz\/\",\"logo\":{\"@type\":\"ImageObject\",\"inLanguage\":\"cs\",\"@id\":\"https:\/\/evertonfc.cz\/#\/schema\/logo\/image\/\",\"url\":\"https:\/\/evertonfc.cz\/wp-content\/uploads\/2019\/05\/logo.png\",\"contentUrl\":\"https:\/\/evertonfc.cz\/wp-content\/uploads\/2019\/05\/logo.png\",\"width\":112,\"height\":112,\"caption\":\"Official Czech & Slovak Everton Supporters' Club\"},\"image\":{\"@id\":\"https:\/\/evertonfc.cz\/#\/schema\/logo\/image\/\"},\"sameAs\":[\"https:\/\/www.facebook.com\/everton.fans.cz.sk\"]},{\"@type\":\"Person\",\"@id\":\"https:\/\/evertonfc.cz\/#\/schema\/person\/f7a5daedb2ffee98480bc70e191aaef1\",\"name\":\"Ri\u010di\",\"sameAs\":[\"https:\/\/x.com\/rbrejsa\"],\"url\":\"https:\/\/evertonfc.cz\/index.php\/author\/rici\/\"}]}<\/script>\n<!-- \/ Yoast SEO plugin. -->","yoast_head_json":{"title":"Everton - Chelsea 3:1 - Official Czech &amp; Slovak Everton Supporters&#039; Club","robots":{"index":"index","follow":"follow","max-snippet":"max-snippet:-1","max-image-preview":"max-image-preview:large","max-video-preview":"max-video-preview:-1"},"canonical":"https:\/\/evertonfc.cz\/index.php\/2019\/12\/07\/everton-chelsea-3-1\/","og_locale":"cs_CZ","og_type":"article","og_title":"Everton - Chelsea 3:1 - Official Czech &amp; Slovak Everton Supporters&#039; Club","og_description":"A pak \u017ee to nejde! Duncan Ferguson dok\u00e1zal svou v\u00e1\u0161e\u0148 ke klubu p\u0159en\u00e9st na hr\u00e1\u010de a Everton si p\u0159ipisuje veled\u016fle\u017eit\u00e9 v\u00edt\u011bzstv\u00ed nad Chelsea.","og_url":"https:\/\/evertonfc.cz\/index.php\/2019\/12\/07\/everton-chelsea-3-1\/","og_site_name":"Official Czech &amp; Slovak Everton Supporters&#039; Club","article_publisher":"https:\/\/www.facebook.com\/everton.fans.cz.sk","article_published_time":"2019-12-07T15:23:57+00:00","article_modified_time":"2019-12-07T15:38:07+00:00","og_image":[{"width":720,"height":405,"url":"https:\/\/evertonfc.cz\/wp-content\/uploads\/2019\/12\/dunc_6_12_2019.jpg","type":"image\/jpeg"}],"author":"Ri\u010di","twitter_card":"summary_large_image","twitter_creator":"@rbrejsa","twitter_misc":{"Napsal(a)":"Ri\u010di","Odhadovan\u00e1 doba \u010dten\u00ed":"3 minuty"},"schema":{"@context":"https:\/\/schema.org","@graph":[{"@type":"Article","@id":"https:\/\/evertonfc.cz\/index.php\/2019\/12\/07\/everton-chelsea-3-1\/#article","isPartOf":{"@id":"https:\/\/evertonfc.cz\/index.php\/2019\/12\/07\/everton-chelsea-3-1\/"},"author":{"name":"Ri\u010di","@id":"https:\/\/evertonfc.cz\/#\/schema\/person\/f7a5daedb2ffee98480bc70e191aaef1"},"headline":"Everton &#8211; Chelsea 3:1","datePublished":"2019-12-07T15:23:57+00:00","dateModified":"2019-12-07T15:38:07+00:00","mainEntityOfPage":{"@id":"https:\/\/evertonfc.cz\/index.php\/2019\/12\/07\/everton-chelsea-3-1\/"},"wordCount":642,"commentCount":7,"publisher":{"@id":"https:\/\/evertonfc.cz\/#organization"},"image":{"@id":"https:\/\/evertonfc.cz\/index.php\/2019\/12\/07\/everton-chelsea-3-1\/#primaryimage"},"thumbnailUrl":"https:\/\/evertonfc.cz\/wp-content\/uploads\/2019\/12\/dunc_6_12_2019.jpg","articleSection":["Z\u00e1pasy"],"inLanguage":"cs","potentialAction":[{"@type":"CommentAction","name":"Comment","target":["https:\/\/evertonfc.cz\/index.php\/2019\/12\/07\/everton-chelsea-3-1\/#respond"]}]},{"@type":"WebPage","@id":"https:\/\/evertonfc.cz\/index.php\/2019\/12\/07\/everton-chelsea-3-1\/","url":"https:\/\/evertonfc.cz\/index.php\/2019\/12\/07\/everton-chelsea-3-1\/","name":"Everton - Chelsea 3:1 - Official Czech &amp; Slovak Everton Supporters&#039; Club","isPartOf":{"@id":"https:\/\/evertonfc.cz\/#website"},"primaryImageOfPage":{"@id":"https:\/\/evertonfc.cz\/index.php\/2019\/12\/07\/everton-chelsea-3-1\/#primaryimage"},"image":{"@id":"https:\/\/evertonfc.cz\/index.php\/2019\/12\/07\/everton-chelsea-3-1\/#primaryimage"},"thumbnailUrl":"https:\/\/evertonfc.cz\/wp-content\/uploads\/2019\/12\/dunc_6_12_2019.jpg","datePublished":"2019-12-07T15:23:57+00:00","dateModified":"2019-12-07T15:38:07+00:00","breadcrumb":{"@id":"https:\/\/evertonfc.cz\/index.php\/2019\/12\/07\/everton-chelsea-3-1\/#breadcrumb"},"inLanguage":"cs","potentialAction":[{"@type":"ReadAction","target":["https:\/\/evertonfc.cz\/index.php\/2019\/12\/07\/everton-chelsea-3-1\/"]}]},{"@type":"ImageObject","inLanguage":"cs","@id":"https:\/\/evertonfc.cz\/index.php\/2019\/12\/07\/everton-chelsea-3-1\/#primaryimage","url":"https:\/\/evertonfc.cz\/wp-content\/uploads\/2019\/12\/dunc_6_12_2019.jpg","contentUrl":"https:\/\/evertonfc.cz\/wp-content\/uploads\/2019\/12\/dunc_6_12_2019.jpg","width":720,"height":405},{"@type":"BreadcrumbList","@id":"https:\/\/evertonfc.cz\/index.php\/2019\/12\/07\/everton-chelsea-3-1\/#breadcrumb","itemListElement":[{"@type":"ListItem","position":1,"name":"Home","item":"https:\/\/evertonfc.cz\/"},{"@type":"ListItem","position":2,"name":"Everton &#8211; Chelsea 3:1"}]},{"@type":"WebSite","@id":"https:\/\/evertonfc.cz\/#website","url":"https:\/\/evertonfc.cz\/","name":"Official Czech &amp; Slovak Everton Supporters&#039; Club","description":"","publisher":{"@id":"https:\/\/evertonfc.cz\/#organization"},"potentialAction":[{"@type":"SearchAction","target":{"@type":"EntryPoint","urlTemplate":"https:\/\/evertonfc.cz\/?s={search_term_string}"},"query-input":{"@type":"PropertyValueSpecification","valueRequired":true,"valueName":"search_term_string"}}],"inLanguage":"cs"},{"@type":"Organization","@id":"https:\/\/evertonfc.cz\/#organization","name":"Official Czech & Slovak Everton Supporters' Club","url":"https:\/\/evertonfc.cz\/","logo":{"@type":"ImageObject","inLanguage":"cs","@id":"https:\/\/evertonfc.cz\/#\/schema\/logo\/image\/","url":"https:\/\/evertonfc.cz\/wp-content\/uploads\/2019\/05\/logo.png","contentUrl":"https:\/\/evertonfc.cz\/wp-content\/uploads\/2019\/05\/logo.png","width":112,"height":112,"caption":"Official Czech & Slovak Everton Supporters' Club"},"image":{"@id":"https:\/\/evertonfc.cz\/#\/schema\/logo\/image\/"},"sameAs":["https:\/\/www.facebook.com\/everton.fans.cz.sk"]},{"@type":"Person","@id":"https:\/\/evertonfc.cz\/#\/schema\/person\/f7a5daedb2ffee98480bc70e191aaef1","name":"Ri\u010di","sameAs":["https:\/\/x.com\/rbrejsa"],"url":"https:\/\/evertonfc.cz\/index.php\/author\/rici\/"}]}},"_links":{"self":[{"href":"https:\/\/evertonfc.cz\/index.php\/wp-json\/wp\/v2\/posts\/9741"}],"collection":[{"href":"https:\/\/evertonfc.cz\/index.php\/wp-json\/wp\/v2\/posts"}],"about":[{"href":"https:\/\/evertonfc.cz\/index.php\/wp-json\/wp\/v2\/types\/post"}],"author":[{"embeddable":true,"href":"https:\/\/evertonfc.cz\/index.php\/wp-json\/wp\/v2\/users\/6"}],"replies":[{"embeddable":true,"href":"https:\/\/evertonfc.cz\/index.php\/wp-json\/wp\/v2\/comments?post=9741"}],"version-history":[{"count":3,"href":"https:\/\/evertonfc.cz\/index.php\/wp-json\/wp\/v2\/posts\/9741\/revisions"}],"predecessor-version":[{"id":9747,"href":"https:\/\/evertonfc.cz\/index.php\/wp-json\/wp\/v2\/posts\/9741\/revisions\/9747"}],"wp:featuredmedia":[{"embeddable":true,"href":"https:\/\/evertonfc.cz\/index.php\/wp-json\/wp\/v2\/media\/9740"}],"wp:attachment":[{"href":"https:\/\/evertonfc.cz\/index.php\/wp-json\/wp\/v2\/media?parent=9741"}],"wp:term":[{"taxonomy":"category","embeddable":true,"href":"https:\/\/evertonfc.cz\/index.php\/wp-json\/wp\/v2\/categories?post=9741"},{"taxonomy":"post_tag","embeddable":true,"href":"https:\/\/evertonfc.cz\/index.php\/wp-json\/wp\/v2\/tags?post=9741"}],"curies":[{"name":"wp","href":"https:\/\/api.w.org\/{rel}","templated":true}]}}