{"id":9782,"date":"2019-12-10T21:23:15","date_gmt":"2019-12-10T20:23:15","guid":{"rendered":"https:\/\/evertonfc.cz\/?p=9782"},"modified":"2019-12-10T22:28:07","modified_gmt":"2019-12-10T21:28:07","slug":"benitez-ani-pereira-nezakotvi-v-evertonu","status":"publish","type":"post","link":"https:\/\/evertonfc.cz\/index.php\/2019\/12\/10\/benitez-ani-pereira-nezakotvi-v-evertonu\/","title":{"rendered":"Ben\u00edtez ani Pereira nezakotv\u00ed v Evertonu"},"content":{"rendered":"<h4>Rafa Ben\u00edtez i Vitor Pereira, jejich\u017e jm\u00e9na se notn\u011b spojovala s Toffees, vylou\u010dili mo\u017enost p\u0159esunu na Goodison Park. Mezi kandid\u00e1ty na mana\u017eera naopak figuruj\u00ed Unai Emery a Carlo Ancelotti.<\/h4>\n<p>Vyznat se mezi spekulacemi britsk\u00fdch, pota\u017emo evropsk\u00fdch, m\u00e9di\u00ed m\u016f\u017ee b\u00fdt slo\u017eit\u00e9. Od \u010dtvrte\u010dn\u00edho vyhazovu Marca Silvy je d\u00e1v\u00e1no do spojitosti s\u00a0Evertonem ohromn\u00e9 mno\u017estv\u00ed strat\u00e9g\u016f.<\/p>\n<p>Dv\u011b jm\u00e9na lze v\u0161ak nyn\u00ed \u0161krtnout. Rafa Ben\u00edtez, b\u00fdval\u00fd m\u011bstsk\u00fdch lodivod rival\u016f z Liverpoolu, se b\u011bhem pond\u011bln\u00edho vystoupen\u00ed v anglick\u00e9 televizi <a href=\"https:\/\/www.skysports.com\/football\/news\/11661\/11882601\/rafael-benitez-rules-out-imminent-premier-league-return\" target=\"_blank\" rel=\"noopener noreferrer\">Sky Sports<\/a> zav\u00e1zal k\u00a0setrv\u00e1n\u00ed v\u00a0\u010d\u00ednsk\u00e9m celku Dalian Yifang: <em>\u201eV sou\u010dasn\u00e9 chv\u00edli se nevr\u00e1t\u00edm do Premier League. Chci z\u016fstat v \u010c\u00edn\u011b, kde bych r\u00e1d zanechal pozitivn\u00ed odkaz. T\u011b\u0161\u00edm se velk\u00e9 d\u016fv\u011b\u0159e majitel\u016f.\u201c<\/em> P\u0159\u00edchod do Goodison Parku v budoucnu ale Ben\u00edtez odm\u00edtl vylou\u010dit.<\/p>\n<p>V asijsk\u00e9 velmoci hodl\u00e1 setrvat i Vitor Pereira. 51let\u00fd portugalsk\u00fd sv\u011btob\u011b\u017en\u00edk se objevil v hled\u00e1\u010dku Evertonu u\u017e v roce 2013 po odchodu Davida Moyese a n\u011bkter\u00e9 den\u00edky jeho jm\u00e9no vynesly na tituln\u00ed str\u00e1nky i nyn\u00ed po \u0161esti letech.<\/p>\n<p><em>\u201eJe mi ct\u00ed, \u017ee se o mn\u011b uva\u017eovalo jako o mana\u017eerovi Evertonu, jsem ale tren\u00e9rem \u0160anghaje SIPG, klubu, kter\u00fd je bl\u00edzk\u00fd m\u00e9mu srdci. Nejsem situaci, kdy bych zva\u017eoval jinou nab\u00eddku,\u201c<\/em> prozradil Pereira v rozhovoru pro <a href=\"https:\/\/www.skysports.com\/football\/news\/11671\/11883204\/vitor-pereira-withdraws-from-everton-manager-process\" target=\"_blank\" rel=\"noopener noreferrer\">Sky Sports<\/a>.<\/p>\n<p>Zaj\u00edmavou informaci dnes p\u0159inesl port\u00e1l <a href=\"https:\/\/theathletic.com\/1448660\/2019\/12\/10\/emery-would-consider-everton-job-after-meeting-moshiri-and-kenwright\/\" target=\"_blank\" rel=\"noopener noreferrer\">The Athletic<\/a>. Podle jeho d\u016fv\u011bryhodn\u00fdch informac\u00ed se v\u011bt\u0161inov\u00fd vlastn\u00edk Farhad Moshiri a p\u0159edseda Bill Kenwright se\u0161li s tren\u00e9rem Unaiem Emerym.<\/p>\n<p>48let\u00fd \u0160pan\u011bl byl na konci listopadu vyhozen z Arsenalu a p\u016fvodn\u011b m\u011bl v pl\u00e1nu si na chv\u00edli odpo\u010dinout od fotbalu. Na setk\u00e1n\u00ed s veden\u00edm Evertonu sice neobdr\u017eel konkr\u00e9tn\u00ed nab\u00eddku pr\u00e1ce, pokud by mu ale v budoucnu p\u0159ist\u00e1la na stole, pr\u00fd by ji zv\u00e1\u017eil. Zat\u00edm si je pouze v\u011bdom, \u017ee pat\u0159\u00ed mezi n\u011bkolik kandid\u00e1t\u016f na voln\u00fd post u Blues.<\/p>\n<p>Podle \u010dl\u00e1nku serveru <a href=\"https:\/\/www.telegraph.co.uk\/football\/2019\/12\/10\/everton-keen-carlo-ancelotti-may-face-competition-arsenal-should\/\" target=\"_blank\" rel=\"noopener noreferrer\">The Telegraph<\/a> je nejpreferovan\u011bj\u0161\u00ed volbou Evertonu Carlo Ancelotti, jen\u017e m\u00e1 skon\u010dit na lavi\u010dce Neapole po dne\u0161n\u00edm z\u00e1pase Ligy mistr\u016f. Okolo renomovan\u00e9ho Itala nicm\u00e9n\u011b krou\u017e\u00ed i Arsenal, a tak je dal\u0161\u00ed v\u00fdvoj t\u011b\u017ek\u00e9 predikovat. Zvl\u00e1\u0161\u0165 kdy\u017e nen\u00ed zn\u00e1m Ancelottiho postoj k mo\u017en\u00e9mu st\u011bhov\u00e1n\u00ed do Merseyside.<\/p>\n<p>Everton <a href=\"https:\/\/www.evertonfc.com\/news\/1518522\/club-statement\" target=\"_blank\" rel=\"noopener noreferrer\">v ofici\u00e1ln\u00edm prohl\u00e1\u0161en\u00ed<\/a> o propu\u0161t\u011bn\u00ed Marca Silvy deklaroval c\u00edl naj\u00edt nov\u00e9ho mana\u017eera \u201etak rychle, jak jen to jen bude mo\u017en\u00e9\u201c. Aktu\u00e1ln\u011b vede t\u00fdm do\u010dasn\u00fd mana\u017eer Duncan Ferguson, kter\u00fd se uvedl skv\u011blou v\u00fdhrou 3:1 nad Chelsea.<\/p>\n","protected":false},"excerpt":{"rendered":"<p>Rafa Ben\u00edtez i Vitor Pereira, jejich\u017e jm\u00e9na se notn\u011b spojovala s Toffees, vylou\u010dili mo\u017enost p\u0159esunu na Goodison Park. Mezi kandid\u00e1ty na mana\u017eera naopak figuruj\u00ed Unai Emery a Carlo Ancelotti.<\/p>\n","protected":false},"author":6,"featured_media":9758,"comment_status":"open","ping_status":"closed","sticky":false,"template":"","format":"standard","meta":{"_eb_attr":"","_monsterinsights_skip_tracking":false,"_monsterinsights_sitenote_active":false,"_monsterinsights_sitenote_note":"","_monsterinsights_sitenote_category":0,"footnotes":""},"categories":[42],"tags":[],"yoast_head":"<!-- This site is optimized with the Yoast SEO plugin v23.4 - https:\/\/yoast.com\/wordpress\/plugins\/seo\/ -->\n<title>Ben\u00edtez ani Pereira nezakotv\u00ed v Evertonu - Official Czech &amp; Slovak Everton Supporters&#039; Club<\/title>\n<meta name=\"robots\" content=\"index, follow, max-snippet:-1, max-image-preview:large, max-video-preview:-1\" \/>\n<link rel=\"canonical\" href=\"https:\/\/evertonfc.cz\/index.php\/2019\/12\/10\/benitez-ani-pereira-nezakotvi-v-evertonu\/\" \/>\n<meta property=\"og:locale\" content=\"cs_CZ\" \/>\n<meta property=\"og:type\" content=\"article\" \/>\n<meta property=\"og:title\" content=\"Ben\u00edtez ani Pereira nezakotv\u00ed v Evertonu - Official Czech &amp; Slovak Everton Supporters&#039; Club\" \/>\n<meta property=\"og:description\" content=\"Rafa Ben\u00edtez i Vitor Pereira, jejich\u017e jm\u00e9na se notn\u011b spojovala s Toffees, vylou\u010dili mo\u017enost p\u0159esunu na Goodison Park. Mezi kandid\u00e1ty na mana\u017eera naopak figuruj\u00ed Unai Emery a Carlo Ancelotti.\" \/>\n<meta property=\"og:url\" content=\"https:\/\/evertonfc.cz\/index.php\/2019\/12\/10\/benitez-ani-pereira-nezakotvi-v-evertonu\/\" \/>\n<meta property=\"og:site_name\" content=\"Official Czech &amp; Slovak Everton Supporters&#039; Club\" \/>\n<meta property=\"article:publisher\" content=\"https:\/\/www.facebook.com\/everton.fans.cz.sk\" \/>\n<meta property=\"article:published_time\" content=\"2019-12-10T20:23:15+00:00\" \/>\n<meta property=\"article:modified_time\" content=\"2019-12-10T21:28:07+00:00\" \/>\n<meta property=\"og:image\" content=\"https:\/\/evertonfc.cz\/wp-content\/uploads\/2019\/12\/benitez_10_12_2019.jpg\" \/>\n\t<meta property=\"og:image:width\" content=\"720\" \/>\n\t<meta property=\"og:image:height\" content=\"405\" \/>\n\t<meta property=\"og:image:type\" content=\"image\/jpeg\" \/>\n<meta name=\"author\" content=\"Ri\u010di\" \/>\n<meta name=\"twitter:card\" content=\"summary_large_image\" \/>\n<meta name=\"twitter:creator\" content=\"@rbrejsa\" \/>\n<meta name=\"twitter:label1\" content=\"Napsal(a)\" \/>\n\t<meta name=\"twitter:data1\" content=\"Ri\u010di\" \/>\n\t<meta name=\"twitter:label2\" content=\"Odhadovan\u00e1 doba \u010dten\u00ed\" \/>\n\t<meta name=\"twitter:data2\" content=\"2 minuty\" \/>\n<script type=\"application\/ld+json\" class=\"yoast-schema-graph\">{\"@context\":\"https:\/\/schema.org\",\"@graph\":[{\"@type\":\"Article\",\"@id\":\"https:\/\/evertonfc.cz\/index.php\/2019\/12\/10\/benitez-ani-pereira-nezakotvi-v-evertonu\/#article\",\"isPartOf\":{\"@id\":\"https:\/\/evertonfc.cz\/index.php\/2019\/12\/10\/benitez-ani-pereira-nezakotvi-v-evertonu\/\"},\"author\":{\"name\":\"Ri\u010di\",\"@id\":\"https:\/\/evertonfc.cz\/#\/schema\/person\/f7a5daedb2ffee98480bc70e191aaef1\"},\"headline\":\"Ben\u00edtez ani Pereira nezakotv\u00ed v Evertonu\",\"datePublished\":\"2019-12-10T20:23:15+00:00\",\"dateModified\":\"2019-12-10T21:28:07+00:00\",\"mainEntityOfPage\":{\"@id\":\"https:\/\/evertonfc.cz\/index.php\/2019\/12\/10\/benitez-ani-pereira-nezakotvi-v-evertonu\/\"},\"wordCount\":487,\"commentCount\":17,\"publisher\":{\"@id\":\"https:\/\/evertonfc.cz\/#organization\"},\"image\":{\"@id\":\"https:\/\/evertonfc.cz\/index.php\/2019\/12\/10\/benitez-ani-pereira-nezakotvi-v-evertonu\/#primaryimage\"},\"thumbnailUrl\":\"https:\/\/evertonfc.cz\/wp-content\/uploads\/2019\/12\/benitez_10_12_2019.jpg\",\"articleSection\":[\"Aktuality\"],\"inLanguage\":\"cs\",\"potentialAction\":[{\"@type\":\"CommentAction\",\"name\":\"Comment\",\"target\":[\"https:\/\/evertonfc.cz\/index.php\/2019\/12\/10\/benitez-ani-pereira-nezakotvi-v-evertonu\/#respond\"]}]},{\"@type\":\"WebPage\",\"@id\":\"https:\/\/evertonfc.cz\/index.php\/2019\/12\/10\/benitez-ani-pereira-nezakotvi-v-evertonu\/\",\"url\":\"https:\/\/evertonfc.cz\/index.php\/2019\/12\/10\/benitez-ani-pereira-nezakotvi-v-evertonu\/\",\"name\":\"Ben\u00edtez ani Pereira nezakotv\u00ed v Evertonu - Official Czech &amp; Slovak Everton Supporters&#039; Club\",\"isPartOf\":{\"@id\":\"https:\/\/evertonfc.cz\/#website\"},\"primaryImageOfPage\":{\"@id\":\"https:\/\/evertonfc.cz\/index.php\/2019\/12\/10\/benitez-ani-pereira-nezakotvi-v-evertonu\/#primaryimage\"},\"image\":{\"@id\":\"https:\/\/evertonfc.cz\/index.php\/2019\/12\/10\/benitez-ani-pereira-nezakotvi-v-evertonu\/#primaryimage\"},\"thumbnailUrl\":\"https:\/\/evertonfc.cz\/wp-content\/uploads\/2019\/12\/benitez_10_12_2019.jpg\",\"datePublished\":\"2019-12-10T20:23:15+00:00\",\"dateModified\":\"2019-12-10T21:28:07+00:00\",\"breadcrumb\":{\"@id\":\"https:\/\/evertonfc.cz\/index.php\/2019\/12\/10\/benitez-ani-pereira-nezakotvi-v-evertonu\/#breadcrumb\"},\"inLanguage\":\"cs\",\"potentialAction\":[{\"@type\":\"ReadAction\",\"target\":[\"https:\/\/evertonfc.cz\/index.php\/2019\/12\/10\/benitez-ani-pereira-nezakotvi-v-evertonu\/\"]}]},{\"@type\":\"ImageObject\",\"inLanguage\":\"cs\",\"@id\":\"https:\/\/evertonfc.cz\/index.php\/2019\/12\/10\/benitez-ani-pereira-nezakotvi-v-evertonu\/#primaryimage\",\"url\":\"https:\/\/evertonfc.cz\/wp-content\/uploads\/2019\/12\/benitez_10_12_2019.jpg\",\"contentUrl\":\"https:\/\/evertonfc.cz\/wp-content\/uploads\/2019\/12\/benitez_10_12_2019.jpg\",\"width\":720,\"height\":405},{\"@type\":\"BreadcrumbList\",\"@id\":\"https:\/\/evertonfc.cz\/index.php\/2019\/12\/10\/benitez-ani-pereira-nezakotvi-v-evertonu\/#breadcrumb\",\"itemListElement\":[{\"@type\":\"ListItem\",\"position\":1,\"name\":\"Home\",\"item\":\"https:\/\/evertonfc.cz\/\"},{\"@type\":\"ListItem\",\"position\":2,\"name\":\"Ben\u00edtez ani Pereira nezakotv\u00ed v Evertonu\"}]},{\"@type\":\"WebSite\",\"@id\":\"https:\/\/evertonfc.cz\/#website\",\"url\":\"https:\/\/evertonfc.cz\/\",\"name\":\"Official Czech &amp; Slovak Everton Supporters&#039; Club\",\"description\":\"\",\"publisher\":{\"@id\":\"https:\/\/evertonfc.cz\/#organization\"},\"potentialAction\":[{\"@type\":\"SearchAction\",\"target\":{\"@type\":\"EntryPoint\",\"urlTemplate\":\"https:\/\/evertonfc.cz\/?s={search_term_string}\"},\"query-input\":{\"@type\":\"PropertyValueSpecification\",\"valueRequired\":true,\"valueName\":\"search_term_string\"}}],\"inLanguage\":\"cs\"},{\"@type\":\"Organization\",\"@id\":\"https:\/\/evertonfc.cz\/#organization\",\"name\":\"Official Czech & Slovak Everton Supporters' Club\",\"url\":\"https:\/\/evertonfc.cz\/\",\"logo\":{\"@type\":\"ImageObject\",\"inLanguage\":\"cs\",\"@id\":\"https:\/\/evertonfc.cz\/#\/schema\/logo\/image\/\",\"url\":\"https:\/\/evertonfc.cz\/wp-content\/uploads\/2019\/05\/logo.png\",\"contentUrl\":\"https:\/\/evertonfc.cz\/wp-content\/uploads\/2019\/05\/logo.png\",\"width\":112,\"height\":112,\"caption\":\"Official Czech & Slovak Everton Supporters' Club\"},\"image\":{\"@id\":\"https:\/\/evertonfc.cz\/#\/schema\/logo\/image\/\"},\"sameAs\":[\"https:\/\/www.facebook.com\/everton.fans.cz.sk\"]},{\"@type\":\"Person\",\"@id\":\"https:\/\/evertonfc.cz\/#\/schema\/person\/f7a5daedb2ffee98480bc70e191aaef1\",\"name\":\"Ri\u010di\",\"sameAs\":[\"https:\/\/x.com\/rbrejsa\"],\"url\":\"https:\/\/evertonfc.cz\/index.php\/author\/rici\/\"}]}<\/script>\n<!-- \/ Yoast SEO plugin. -->","yoast_head_json":{"title":"Ben\u00edtez ani Pereira nezakotv\u00ed v Evertonu - Official Czech &amp; Slovak Everton Supporters&#039; Club","robots":{"index":"index","follow":"follow","max-snippet":"max-snippet:-1","max-image-preview":"max-image-preview:large","max-video-preview":"max-video-preview:-1"},"canonical":"https:\/\/evertonfc.cz\/index.php\/2019\/12\/10\/benitez-ani-pereira-nezakotvi-v-evertonu\/","og_locale":"cs_CZ","og_type":"article","og_title":"Ben\u00edtez ani Pereira nezakotv\u00ed v Evertonu - Official Czech &amp; Slovak Everton Supporters&#039; Club","og_description":"Rafa Ben\u00edtez i Vitor Pereira, jejich\u017e jm\u00e9na se notn\u011b spojovala s Toffees, vylou\u010dili mo\u017enost p\u0159esunu na Goodison Park. Mezi kandid\u00e1ty na mana\u017eera naopak figuruj\u00ed Unai Emery a Carlo Ancelotti.","og_url":"https:\/\/evertonfc.cz\/index.php\/2019\/12\/10\/benitez-ani-pereira-nezakotvi-v-evertonu\/","og_site_name":"Official Czech &amp; Slovak Everton Supporters&#039; Club","article_publisher":"https:\/\/www.facebook.com\/everton.fans.cz.sk","article_published_time":"2019-12-10T20:23:15+00:00","article_modified_time":"2019-12-10T21:28:07+00:00","og_image":[{"width":720,"height":405,"url":"https:\/\/evertonfc.cz\/wp-content\/uploads\/2019\/12\/benitez_10_12_2019.jpg","type":"image\/jpeg"}],"author":"Ri\u010di","twitter_card":"summary_large_image","twitter_creator":"@rbrejsa","twitter_misc":{"Napsal(a)":"Ri\u010di","Odhadovan\u00e1 doba \u010dten\u00ed":"2 minuty"},"schema":{"@context":"https:\/\/schema.org","@graph":[{"@type":"Article","@id":"https:\/\/evertonfc.cz\/index.php\/2019\/12\/10\/benitez-ani-pereira-nezakotvi-v-evertonu\/#article","isPartOf":{"@id":"https:\/\/evertonfc.cz\/index.php\/2019\/12\/10\/benitez-ani-pereira-nezakotvi-v-evertonu\/"},"author":{"name":"Ri\u010di","@id":"https:\/\/evertonfc.cz\/#\/schema\/person\/f7a5daedb2ffee98480bc70e191aaef1"},"headline":"Ben\u00edtez ani Pereira nezakotv\u00ed v Evertonu","datePublished":"2019-12-10T20:23:15+00:00","dateModified":"2019-12-10T21:28:07+00:00","mainEntityOfPage":{"@id":"https:\/\/evertonfc.cz\/index.php\/2019\/12\/10\/benitez-ani-pereira-nezakotvi-v-evertonu\/"},"wordCount":487,"commentCount":17,"publisher":{"@id":"https:\/\/evertonfc.cz\/#organization"},"image":{"@id":"https:\/\/evertonfc.cz\/index.php\/2019\/12\/10\/benitez-ani-pereira-nezakotvi-v-evertonu\/#primaryimage"},"thumbnailUrl":"https:\/\/evertonfc.cz\/wp-content\/uploads\/2019\/12\/benitez_10_12_2019.jpg","articleSection":["Aktuality"],"inLanguage":"cs","potentialAction":[{"@type":"CommentAction","name":"Comment","target":["https:\/\/evertonfc.cz\/index.php\/2019\/12\/10\/benitez-ani-pereira-nezakotvi-v-evertonu\/#respond"]}]},{"@type":"WebPage","@id":"https:\/\/evertonfc.cz\/index.php\/2019\/12\/10\/benitez-ani-pereira-nezakotvi-v-evertonu\/","url":"https:\/\/evertonfc.cz\/index.php\/2019\/12\/10\/benitez-ani-pereira-nezakotvi-v-evertonu\/","name":"Ben\u00edtez ani Pereira nezakotv\u00ed v Evertonu - Official Czech &amp; Slovak Everton Supporters&#039; Club","isPartOf":{"@id":"https:\/\/evertonfc.cz\/#website"},"primaryImageOfPage":{"@id":"https:\/\/evertonfc.cz\/index.php\/2019\/12\/10\/benitez-ani-pereira-nezakotvi-v-evertonu\/#primaryimage"},"image":{"@id":"https:\/\/evertonfc.cz\/index.php\/2019\/12\/10\/benitez-ani-pereira-nezakotvi-v-evertonu\/#primaryimage"},"thumbnailUrl":"https:\/\/evertonfc.cz\/wp-content\/uploads\/2019\/12\/benitez_10_12_2019.jpg","datePublished":"2019-12-10T20:23:15+00:00","dateModified":"2019-12-10T21:28:07+00:00","breadcrumb":{"@id":"https:\/\/evertonfc.cz\/index.php\/2019\/12\/10\/benitez-ani-pereira-nezakotvi-v-evertonu\/#breadcrumb"},"inLanguage":"cs","potentialAction":[{"@type":"ReadAction","target":["https:\/\/evertonfc.cz\/index.php\/2019\/12\/10\/benitez-ani-pereira-nezakotvi-v-evertonu\/"]}]},{"@type":"ImageObject","inLanguage":"cs","@id":"https:\/\/evertonfc.cz\/index.php\/2019\/12\/10\/benitez-ani-pereira-nezakotvi-v-evertonu\/#primaryimage","url":"https:\/\/evertonfc.cz\/wp-content\/uploads\/2019\/12\/benitez_10_12_2019.jpg","contentUrl":"https:\/\/evertonfc.cz\/wp-content\/uploads\/2019\/12\/benitez_10_12_2019.jpg","width":720,"height":405},{"@type":"BreadcrumbList","@id":"https:\/\/evertonfc.cz\/index.php\/2019\/12\/10\/benitez-ani-pereira-nezakotvi-v-evertonu\/#breadcrumb","itemListElement":[{"@type":"ListItem","position":1,"name":"Home","item":"https:\/\/evertonfc.cz\/"},{"@type":"ListItem","position":2,"name":"Ben\u00edtez ani Pereira nezakotv\u00ed v Evertonu"}]},{"@type":"WebSite","@id":"https:\/\/evertonfc.cz\/#website","url":"https:\/\/evertonfc.cz\/","name":"Official Czech &amp; Slovak Everton Supporters&#039; Club","description":"","publisher":{"@id":"https:\/\/evertonfc.cz\/#organization"},"potentialAction":[{"@type":"SearchAction","target":{"@type":"EntryPoint","urlTemplate":"https:\/\/evertonfc.cz\/?s={search_term_string}"},"query-input":{"@type":"PropertyValueSpecification","valueRequired":true,"valueName":"search_term_string"}}],"inLanguage":"cs"},{"@type":"Organization","@id":"https:\/\/evertonfc.cz\/#organization","name":"Official Czech & Slovak Everton Supporters' Club","url":"https:\/\/evertonfc.cz\/","logo":{"@type":"ImageObject","inLanguage":"cs","@id":"https:\/\/evertonfc.cz\/#\/schema\/logo\/image\/","url":"https:\/\/evertonfc.cz\/wp-content\/uploads\/2019\/05\/logo.png","contentUrl":"https:\/\/evertonfc.cz\/wp-content\/uploads\/2019\/05\/logo.png","width":112,"height":112,"caption":"Official Czech & Slovak Everton Supporters' Club"},"image":{"@id":"https:\/\/evertonfc.cz\/#\/schema\/logo\/image\/"},"sameAs":["https:\/\/www.facebook.com\/everton.fans.cz.sk"]},{"@type":"Person","@id":"https:\/\/evertonfc.cz\/#\/schema\/person\/f7a5daedb2ffee98480bc70e191aaef1","name":"Ri\u010di","sameAs":["https:\/\/x.com\/rbrejsa"],"url":"https:\/\/evertonfc.cz\/index.php\/author\/rici\/"}]}},"_links":{"self":[{"href":"https:\/\/evertonfc.cz\/index.php\/wp-json\/wp\/v2\/posts\/9782"}],"collection":[{"href":"https:\/\/evertonfc.cz\/index.php\/wp-json\/wp\/v2\/posts"}],"about":[{"href":"https:\/\/evertonfc.cz\/index.php\/wp-json\/wp\/v2\/types\/post"}],"author":[{"embeddable":true,"href":"https:\/\/evertonfc.cz\/index.php\/wp-json\/wp\/v2\/users\/6"}],"replies":[{"embeddable":true,"href":"https:\/\/evertonfc.cz\/index.php\/wp-json\/wp\/v2\/comments?post=9782"}],"version-history":[{"count":3,"href":"https:\/\/evertonfc.cz\/index.php\/wp-json\/wp\/v2\/posts\/9782\/revisions"}],"predecessor-version":[{"id":9785,"href":"https:\/\/evertonfc.cz\/index.php\/wp-json\/wp\/v2\/posts\/9782\/revisions\/9785"}],"wp:featuredmedia":[{"embeddable":true,"href":"https:\/\/evertonfc.cz\/index.php\/wp-json\/wp\/v2\/media\/9758"}],"wp:attachment":[{"href":"https:\/\/evertonfc.cz\/index.php\/wp-json\/wp\/v2\/media?parent=9782"}],"wp:term":[{"taxonomy":"category","embeddable":true,"href":"https:\/\/evertonfc.cz\/index.php\/wp-json\/wp\/v2\/categories?post=9782"},{"taxonomy":"post_tag","embeddable":true,"href":"https:\/\/evertonfc.cz\/index.php\/wp-json\/wp\/v2\/tags?post=9782"}],"curies":[{"name":"wp","href":"https:\/\/api.w.org\/{rel}","templated":true}]}}