{"id":9789,"date":"2019-12-13T10:44:51","date_gmt":"2019-12-13T09:44:51","guid":{"rendered":"https:\/\/evertonfc.cz\/?p=9789"},"modified":"2021-02-06T14:54:40","modified_gmt":"2021-02-06T13:54:40","slug":"preview-manchester-united-everton-13-12-2019","status":"publish","type":"post","link":"https:\/\/evertonfc.cz\/index.php\/2019\/12\/13\/preview-manchester-united-everton-13-12-2019\/","title":{"rendered":"Preview: Manchester United &#8211; Everton"},"content":{"rendered":"<h4>Toffees po povzbudiv\u00e9m triumfu nad Chelsea s klubovou legendou na lavi\u010dce cestuj\u00ed na Old Trafford s d\u00e1vkou sebev\u011bdom\u00ed, t\u0159eba\u017ee tam\u011bj\u0161\u00ed hostitel\u00e9 nasko\u010dili na v\u00edt\u011bznou \u0161\u0148\u016fru.<\/h4>\n<p>Fanou\u0161ci Manchesteru United museli v leto\u0161n\u00ed sez\u00f3n\u011b \u010dekat na poveden\u011bj\u0161\u00ed obdob\u00ed a\u017e do prosince. D\u0159\u00edv\u011bj\u0161\u00ed klop\u00fdtnut\u00ed zpochyb\u0148ovala budoucnost Ole Gunnara Solskj\u00e6ra v klubu, norsk\u00fd mana\u017eer ale z\u016fst\u00e1val cel\u00fd \u010das v\u011brn\u00fd sv\u00e9 vizi &#8211; d\u016fv\u011b\u0159e v odchovance (mlad\u00e9 hr\u00e1\u010de) &#8211; a nyn\u00ed se zd\u00e1, \u017ee za\u010d\u00edn\u00e1 skl\u00edzet ovoce.<\/p>\n<p>Red Devils po dom\u00e1c\u00ed v\u00fdh\u0159e 2:1 nad Tottenhamem Hotspurs usp\u011bli stejn\u00fdm pom\u011brem i ve venkovn\u00edm m\u011bstsk\u00e9m derby se City a zda\u0159il\u00fd t\u00fdden a p\u016fl dovr\u0161ili ve \u010dtvrtek, kdy v obm\u011bn\u011bn\u00e9 sestav\u011b deklasovali nizozemsk\u00fd Alkmaar 4:0 p\u0159ed vlastn\u00edmi fanou\u0161ky, \u010d\u00edm\u017e pe\u010detili postup do jarn\u00ed vy\u0159azovac\u00ed f\u00e1ze Evropsk\u00e9 ligy z prvn\u00edho m\u00edsta z\u00e1kladn\u00ed skupiny.<\/p>\n<p>Solskj\u00e6rova d\u016fv\u011bra v mlad\u00e9 hr\u00e1\u010de, s nimi\u017e chce klub vr\u00e1tit na nejvy\u0161\u0161\u00ed p\u0159\u00ed\u010dky, je obdivuhodn\u00e1. <a href=\"https:\/\/trainingground.guru\/articles\/premier-league-game-time-for-english-u21s-hits-12-season-high\" target=\"_blank\" rel=\"noopener noreferrer\">Studie<\/a> publikovan\u00e1 na konci \u0159\u00edjna, kter\u00e1 zkoumala vyt\u00ed\u017een\u00fd odchovanc\u016f, uk\u00e1zala, \u017ee v United odehr\u00e1li odchovanci v leto\u0161n\u00edm ligov\u00e9m ro\u010dn\u00edku 37,4 % celkov\u00e9ho \u010dasu, nejv\u00edce z cel\u00e9 Premier League. V Evertonu naopak odchovanci dostali hern\u00ed prostor pouze v 0,3 % \u010dasu, co\u017e p\u0159edstavuje druhou nejhor\u0161\u00ed bilanci z cel\u00e9 ligy.<\/p>\n<p>Solskj\u00e6r se p\u0159itom m\u016f\u017ee spolehnout na pot\u0159ebnou podporu ze strany veden\u00ed klubu, kter\u00e9 je ochotno p\u0159imhou\u0159it oko nad hor\u0161\u00edm obdob\u00ed, jeliko\u017e si spr\u00e1vn\u011b uv\u011bdomuje, \u017ee s\u00e1zka na mlad\u00e9 fotbalisty sice vy\u017eaduje \u010das a trp\u011blivost, z dlouhodob\u00e9ho hlediska se ale m\u016f\u017ee bohat\u011b vyplatit.<\/p>\n<p>Podobn\u00e1 jednota ve strategii klubu naopak chyb\u00ed v Evertonu. Veden\u00ed by cht\u011blo s\u00e1zet na mlad\u00e9 hr\u00e1\u010de, proto p\u0159ivedlo sportovn\u00edho \u0159editele Marcela Brandse, z\u00e1rove\u0148 ale vy\u017eaduje okam\u017eit\u00e9 v\u00fdsledky a atraktivn\u00ed p\u0159edv\u00e1d\u011bnou hru. Nov\u00e9ho mana\u017eera Toffees rozhodn\u011b ne\u010dek\u00e1 lehk\u00fd \u00fakol.<\/p>\n<p>Zat\u00edm ale lavi\u010dce \u0161\u00e9fuje Duncan Ferguson, jen\u017e si snad nemohl p\u0159\u00e1t poh\u00e1dkov\u011bj\u0161\u00ed premi\u00e9ru v\u00a0mana\u017eersk\u00e9 pozici. Sklesl\u00e9mu mu\u017estvu vlil energii do \u017eil, naordinoval taktiku se dv\u011bma \u00fato\u010dn\u00edky a p\u0159\u00edmo\u010da\u0159ej\u0161\u00edho hrou a za mohutn\u00e9 podpory Goodison Parku slavil v\u00fdhru 3:1 nad Chelsea, kter\u00e1 Everton vyhnala ze sestupov\u00fdch pozic.<\/p>\n<p>Povzbuzen\u00ed Toffees si tak r\u00e1zem d\u011blaj\u00ed z\u00e1lusk na bodov\u00fd zisk i z\u00a0Old Traffordu, kde nezv\u00edt\u011bzili od roku 2013. Tehdy t\u0159i body za\u0159\u00eddil svou pam\u011btihodnou brankou ze sam\u00e9ho z\u00e1v\u011bru utk\u00e1n\u00ed Kostari\u010dan Bryan Oviedo.<\/p>\n<p>United budou chyb\u011bt dlouhodob\u011b zran\u011bn\u00ed Bailly, Fosu-Mensah, Dalot, Rojo a Pogba. O\u010dek\u00e1v\u00e1 se, \u017ee Solskj\u00e6r zvol\u00ed stejnou z\u00e1kladn\u00ed sestavu jako v\u00a0posledn\u00edm ligov\u00e9m kl\u00e1n\u00ed se City, a to: De Gea &#8211; Wan-Bissaka, Lindelof, Maguire, Shaw &#8211; McTominay, Fred &#8211; James, Lingard, Rashford \u2013 Martial.<\/p>\n<p>Ferguson bude nucen pozm\u011bnit v\u00edt\u011bznou sestavu, jeliko\u017e Theo Walcott bude kv\u016fli svalov\u00e9mu zran\u011bn\u00ed chyb\u011bt t\u0159i t\u00fddny a Morgan Schneiderlin kv\u016fli podobn\u00e9mu probl\u00e9mu dva t\u00fddny. Zdravotn\u00ed pot\u00ed\u017ee su\u017euj\u00ed i Digneho, u n\u011bho\u017e ale p\u0159etrv\u00e1v\u00e1 \u0161ance na start. Kdyby Francouz nestihl dol\u00e9\u010dit sval, nasko\u010d\u00ed veter\u00e1n Leighton Baines, p\u0159ed t\u00fddnem proti Chelsea debutuj\u00edc\u00ed v leto\u0161n\u00ed sez\u00f3n\u011b. D\u0159\u00edve zran\u011bn\u00ed Coleman, Mina i Delph se ji\u017e zapojili do tr\u00e9ninkov\u00e9 procesu, o jejich nominaci do ned\u011bln\u00edho z\u00e1pasu se ov\u0161em rozhodne a\u017e p\u0159ed v\u00fdkopem.<\/p>\n<p><strong>Co:<\/strong> Manchester United FC &#8211; Everton FC , 16. kolo Premier League<br \/>\n<strong>Kdy:<\/strong> 15. 12. 2019 od 15:00 SE\u010c<br \/>\n<strong>Kde:<\/strong> Old Trafford, Sir Matt Busby Way, Manchester (kapacita: 74 879)<br \/>\n<strong>Hlavn\u00ed rozhod\u010d\u00ed:<\/strong> Michael Oliver<br \/>\n<strong>VAR rozhod\u010d\u00ed:<\/strong> Craig Pawson<br \/>\n<strong>Tabulkov\u00e9 postaven\u00ed Manchesteru United:<\/strong> 5. m\u00edsto s\u00a024 body<br \/>\n<strong>Tabulkov\u00e9 postaven\u00ed Evertonu:<\/strong> 14. m\u00edsto se 17 body<br \/>\n<strong>\u017div\u00fd p\u0159enos:<\/strong> Premier Sport<\/p>\n","protected":false},"excerpt":{"rendered":"<p>Toffees po povzbudiv\u00e9m triumfu nad Chelsea s klubovou legendou na lavi\u010dce cestuj\u00ed na Old Trafford s d\u00e1vkou sebev\u011bdom\u00ed, t\u0159eba\u017ee tam\u011bj\u0161\u00ed hostitel\u00e9 nasko\u010dili na v\u00edt\u011bznou \u0161\u0148\u016fru.<\/p>\n","protected":false},"author":6,"featured_media":13968,"comment_status":"open","ping_status":"closed","sticky":false,"template":"","format":"standard","meta":{"_eb_attr":"","_monsterinsights_skip_tracking":false,"_monsterinsights_sitenote_active":false,"_monsterinsights_sitenote_note":"","_monsterinsights_sitenote_category":0,"footnotes":""},"categories":[4],"tags":[],"yoast_head":"<!-- This site is optimized with the Yoast SEO plugin v23.4 - https:\/\/yoast.com\/wordpress\/plugins\/seo\/ -->\n<title>Preview: Manchester United - Everton - Official Czech &amp; Slovak Everton Supporters&#039; Club<\/title>\n<meta name=\"robots\" content=\"index, follow, max-snippet:-1, max-image-preview:large, max-video-preview:-1\" \/>\n<link rel=\"canonical\" href=\"https:\/\/evertonfc.cz\/index.php\/2019\/12\/13\/preview-manchester-united-everton-13-12-2019\/\" \/>\n<meta property=\"og:locale\" content=\"cs_CZ\" \/>\n<meta property=\"og:type\" content=\"article\" \/>\n<meta property=\"og:title\" content=\"Preview: Manchester United - Everton - Official Czech &amp; Slovak Everton Supporters&#039; Club\" \/>\n<meta property=\"og:description\" content=\"Toffees po povzbudiv\u00e9m triumfu nad Chelsea s klubovou legendou na lavi\u010dce cestuj\u00ed na Old Trafford s d\u00e1vkou sebev\u011bdom\u00ed, t\u0159eba\u017ee tam\u011bj\u0161\u00ed hostitel\u00e9 nasko\u010dili na v\u00edt\u011bznou \u0161\u0148\u016fru.\" \/>\n<meta property=\"og:url\" content=\"https:\/\/evertonfc.cz\/index.php\/2019\/12\/13\/preview-manchester-united-everton-13-12-2019\/\" \/>\n<meta property=\"og:site_name\" content=\"Official Czech &amp; Slovak Everton Supporters&#039; Club\" \/>\n<meta property=\"article:publisher\" content=\"https:\/\/www.facebook.com\/everton.fans.cz.sk\" \/>\n<meta property=\"article:published_time\" content=\"2019-12-13T09:44:51+00:00\" \/>\n<meta property=\"article:modified_time\" content=\"2021-02-06T13:54:40+00:00\" \/>\n<meta property=\"og:image\" content=\"https:\/\/evertonfc.cz\/wp-content\/uploads\/2021\/02\/Manchester-United-VS-Everton.jpg\" \/>\n\t<meta property=\"og:image:width\" content=\"720\" \/>\n\t<meta property=\"og:image:height\" content=\"405\" \/>\n\t<meta property=\"og:image:type\" content=\"image\/jpeg\" \/>\n<meta name=\"author\" content=\"Ri\u010di\" \/>\n<meta name=\"twitter:card\" content=\"summary_large_image\" \/>\n<meta name=\"twitter:creator\" content=\"@rbrejsa\" \/>\n<meta name=\"twitter:label1\" content=\"Napsal(a)\" \/>\n\t<meta name=\"twitter:data1\" content=\"Ri\u010di\" \/>\n\t<meta name=\"twitter:label2\" content=\"Odhadovan\u00e1 doba \u010dten\u00ed\" \/>\n\t<meta name=\"twitter:data2\" content=\"3 minuty\" \/>\n<script type=\"application\/ld+json\" class=\"yoast-schema-graph\">{\"@context\":\"https:\/\/schema.org\",\"@graph\":[{\"@type\":\"Article\",\"@id\":\"https:\/\/evertonfc.cz\/index.php\/2019\/12\/13\/preview-manchester-united-everton-13-12-2019\/#article\",\"isPartOf\":{\"@id\":\"https:\/\/evertonfc.cz\/index.php\/2019\/12\/13\/preview-manchester-united-everton-13-12-2019\/\"},\"author\":{\"name\":\"Ri\u010di\",\"@id\":\"https:\/\/evertonfc.cz\/#\/schema\/person\/f7a5daedb2ffee98480bc70e191aaef1\"},\"headline\":\"Preview: Manchester United &#8211; Everton\",\"datePublished\":\"2019-12-13T09:44:51+00:00\",\"dateModified\":\"2021-02-06T13:54:40+00:00\",\"mainEntityOfPage\":{\"@id\":\"https:\/\/evertonfc.cz\/index.php\/2019\/12\/13\/preview-manchester-united-everton-13-12-2019\/\"},\"wordCount\":686,\"commentCount\":18,\"publisher\":{\"@id\":\"https:\/\/evertonfc.cz\/#organization\"},\"image\":{\"@id\":\"https:\/\/evertonfc.cz\/index.php\/2019\/12\/13\/preview-manchester-united-everton-13-12-2019\/#primaryimage\"},\"thumbnailUrl\":\"https:\/\/evertonfc.cz\/wp-content\/uploads\/2021\/02\/Manchester-United-VS-Everton.jpg\",\"articleSection\":[\"Z\u00e1pasy\"],\"inLanguage\":\"cs\",\"potentialAction\":[{\"@type\":\"CommentAction\",\"name\":\"Comment\",\"target\":[\"https:\/\/evertonfc.cz\/index.php\/2019\/12\/13\/preview-manchester-united-everton-13-12-2019\/#respond\"]}]},{\"@type\":\"WebPage\",\"@id\":\"https:\/\/evertonfc.cz\/index.php\/2019\/12\/13\/preview-manchester-united-everton-13-12-2019\/\",\"url\":\"https:\/\/evertonfc.cz\/index.php\/2019\/12\/13\/preview-manchester-united-everton-13-12-2019\/\",\"name\":\"Preview: Manchester United - Everton - Official Czech &amp; Slovak Everton Supporters&#039; Club\",\"isPartOf\":{\"@id\":\"https:\/\/evertonfc.cz\/#website\"},\"primaryImageOfPage\":{\"@id\":\"https:\/\/evertonfc.cz\/index.php\/2019\/12\/13\/preview-manchester-united-everton-13-12-2019\/#primaryimage\"},\"image\":{\"@id\":\"https:\/\/evertonfc.cz\/index.php\/2019\/12\/13\/preview-manchester-united-everton-13-12-2019\/#primaryimage\"},\"thumbnailUrl\":\"https:\/\/evertonfc.cz\/wp-content\/uploads\/2021\/02\/Manchester-United-VS-Everton.jpg\",\"datePublished\":\"2019-12-13T09:44:51+00:00\",\"dateModified\":\"2021-02-06T13:54:40+00:00\",\"breadcrumb\":{\"@id\":\"https:\/\/evertonfc.cz\/index.php\/2019\/12\/13\/preview-manchester-united-everton-13-12-2019\/#breadcrumb\"},\"inLanguage\":\"cs\",\"potentialAction\":[{\"@type\":\"ReadAction\",\"target\":[\"https:\/\/evertonfc.cz\/index.php\/2019\/12\/13\/preview-manchester-united-everton-13-12-2019\/\"]}]},{\"@type\":\"ImageObject\",\"inLanguage\":\"cs\",\"@id\":\"https:\/\/evertonfc.cz\/index.php\/2019\/12\/13\/preview-manchester-united-everton-13-12-2019\/#primaryimage\",\"url\":\"https:\/\/evertonfc.cz\/wp-content\/uploads\/2021\/02\/Manchester-United-VS-Everton.jpg\",\"contentUrl\":\"https:\/\/evertonfc.cz\/wp-content\/uploads\/2021\/02\/Manchester-United-VS-Everton.jpg\",\"width\":720,\"height\":405},{\"@type\":\"BreadcrumbList\",\"@id\":\"https:\/\/evertonfc.cz\/index.php\/2019\/12\/13\/preview-manchester-united-everton-13-12-2019\/#breadcrumb\",\"itemListElement\":[{\"@type\":\"ListItem\",\"position\":1,\"name\":\"Home\",\"item\":\"https:\/\/evertonfc.cz\/\"},{\"@type\":\"ListItem\",\"position\":2,\"name\":\"Preview: Manchester United &#8211; Everton\"}]},{\"@type\":\"WebSite\",\"@id\":\"https:\/\/evertonfc.cz\/#website\",\"url\":\"https:\/\/evertonfc.cz\/\",\"name\":\"Official Czech &amp; Slovak Everton Supporters&#039; Club\",\"description\":\"\",\"publisher\":{\"@id\":\"https:\/\/evertonfc.cz\/#organization\"},\"potentialAction\":[{\"@type\":\"SearchAction\",\"target\":{\"@type\":\"EntryPoint\",\"urlTemplate\":\"https:\/\/evertonfc.cz\/?s={search_term_string}\"},\"query-input\":{\"@type\":\"PropertyValueSpecification\",\"valueRequired\":true,\"valueName\":\"search_term_string\"}}],\"inLanguage\":\"cs\"},{\"@type\":\"Organization\",\"@id\":\"https:\/\/evertonfc.cz\/#organization\",\"name\":\"Official Czech & Slovak Everton Supporters' Club\",\"url\":\"https:\/\/evertonfc.cz\/\",\"logo\":{\"@type\":\"ImageObject\",\"inLanguage\":\"cs\",\"@id\":\"https:\/\/evertonfc.cz\/#\/schema\/logo\/image\/\",\"url\":\"https:\/\/evertonfc.cz\/wp-content\/uploads\/2019\/05\/logo.png\",\"contentUrl\":\"https:\/\/evertonfc.cz\/wp-content\/uploads\/2019\/05\/logo.png\",\"width\":112,\"height\":112,\"caption\":\"Official Czech & Slovak Everton Supporters' Club\"},\"image\":{\"@id\":\"https:\/\/evertonfc.cz\/#\/schema\/logo\/image\/\"},\"sameAs\":[\"https:\/\/www.facebook.com\/everton.fans.cz.sk\"]},{\"@type\":\"Person\",\"@id\":\"https:\/\/evertonfc.cz\/#\/schema\/person\/f7a5daedb2ffee98480bc70e191aaef1\",\"name\":\"Ri\u010di\",\"sameAs\":[\"https:\/\/x.com\/rbrejsa\"],\"url\":\"https:\/\/evertonfc.cz\/index.php\/author\/rici\/\"}]}<\/script>\n<!-- \/ Yoast SEO plugin. -->","yoast_head_json":{"title":"Preview: Manchester United - Everton - Official Czech &amp; Slovak Everton Supporters&#039; Club","robots":{"index":"index","follow":"follow","max-snippet":"max-snippet:-1","max-image-preview":"max-image-preview:large","max-video-preview":"max-video-preview:-1"},"canonical":"https:\/\/evertonfc.cz\/index.php\/2019\/12\/13\/preview-manchester-united-everton-13-12-2019\/","og_locale":"cs_CZ","og_type":"article","og_title":"Preview: Manchester United - Everton - Official Czech &amp; Slovak Everton Supporters&#039; Club","og_description":"Toffees po povzbudiv\u00e9m triumfu nad Chelsea s klubovou legendou na lavi\u010dce cestuj\u00ed na Old Trafford s d\u00e1vkou sebev\u011bdom\u00ed, t\u0159eba\u017ee tam\u011bj\u0161\u00ed hostitel\u00e9 nasko\u010dili na v\u00edt\u011bznou \u0161\u0148\u016fru.","og_url":"https:\/\/evertonfc.cz\/index.php\/2019\/12\/13\/preview-manchester-united-everton-13-12-2019\/","og_site_name":"Official Czech &amp; Slovak Everton Supporters&#039; Club","article_publisher":"https:\/\/www.facebook.com\/everton.fans.cz.sk","article_published_time":"2019-12-13T09:44:51+00:00","article_modified_time":"2021-02-06T13:54:40+00:00","og_image":[{"width":720,"height":405,"url":"https:\/\/evertonfc.cz\/wp-content\/uploads\/2021\/02\/Manchester-United-VS-Everton.jpg","type":"image\/jpeg"}],"author":"Ri\u010di","twitter_card":"summary_large_image","twitter_creator":"@rbrejsa","twitter_misc":{"Napsal(a)":"Ri\u010di","Odhadovan\u00e1 doba \u010dten\u00ed":"3 minuty"},"schema":{"@context":"https:\/\/schema.org","@graph":[{"@type":"Article","@id":"https:\/\/evertonfc.cz\/index.php\/2019\/12\/13\/preview-manchester-united-everton-13-12-2019\/#article","isPartOf":{"@id":"https:\/\/evertonfc.cz\/index.php\/2019\/12\/13\/preview-manchester-united-everton-13-12-2019\/"},"author":{"name":"Ri\u010di","@id":"https:\/\/evertonfc.cz\/#\/schema\/person\/f7a5daedb2ffee98480bc70e191aaef1"},"headline":"Preview: Manchester United &#8211; Everton","datePublished":"2019-12-13T09:44:51+00:00","dateModified":"2021-02-06T13:54:40+00:00","mainEntityOfPage":{"@id":"https:\/\/evertonfc.cz\/index.php\/2019\/12\/13\/preview-manchester-united-everton-13-12-2019\/"},"wordCount":686,"commentCount":18,"publisher":{"@id":"https:\/\/evertonfc.cz\/#organization"},"image":{"@id":"https:\/\/evertonfc.cz\/index.php\/2019\/12\/13\/preview-manchester-united-everton-13-12-2019\/#primaryimage"},"thumbnailUrl":"https:\/\/evertonfc.cz\/wp-content\/uploads\/2021\/02\/Manchester-United-VS-Everton.jpg","articleSection":["Z\u00e1pasy"],"inLanguage":"cs","potentialAction":[{"@type":"CommentAction","name":"Comment","target":["https:\/\/evertonfc.cz\/index.php\/2019\/12\/13\/preview-manchester-united-everton-13-12-2019\/#respond"]}]},{"@type":"WebPage","@id":"https:\/\/evertonfc.cz\/index.php\/2019\/12\/13\/preview-manchester-united-everton-13-12-2019\/","url":"https:\/\/evertonfc.cz\/index.php\/2019\/12\/13\/preview-manchester-united-everton-13-12-2019\/","name":"Preview: Manchester United - Everton - Official Czech &amp; Slovak Everton Supporters&#039; Club","isPartOf":{"@id":"https:\/\/evertonfc.cz\/#website"},"primaryImageOfPage":{"@id":"https:\/\/evertonfc.cz\/index.php\/2019\/12\/13\/preview-manchester-united-everton-13-12-2019\/#primaryimage"},"image":{"@id":"https:\/\/evertonfc.cz\/index.php\/2019\/12\/13\/preview-manchester-united-everton-13-12-2019\/#primaryimage"},"thumbnailUrl":"https:\/\/evertonfc.cz\/wp-content\/uploads\/2021\/02\/Manchester-United-VS-Everton.jpg","datePublished":"2019-12-13T09:44:51+00:00","dateModified":"2021-02-06T13:54:40+00:00","breadcrumb":{"@id":"https:\/\/evertonfc.cz\/index.php\/2019\/12\/13\/preview-manchester-united-everton-13-12-2019\/#breadcrumb"},"inLanguage":"cs","potentialAction":[{"@type":"ReadAction","target":["https:\/\/evertonfc.cz\/index.php\/2019\/12\/13\/preview-manchester-united-everton-13-12-2019\/"]}]},{"@type":"ImageObject","inLanguage":"cs","@id":"https:\/\/evertonfc.cz\/index.php\/2019\/12\/13\/preview-manchester-united-everton-13-12-2019\/#primaryimage","url":"https:\/\/evertonfc.cz\/wp-content\/uploads\/2021\/02\/Manchester-United-VS-Everton.jpg","contentUrl":"https:\/\/evertonfc.cz\/wp-content\/uploads\/2021\/02\/Manchester-United-VS-Everton.jpg","width":720,"height":405},{"@type":"BreadcrumbList","@id":"https:\/\/evertonfc.cz\/index.php\/2019\/12\/13\/preview-manchester-united-everton-13-12-2019\/#breadcrumb","itemListElement":[{"@type":"ListItem","position":1,"name":"Home","item":"https:\/\/evertonfc.cz\/"},{"@type":"ListItem","position":2,"name":"Preview: Manchester United &#8211; Everton"}]},{"@type":"WebSite","@id":"https:\/\/evertonfc.cz\/#website","url":"https:\/\/evertonfc.cz\/","name":"Official Czech &amp; Slovak Everton Supporters&#039; Club","description":"","publisher":{"@id":"https:\/\/evertonfc.cz\/#organization"},"potentialAction":[{"@type":"SearchAction","target":{"@type":"EntryPoint","urlTemplate":"https:\/\/evertonfc.cz\/?s={search_term_string}"},"query-input":{"@type":"PropertyValueSpecification","valueRequired":true,"valueName":"search_term_string"}}],"inLanguage":"cs"},{"@type":"Organization","@id":"https:\/\/evertonfc.cz\/#organization","name":"Official Czech & Slovak Everton Supporters' Club","url":"https:\/\/evertonfc.cz\/","logo":{"@type":"ImageObject","inLanguage":"cs","@id":"https:\/\/evertonfc.cz\/#\/schema\/logo\/image\/","url":"https:\/\/evertonfc.cz\/wp-content\/uploads\/2019\/05\/logo.png","contentUrl":"https:\/\/evertonfc.cz\/wp-content\/uploads\/2019\/05\/logo.png","width":112,"height":112,"caption":"Official Czech & Slovak Everton Supporters' Club"},"image":{"@id":"https:\/\/evertonfc.cz\/#\/schema\/logo\/image\/"},"sameAs":["https:\/\/www.facebook.com\/everton.fans.cz.sk"]},{"@type":"Person","@id":"https:\/\/evertonfc.cz\/#\/schema\/person\/f7a5daedb2ffee98480bc70e191aaef1","name":"Ri\u010di","sameAs":["https:\/\/x.com\/rbrejsa"],"url":"https:\/\/evertonfc.cz\/index.php\/author\/rici\/"}]}},"_links":{"self":[{"href":"https:\/\/evertonfc.cz\/index.php\/wp-json\/wp\/v2\/posts\/9789"}],"collection":[{"href":"https:\/\/evertonfc.cz\/index.php\/wp-json\/wp\/v2\/posts"}],"about":[{"href":"https:\/\/evertonfc.cz\/index.php\/wp-json\/wp\/v2\/types\/post"}],"author":[{"embeddable":true,"href":"https:\/\/evertonfc.cz\/index.php\/wp-json\/wp\/v2\/users\/6"}],"replies":[{"embeddable":true,"href":"https:\/\/evertonfc.cz\/index.php\/wp-json\/wp\/v2\/comments?post=9789"}],"version-history":[{"count":10,"href":"https:\/\/evertonfc.cz\/index.php\/wp-json\/wp\/v2\/posts\/9789\/revisions"}],"predecessor-version":[{"id":9800,"href":"https:\/\/evertonfc.cz\/index.php\/wp-json\/wp\/v2\/posts\/9789\/revisions\/9800"}],"wp:featuredmedia":[{"embeddable":true,"href":"https:\/\/evertonfc.cz\/index.php\/wp-json\/wp\/v2\/media\/13968"}],"wp:attachment":[{"href":"https:\/\/evertonfc.cz\/index.php\/wp-json\/wp\/v2\/media?parent=9789"}],"wp:term":[{"taxonomy":"category","embeddable":true,"href":"https:\/\/evertonfc.cz\/index.php\/wp-json\/wp\/v2\/categories?post=9789"},{"taxonomy":"post_tag","embeddable":true,"href":"https:\/\/evertonfc.cz\/index.php\/wp-json\/wp\/v2\/tags?post=9789"}],"curies":[{"name":"wp","href":"https:\/\/api.w.org\/{rel}","templated":true}]}}