{"id":9802,"date":"2019-12-15T14:10:21","date_gmt":"2019-12-15T13:10:21","guid":{"rendered":"https:\/\/evertonfc.cz\/?p=9802"},"modified":"2019-12-20T13:33:16","modified_gmt":"2019-12-20T12:33:16","slug":"hlasenie-tradicia-po-11-raz","status":"publish","type":"post","link":"https:\/\/evertonfc.cz\/index.php\/2019\/12\/15\/hlasenie-tradicia-po-11-raz\/","title":{"rendered":"Hl\u00e1senie: Trad\u00edcia po 11. raz"},"content":{"rendered":"<h4>Minul\u00fd v\u00edkend sa v\u00a0Bratislave uskuto\u010dnil zraz fan\u00fa\u0161ikov Evertonu, ktor\u00ed si nemohli \u017eela\u0165 lep\u0161\u00ed z\u00e1\u017eitok, ne\u017e besniaceho Fergusona na lavi\u010dke pri v\u00fdhre dom\u00e1cich.<\/h4>\n<p>Besniaci m\u00e1 v\u00a0tomto pr\u00edpade pozit\u00edvny v\u00fdznam. Motiv\u00e1cia hr\u00e1\u010dov Evertonu toti\u017e nie je ni\u010d \u013eahk\u00e9. Na to treba siln\u00fd kaliber. Tak\u00fd parameter Big Dunc jasne sp\u013a\u0148a. A\u00a0ke\u010f sa objavil pri v\u00fdchode z\u00a0tunela v\u00a0saku a\u00a0kravate, dobr\u00fd pocit sa rozlieval pozd\u013a\u017e stola r\u00fdchlej\u0161ie ne\u017e \u010dapovan\u00e9 pivo. Predbieham. Na dobr\u00e9 sa \u0165a\u017eko \u010dak\u00e1&#8230;<\/p>\n<p>\u00da\u010das\u0165 na zraze potvrdilo desa\u0165 na\u0161ich \u010dlenov a rovnak\u00e1 cifra tie\u017e dorazila. To je vynikaj\u00face \u010d\u00edslo, aj ke\u010f sme minuloro\u010dn\u00fd rekord neprekonali, ani nevyrovnali. Ku cti n\u00e1m v\u0161ak sl\u00fa\u017ei, \u017ee v tomto kalend\u00e1rnom roku sme sa dok\u00e1zali stretn\u00fa\u0165 v medzin\u00e1rodnej zostave dvakr\u00e1t. Hlavn\u00e9 mest\u00e1 na rok 2019 si m\u00f4\u017eeme od\u0161krtn\u00fa\u0165.<\/p>\n<p>N\u00e1\u0161 tajomn\u00edk op\u00e4\u0165 dorazil do Bratislavy ako prv\u00fd v piatok, a mohol tak spoji\u0165 sily s godisonom a mojou mali\u010dkos\u0165ou vo futsalovom z\u00e1polen\u00ed. V z\u00e1pase p\u00e4\u0165 na p\u00e4\u0165 sme \u010derstvo po derby za\u010dali \u0165aha\u0165 za krat\u0161\u00ed koniec. Po chv\u00edli sme sa ocitli v trojg\u00f3lovom manku, ktor\u00e9 sa n\u00e1m s\u00edce podarilo zn\u00ed\u017ei\u0165, ale derby scen\u00e1r sa nap\u013a\u0148al aj tak.<\/p>\n<p>Akoby naschv\u00e1l. Ak\u00fd dres, tak\u00e1 forma. Ni\u010d sa nedalo robi\u0165, museli sme si vst\u00fapi\u0165 do svedomia a prispie\u0165 g\u00f3lovo aj my. Nie sme predsa ofici\u00e1lny fanklub pre ni\u010d za ni\u010d. Ka\u017ed\u00fd sme pridali po g\u00f3le a to vykresalo re\u00e1lnu \u0161ancu na obrat v pomere 5:4. Bojovn\u00fd duch, nezlomnos\u0165. Typick\u00e9 pre Everton, ktor\u00fd sme pomyselne reprezentovali.<\/p>\n<p>Po zasl\u00fa\u017eenej v\u00fdhre pri\u0161la zasl\u00fa\u017een\u00e1 odmena v\u00a0podobe chutn\u00e9ho jedla a\u00a0piva v\u00a0nemenovanej re\u0161taur\u00e1cii, z\u00a0ktorej sme sa nesk\u00f4r pobrali domov na\u010derpa\u0165 sily, najm\u00e4 psychick\u00e9, pred premi\u00e9rou Fergusona. Logistika na druh\u00fd de\u0148 vych\u00e1dzala len tak tak. Dorazili sme preto presne na v\u00fdkop. V\u00a0pube n\u00e1s u\u017e takmer v\u0161etci netrpezlivo \u010dakali.<\/p>\n<p>Cattyblue toti\u017e priniesla kol\u00e1\u010de, a\u00a0tak sa na ne \u010dlenovia ofici\u00e1lneho klubu podporovate\u013eov mohli vrhn\u00fa\u0165 u\u017e cez pol\u010das. Ten prv\u00fd bol znamenit\u00fd. Zatriasol n\u00e1m stolom u\u017e na za\u010diatku a\u00a0decibely sa nezn\u00ed\u017eili ani v tom\u00a0druhom. Cenu pre najv\u00e1\u0161nivej\u0161ieho fan\u00fa\u0161ika by som teda ako predseda venoval Duchovi Abumovi.<\/p>\n<p>Po z\u00e1vere\u010dnom hvizde sa rozpr\u00fadili debaty a\u00a0\u010das plynul bez rozmyslu. O\u00a0z\u00e1bavu nebola n\u00fadza a\u00a0dokonca sme p\u00fatali pozornos\u0165, ke\u010f sme sa ochotne vyfotili s\u00a0anglick\u00fdm fan\u00fa\u0161ikom Chelsea, ktor\u00fd neveriacky kr\u00fatil hlavou. A\u00a0ke\u010f sa postupne vonku poza\u017e\u00ednali lampy,\u00a0dobre str\u00e1ven\u00fd \u010das nabral kurz smerom koniec.<\/p>\n<p>V dobrej n\u00e1lade sme sa v najstato\u010dnej\u0161om zvy\u0161ku vytratili medzi st\u00e1nky Viano\u010dn\u00fdch trhov a rekapitulovali pre\u017eit\u00e9. Kone\u010dne to vy\u0161lo! Kone\u010dne zraz, po\u010das ktor\u00e9ho Everton vyhral! Oplatilo sa? Jednozna\u010dne. Zopakujeme? Ur\u010dite.<\/p>\n<p>Na z\u00e1ver patr\u00ed po\u010fakovanie v\u0161etk\u00fdm z\u00fa\u010dastnen\u00fdm, najm\u00e4 meraj\u00facim dlh\u00fa cestu. N\u00e1\u0161mu anglick\u00e9mu \u010dlenovi Tomovi so syn\u010dekom. Pricestovan\u00e9mu Evertonovi1878 rovno zo slu\u017eobnej cesty. Karamelovi, ktor\u00fd si nev\u00e1hal odbi\u0165 svoju premi\u00e9ru a spozna\u0165 na\u0161u komunitu osobne. No a potom obzvl\u00e1\u0161\u0165 Wendovi a Sa\u0161ke za pomoc pri organiz\u00e1cii, poskytnutie priestorov a za mil\u00e9 handmade dar\u010deky. Do skor\u00e9ho videnia, kamar\u00e1ti!<\/p>\n<h3 style=\"text-align: center;\"><span style=\"color: #3366ff;\"><em><strong>Up The Toffees !!!<\/strong><\/em><\/span><\/h3>\n","protected":false},"excerpt":{"rendered":"<p>Minul\u00fd v\u00edkend sa v Bratislave uskuto\u010dnil zraz fan\u00fa\u0161ikov Evertonu, ktor\u00ed si nemohli \u017eela\u0165 lep\u0161\u00ed z\u00e1\u017eitok, ne\u017e besniaceho Fergusona na lavi\u010dke pri v\u00fdhre dom\u00e1cich.<\/p>\n","protected":false},"author":1,"featured_media":9804,"comment_status":"open","ping_status":"closed","sticky":false,"template":"","format":"standard","meta":{"_eb_attr":"","_monsterinsights_skip_tracking":false,"_monsterinsights_sitenote_active":false,"_monsterinsights_sitenote_note":"","_monsterinsights_sitenote_category":0,"footnotes":""},"categories":[85],"tags":[],"yoast_head":"<!-- This site is optimized with the Yoast SEO plugin v23.4 - https:\/\/yoast.com\/wordpress\/plugins\/seo\/ -->\n<title>Hl\u00e1senie: Trad\u00edcia po 11. raz - Official Czech &amp; Slovak Everton Supporters&#039; Club<\/title>\n<meta name=\"robots\" content=\"index, follow, max-snippet:-1, max-image-preview:large, max-video-preview:-1\" \/>\n<link rel=\"canonical\" href=\"https:\/\/evertonfc.cz\/index.php\/2019\/12\/15\/hlasenie-tradicia-po-11-raz\/\" \/>\n<meta property=\"og:locale\" content=\"cs_CZ\" \/>\n<meta property=\"og:type\" content=\"article\" \/>\n<meta property=\"og:title\" content=\"Hl\u00e1senie: Trad\u00edcia po 11. raz - Official Czech &amp; Slovak Everton Supporters&#039; Club\" \/>\n<meta property=\"og:description\" content=\"Minul\u00fd v\u00edkend sa v Bratislave uskuto\u010dnil zraz fan\u00fa\u0161ikov Evertonu, ktor\u00ed si nemohli \u017eela\u0165 lep\u0161\u00ed z\u00e1\u017eitok, ne\u017e besniaceho Fergusona na lavi\u010dke pri v\u00fdhre dom\u00e1cich.\" \/>\n<meta property=\"og:url\" content=\"https:\/\/evertonfc.cz\/index.php\/2019\/12\/15\/hlasenie-tradicia-po-11-raz\/\" \/>\n<meta property=\"og:site_name\" content=\"Official Czech &amp; Slovak Everton Supporters&#039; Club\" \/>\n<meta property=\"article:publisher\" content=\"https:\/\/www.facebook.com\/everton.fans.cz.sk\" \/>\n<meta property=\"article:published_time\" content=\"2019-12-15T13:10:21+00:00\" \/>\n<meta property=\"article:modified_time\" content=\"2019-12-20T12:33:16+00:00\" \/>\n<meta property=\"og:image\" content=\"https:\/\/evertonfc.cz\/wp-content\/uploads\/2019\/12\/zraz-15-12-2019.jpg\" \/>\n\t<meta property=\"og:image:width\" content=\"720\" \/>\n\t<meta property=\"og:image:height\" content=\"405\" \/>\n\t<meta property=\"og:image:type\" content=\"image\/jpeg\" \/>\n<meta name=\"author\" content=\"BlueBlooded\" \/>\n<meta name=\"twitter:card\" content=\"summary_large_image\" \/>\n<meta name=\"twitter:label1\" content=\"Napsal(a)\" \/>\n\t<meta name=\"twitter:data1\" content=\"BlueBlooded\" \/>\n\t<meta name=\"twitter:label2\" content=\"Odhadovan\u00e1 doba \u010dten\u00ed\" \/>\n\t<meta name=\"twitter:data2\" content=\"3 minuty\" \/>\n<script type=\"application\/ld+json\" class=\"yoast-schema-graph\">{\"@context\":\"https:\/\/schema.org\",\"@graph\":[{\"@type\":\"Article\",\"@id\":\"https:\/\/evertonfc.cz\/index.php\/2019\/12\/15\/hlasenie-tradicia-po-11-raz\/#article\",\"isPartOf\":{\"@id\":\"https:\/\/evertonfc.cz\/index.php\/2019\/12\/15\/hlasenie-tradicia-po-11-raz\/\"},\"author\":{\"name\":\"BlueBlooded\",\"@id\":\"https:\/\/evertonfc.cz\/#\/schema\/person\/d4493b8cbea51532597fbc4685698916\"},\"headline\":\"Hl\u00e1senie: Trad\u00edcia po 11. raz\",\"datePublished\":\"2019-12-15T13:10:21+00:00\",\"dateModified\":\"2019-12-20T12:33:16+00:00\",\"mainEntityOfPage\":{\"@id\":\"https:\/\/evertonfc.cz\/index.php\/2019\/12\/15\/hlasenie-tradicia-po-11-raz\/\"},\"wordCount\":598,\"commentCount\":1,\"publisher\":{\"@id\":\"https:\/\/evertonfc.cz\/#organization\"},\"image\":{\"@id\":\"https:\/\/evertonfc.cz\/index.php\/2019\/12\/15\/hlasenie-tradicia-po-11-raz\/#primaryimage\"},\"thumbnailUrl\":\"https:\/\/evertonfc.cz\/wp-content\/uploads\/2019\/12\/zraz-15-12-2019.jpg\",\"articleSection\":[\"Supporters' Club\"],\"inLanguage\":\"cs\",\"potentialAction\":[{\"@type\":\"CommentAction\",\"name\":\"Comment\",\"target\":[\"https:\/\/evertonfc.cz\/index.php\/2019\/12\/15\/hlasenie-tradicia-po-11-raz\/#respond\"]}]},{\"@type\":\"WebPage\",\"@id\":\"https:\/\/evertonfc.cz\/index.php\/2019\/12\/15\/hlasenie-tradicia-po-11-raz\/\",\"url\":\"https:\/\/evertonfc.cz\/index.php\/2019\/12\/15\/hlasenie-tradicia-po-11-raz\/\",\"name\":\"Hl\u00e1senie: Trad\u00edcia po 11. raz - Official Czech &amp; Slovak Everton Supporters&#039; Club\",\"isPartOf\":{\"@id\":\"https:\/\/evertonfc.cz\/#website\"},\"primaryImageOfPage\":{\"@id\":\"https:\/\/evertonfc.cz\/index.php\/2019\/12\/15\/hlasenie-tradicia-po-11-raz\/#primaryimage\"},\"image\":{\"@id\":\"https:\/\/evertonfc.cz\/index.php\/2019\/12\/15\/hlasenie-tradicia-po-11-raz\/#primaryimage\"},\"thumbnailUrl\":\"https:\/\/evertonfc.cz\/wp-content\/uploads\/2019\/12\/zraz-15-12-2019.jpg\",\"datePublished\":\"2019-12-15T13:10:21+00:00\",\"dateModified\":\"2019-12-20T12:33:16+00:00\",\"breadcrumb\":{\"@id\":\"https:\/\/evertonfc.cz\/index.php\/2019\/12\/15\/hlasenie-tradicia-po-11-raz\/#breadcrumb\"},\"inLanguage\":\"cs\",\"potentialAction\":[{\"@type\":\"ReadAction\",\"target\":[\"https:\/\/evertonfc.cz\/index.php\/2019\/12\/15\/hlasenie-tradicia-po-11-raz\/\"]}]},{\"@type\":\"ImageObject\",\"inLanguage\":\"cs\",\"@id\":\"https:\/\/evertonfc.cz\/index.php\/2019\/12\/15\/hlasenie-tradicia-po-11-raz\/#primaryimage\",\"url\":\"https:\/\/evertonfc.cz\/wp-content\/uploads\/2019\/12\/zraz-15-12-2019.jpg\",\"contentUrl\":\"https:\/\/evertonfc.cz\/wp-content\/uploads\/2019\/12\/zraz-15-12-2019.jpg\",\"width\":720,\"height\":405},{\"@type\":\"BreadcrumbList\",\"@id\":\"https:\/\/evertonfc.cz\/index.php\/2019\/12\/15\/hlasenie-tradicia-po-11-raz\/#breadcrumb\",\"itemListElement\":[{\"@type\":\"ListItem\",\"position\":1,\"name\":\"Home\",\"item\":\"https:\/\/evertonfc.cz\/\"},{\"@type\":\"ListItem\",\"position\":2,\"name\":\"Hl\u00e1senie: Trad\u00edcia po 11. raz\"}]},{\"@type\":\"WebSite\",\"@id\":\"https:\/\/evertonfc.cz\/#website\",\"url\":\"https:\/\/evertonfc.cz\/\",\"name\":\"Official Czech &amp; Slovak Everton Supporters&#039; Club\",\"description\":\"\",\"publisher\":{\"@id\":\"https:\/\/evertonfc.cz\/#organization\"},\"potentialAction\":[{\"@type\":\"SearchAction\",\"target\":{\"@type\":\"EntryPoint\",\"urlTemplate\":\"https:\/\/evertonfc.cz\/?s={search_term_string}\"},\"query-input\":{\"@type\":\"PropertyValueSpecification\",\"valueRequired\":true,\"valueName\":\"search_term_string\"}}],\"inLanguage\":\"cs\"},{\"@type\":\"Organization\",\"@id\":\"https:\/\/evertonfc.cz\/#organization\",\"name\":\"Official Czech & Slovak Everton Supporters' Club\",\"url\":\"https:\/\/evertonfc.cz\/\",\"logo\":{\"@type\":\"ImageObject\",\"inLanguage\":\"cs\",\"@id\":\"https:\/\/evertonfc.cz\/#\/schema\/logo\/image\/\",\"url\":\"https:\/\/evertonfc.cz\/wp-content\/uploads\/2019\/05\/logo.png\",\"contentUrl\":\"https:\/\/evertonfc.cz\/wp-content\/uploads\/2019\/05\/logo.png\",\"width\":112,\"height\":112,\"caption\":\"Official Czech & Slovak Everton Supporters' Club\"},\"image\":{\"@id\":\"https:\/\/evertonfc.cz\/#\/schema\/logo\/image\/\"},\"sameAs\":[\"https:\/\/www.facebook.com\/everton.fans.cz.sk\"]},{\"@type\":\"Person\",\"@id\":\"https:\/\/evertonfc.cz\/#\/schema\/person\/d4493b8cbea51532597fbc4685698916\",\"name\":\"BlueBlooded\",\"url\":\"https:\/\/evertonfc.cz\/index.php\/author\/admin\/\"}]}<\/script>\n<!-- \/ Yoast SEO plugin. -->","yoast_head_json":{"title":"Hl\u00e1senie: Trad\u00edcia po 11. raz - Official Czech &amp; Slovak Everton Supporters&#039; Club","robots":{"index":"index","follow":"follow","max-snippet":"max-snippet:-1","max-image-preview":"max-image-preview:large","max-video-preview":"max-video-preview:-1"},"canonical":"https:\/\/evertonfc.cz\/index.php\/2019\/12\/15\/hlasenie-tradicia-po-11-raz\/","og_locale":"cs_CZ","og_type":"article","og_title":"Hl\u00e1senie: Trad\u00edcia po 11. raz - Official Czech &amp; Slovak Everton Supporters&#039; Club","og_description":"Minul\u00fd v\u00edkend sa v Bratislave uskuto\u010dnil zraz fan\u00fa\u0161ikov Evertonu, ktor\u00ed si nemohli \u017eela\u0165 lep\u0161\u00ed z\u00e1\u017eitok, ne\u017e besniaceho Fergusona na lavi\u010dke pri v\u00fdhre dom\u00e1cich.","og_url":"https:\/\/evertonfc.cz\/index.php\/2019\/12\/15\/hlasenie-tradicia-po-11-raz\/","og_site_name":"Official Czech &amp; Slovak Everton Supporters&#039; Club","article_publisher":"https:\/\/www.facebook.com\/everton.fans.cz.sk","article_published_time":"2019-12-15T13:10:21+00:00","article_modified_time":"2019-12-20T12:33:16+00:00","og_image":[{"width":720,"height":405,"url":"https:\/\/evertonfc.cz\/wp-content\/uploads\/2019\/12\/zraz-15-12-2019.jpg","type":"image\/jpeg"}],"author":"BlueBlooded","twitter_card":"summary_large_image","twitter_misc":{"Napsal(a)":"BlueBlooded","Odhadovan\u00e1 doba \u010dten\u00ed":"3 minuty"},"schema":{"@context":"https:\/\/schema.org","@graph":[{"@type":"Article","@id":"https:\/\/evertonfc.cz\/index.php\/2019\/12\/15\/hlasenie-tradicia-po-11-raz\/#article","isPartOf":{"@id":"https:\/\/evertonfc.cz\/index.php\/2019\/12\/15\/hlasenie-tradicia-po-11-raz\/"},"author":{"name":"BlueBlooded","@id":"https:\/\/evertonfc.cz\/#\/schema\/person\/d4493b8cbea51532597fbc4685698916"},"headline":"Hl\u00e1senie: Trad\u00edcia po 11. raz","datePublished":"2019-12-15T13:10:21+00:00","dateModified":"2019-12-20T12:33:16+00:00","mainEntityOfPage":{"@id":"https:\/\/evertonfc.cz\/index.php\/2019\/12\/15\/hlasenie-tradicia-po-11-raz\/"},"wordCount":598,"commentCount":1,"publisher":{"@id":"https:\/\/evertonfc.cz\/#organization"},"image":{"@id":"https:\/\/evertonfc.cz\/index.php\/2019\/12\/15\/hlasenie-tradicia-po-11-raz\/#primaryimage"},"thumbnailUrl":"https:\/\/evertonfc.cz\/wp-content\/uploads\/2019\/12\/zraz-15-12-2019.jpg","articleSection":["Supporters' Club"],"inLanguage":"cs","potentialAction":[{"@type":"CommentAction","name":"Comment","target":["https:\/\/evertonfc.cz\/index.php\/2019\/12\/15\/hlasenie-tradicia-po-11-raz\/#respond"]}]},{"@type":"WebPage","@id":"https:\/\/evertonfc.cz\/index.php\/2019\/12\/15\/hlasenie-tradicia-po-11-raz\/","url":"https:\/\/evertonfc.cz\/index.php\/2019\/12\/15\/hlasenie-tradicia-po-11-raz\/","name":"Hl\u00e1senie: Trad\u00edcia po 11. raz - Official Czech &amp; Slovak Everton Supporters&#039; Club","isPartOf":{"@id":"https:\/\/evertonfc.cz\/#website"},"primaryImageOfPage":{"@id":"https:\/\/evertonfc.cz\/index.php\/2019\/12\/15\/hlasenie-tradicia-po-11-raz\/#primaryimage"},"image":{"@id":"https:\/\/evertonfc.cz\/index.php\/2019\/12\/15\/hlasenie-tradicia-po-11-raz\/#primaryimage"},"thumbnailUrl":"https:\/\/evertonfc.cz\/wp-content\/uploads\/2019\/12\/zraz-15-12-2019.jpg","datePublished":"2019-12-15T13:10:21+00:00","dateModified":"2019-12-20T12:33:16+00:00","breadcrumb":{"@id":"https:\/\/evertonfc.cz\/index.php\/2019\/12\/15\/hlasenie-tradicia-po-11-raz\/#breadcrumb"},"inLanguage":"cs","potentialAction":[{"@type":"ReadAction","target":["https:\/\/evertonfc.cz\/index.php\/2019\/12\/15\/hlasenie-tradicia-po-11-raz\/"]}]},{"@type":"ImageObject","inLanguage":"cs","@id":"https:\/\/evertonfc.cz\/index.php\/2019\/12\/15\/hlasenie-tradicia-po-11-raz\/#primaryimage","url":"https:\/\/evertonfc.cz\/wp-content\/uploads\/2019\/12\/zraz-15-12-2019.jpg","contentUrl":"https:\/\/evertonfc.cz\/wp-content\/uploads\/2019\/12\/zraz-15-12-2019.jpg","width":720,"height":405},{"@type":"BreadcrumbList","@id":"https:\/\/evertonfc.cz\/index.php\/2019\/12\/15\/hlasenie-tradicia-po-11-raz\/#breadcrumb","itemListElement":[{"@type":"ListItem","position":1,"name":"Home","item":"https:\/\/evertonfc.cz\/"},{"@type":"ListItem","position":2,"name":"Hl\u00e1senie: Trad\u00edcia po 11. raz"}]},{"@type":"WebSite","@id":"https:\/\/evertonfc.cz\/#website","url":"https:\/\/evertonfc.cz\/","name":"Official Czech &amp; Slovak Everton Supporters&#039; Club","description":"","publisher":{"@id":"https:\/\/evertonfc.cz\/#organization"},"potentialAction":[{"@type":"SearchAction","target":{"@type":"EntryPoint","urlTemplate":"https:\/\/evertonfc.cz\/?s={search_term_string}"},"query-input":{"@type":"PropertyValueSpecification","valueRequired":true,"valueName":"search_term_string"}}],"inLanguage":"cs"},{"@type":"Organization","@id":"https:\/\/evertonfc.cz\/#organization","name":"Official Czech & Slovak Everton Supporters' Club","url":"https:\/\/evertonfc.cz\/","logo":{"@type":"ImageObject","inLanguage":"cs","@id":"https:\/\/evertonfc.cz\/#\/schema\/logo\/image\/","url":"https:\/\/evertonfc.cz\/wp-content\/uploads\/2019\/05\/logo.png","contentUrl":"https:\/\/evertonfc.cz\/wp-content\/uploads\/2019\/05\/logo.png","width":112,"height":112,"caption":"Official Czech & Slovak Everton Supporters' Club"},"image":{"@id":"https:\/\/evertonfc.cz\/#\/schema\/logo\/image\/"},"sameAs":["https:\/\/www.facebook.com\/everton.fans.cz.sk"]},{"@type":"Person","@id":"https:\/\/evertonfc.cz\/#\/schema\/person\/d4493b8cbea51532597fbc4685698916","name":"BlueBlooded","url":"https:\/\/evertonfc.cz\/index.php\/author\/admin\/"}]}},"_links":{"self":[{"href":"https:\/\/evertonfc.cz\/index.php\/wp-json\/wp\/v2\/posts\/9802"}],"collection":[{"href":"https:\/\/evertonfc.cz\/index.php\/wp-json\/wp\/v2\/posts"}],"about":[{"href":"https:\/\/evertonfc.cz\/index.php\/wp-json\/wp\/v2\/types\/post"}],"author":[{"embeddable":true,"href":"https:\/\/evertonfc.cz\/index.php\/wp-json\/wp\/v2\/users\/1"}],"replies":[{"embeddable":true,"href":"https:\/\/evertonfc.cz\/index.php\/wp-json\/wp\/v2\/comments?post=9802"}],"version-history":[{"count":12,"href":"https:\/\/evertonfc.cz\/index.php\/wp-json\/wp\/v2\/posts\/9802\/revisions"}],"predecessor-version":[{"id":9815,"href":"https:\/\/evertonfc.cz\/index.php\/wp-json\/wp\/v2\/posts\/9802\/revisions\/9815"}],"wp:featuredmedia":[{"embeddable":true,"href":"https:\/\/evertonfc.cz\/index.php\/wp-json\/wp\/v2\/media\/9804"}],"wp:attachment":[{"href":"https:\/\/evertonfc.cz\/index.php\/wp-json\/wp\/v2\/media?parent=9802"}],"wp:term":[{"taxonomy":"category","embeddable":true,"href":"https:\/\/evertonfc.cz\/index.php\/wp-json\/wp\/v2\/categories?post=9802"},{"taxonomy":"post_tag","embeddable":true,"href":"https:\/\/evertonfc.cz\/index.php\/wp-json\/wp\/v2\/tags?post=9802"}],"curies":[{"name":"wp","href":"https:\/\/api.w.org\/{rel}","templated":true}]}}