{"id":9835,"date":"2019-12-18T23:21:24","date_gmt":"2019-12-18T22:21:24","guid":{"rendered":"https:\/\/evertonfc.cz\/?p=9835"},"modified":"2019-12-18T23:55:14","modified_gmt":"2019-12-18T22:55:14","slug":"everton-leicester-city-2-3-po-pen","status":"publish","type":"post","link":"https:\/\/evertonfc.cz\/index.php\/2019\/12\/18\/everton-leicester-city-2-3-po-pen\/","title":{"rendered":"Everton &#8211; Leicester City 2:3 po pen."},"content":{"rendered":"<h4>Fergusonovo kouzlo pominulo a\u017e p\u0159i penalt\u00e1ch. Everton z\u00e1sluhou bojovn\u00e9ho druh\u00e9ho polo\u010dasu smazal dvoug\u00f3lov\u00e9 manko, ale po ne\u00fasp\u011b\u0161n\u00fdch kopech z b\u00edl\u00e9ho punt\u00edku se p\u0159eci jen lou\u010d\u00ed s Ligov\u00fdm poh\u00e1rem ve \u010dtvrtfin\u00e1le.<\/h4>\n<p>Po\u010detn\u00e1 listina absentuj\u00edc\u00edch na stran\u011b Evertonu neze\u0161t\u00edhlila, naopak na n\u00ed nov\u011b p\u0159ibyl Lucas Digne. Mana\u017eer Duncan Ferguson tak nemohl po\u010d\u00edtat a\u017e s osmi hr\u00e1\u010di. Oproti ned\u011bln\u00edmu ligov\u00e9mu utk\u00e1n\u00ed na Old Traffordu potom Skot provedl jednu vynucenou zm\u011bnu v z\u00e1kladn\u00ed sestav\u011b, zm\u00edn\u011bn\u00e9ho Digneho zastoupil zku\u0161en\u00fd Leighton Baines. Ani host\u00e9 nehodlali odstavit Ligov\u00fd poh\u00e1r na druhou kolej a vyrukovali se silnou sestavu. V porovn\u00e1n\u00ed s v\u00edkendovou rem\u00edzou s Norwichem v lize provedli jen t\u0159i zm\u011bny v \u00favodn\u00ed jeden\u00e1ctce.<\/p>\n<p>Do utk\u00e1n\u00ed vstoupili l\u00e9pe Foxes, kte\u0159\u00ed h\u00fd\u0159ili aktivitou. Prvn\u00ed v\u011bt\u0161\u00ed varov\u00e1n\u00ed vystavili dom\u00e1c\u00edm v 17. minut\u011b, kdy nehl\u00eddan\u00fd P\u00e9rez st\u0159\u00edlel z dobr\u00e9 pozice nad br\u00e1nu. Zdvi\u017een\u00fd prst ale probuzen\u00ed nep\u0159inesl a brzy se situace stala p\u0159\u00edmo kritick\u00e1. Toffees dvakr\u00e1t zaspali v defenziv\u011b a Maddison s Evansem v rozmez\u00ed t\u0159\u00ed minut za\u0159\u00eddili Rodgersov\u00fdm sv\u011b\u0159enc\u016fm dvoug\u00f3lov\u00e9 veden\u00ed u\u017e po p\u016flhodin\u011b hry \u2013 <strong>0:2<\/strong>.<\/p>\n<p>Jedine\u010dnou p\u0159\u00edle\u017eitost korigovat sk\u00f3re je\u0161t\u011b do polo\u010dasov\u00e9 p\u0159est\u00e1vky odm\u00edtl v 35. minut\u011b Yerry Mina, po Bernardov\u011b nad\u00fdchan\u00e9m centru zcela osamocen\u00fd hlavi\u010dkoval pouze do prostoru p\u0159ipraven\u00e9ho brank\u00e1\u0159e Schmeichela.<\/p>\n<p>Ferguson zkusil o polo\u010dase d\u00e1t mu\u017estvu nov\u00fd impuls. Bernarda nahradil Moise Kean, \u010d\u00edm se p\u0159e\u0161lo z formace z 4-4-2 na 4-3-3. Byl to v\u0161ak Leicester, kter\u00fd se d\u00edky rychl\u00fdm brejk\u016fm dost\u00e1val do g\u00f3lov\u00fdch \u0161anc\u00ed. P\u00e9reze a Praeta vychytal Pickford a p\u0159i Albrightonov\u011b st\u0159ele se rozezvu\u010delo b\u0159evno.<\/p>\n<p>Skv\u011ble povzbuzuj\u00edc\u00ed Goodison Park nicm\u00e9n\u011b ned\u00e1val mu\u017e\u016fm v modr\u00e9 polevit. Nad\u011bji v 70. minut\u011b vyk\u0159esal Davies, po Richarlisonov\u011b centru napnul s\u00ed\u0165 p\u0159esn\u00fdm volejem \u2013 <strong>1:2<\/strong>.<\/p>\n<p>Ji\u017e za dal\u0161\u00ed t\u0159i minuty byl bl\u00edzko k vyrovn\u00e1n\u00ed Dominic Calvert-Lewin, av\u0161ak po Keanov\u011b individu\u00e1ln\u00ed akci nedok\u00e1zal svou hlavi\u010dku vt\u011bsnat pod b\u0159evno. Z\u00e1v\u011bre\u010dn\u00fd tlak se tedy mana\u017eer Ferguson jal pos\u00edlit \u010derstv\u00fdmi nohami, Tosun a zanedlouho Gordon vyst\u0159\u00eddali Iwobiho a Richarlisona.<\/p>\n<p>Nebyli to ale st\u0159\u00eddaj\u00edc\u00ed hr\u00e1\u010di, ji\u017e za\u0159\u00eddili k\u00fd\u017een\u00e9 vyrovnan\u00ed. Na za\u010d\u00e1tku nastaven\u00e9ho \u010dasu nap\u0159\u00e1hl z d\u00e1lky Leighton Baines a hlasit\u011b p\u0159ipomenul, koho leva\u010dku velebili na Goodison Parku drtivou \u010d\u00e1st kon\u010d\u00edc\u00ed dek\u00e1dy \u2013 <strong>2:2<\/strong>.<\/p>\n<p>V Ligov\u00e9m poh\u00e1ru za nerozhodn\u00e9ho stavu po 90 minut\u00e1ch rozhoduj\u00ed o v\u00edt\u011bzi pokutov\u00e9 kopy. V nich se dnes zaskv\u011bl g\u00f3lman Leicesteru Kasper Schmeichel, jen\u017e dv\u011bma chycen\u00fdmi penaltami nasm\u011b\u0159oval sv\u016fj t\u00fdm do semifin\u00e1le sout\u011b\u017ee.<\/p>\n<p><strong>Branky<\/strong>: 70. Davies, 90+1. Baines &#8211; 26. Maddison, 29. Evans<\/p>\n<p><strong>Penalty:<\/strong><\/p>\n<p>Maddison &#8211; vychyt\u00e1n, 0:0<br \/>\nTosun \u2013 vychyt\u00e1n, 0:0<br \/>\nChilwell \u2013 sk\u00f3roval, 0:1<br \/>\nBaines \u2013 vychyt\u00e1n, 0:1<br \/>\nPereira \u2013 sk\u00f3roval, 0:2<br \/>\nHolgate \u2013 sk\u00f3roval, 1:2<br \/>\nGray \u2013 sk\u00f3roval, 1:3<br \/>\nCalvert-Lewin \u2013 sk\u00f3roval, 2:3<br \/>\nVardy \u2013 sk\u00f3roval, 2:4<\/p>\n<p><strong>Everton:<\/strong> Pickford &#8211; Coleman, Mina, Keane, Baines &#8211; Iwobi (78. Tosun), Davies, Holgate, Bernard (46. Kean) &#8211; Calvert-Lewin, Richarlison (84. Gordon)<\/p>\n<p><strong>Leicester City:<\/strong> Schmeichel &#8211; Pereira, Morgan, Evans, Chilwell &#8211; Ndidi, Praet, (87. Choudhury), Maddison, Albrighton (82. S\u00f6y\u00fcnc\u00fc) &#8211; Vardy, P\u00e9rez (69. Gray)<\/p>\n<p><strong>Rozhod\u010d\u00ed:<\/strong> Jonathan Moss<\/p>\n<p><strong>Po\u010det div\u00e1k\u016f:<\/strong> 39 027<\/p>\n","protected":false},"excerpt":{"rendered":"<p>Fergusonovo kouzlo pominulo a\u017e p\u0159i penalt\u00e1ch. Everton z\u00e1sluhou bojovn\u00e9ho druh\u00e9ho polo\u010dasu smazal dvoug\u00f3lov\u00e9 manko, ale po ne\u00fasp\u011b\u0161n\u00fdch kopech z b\u00edl\u00e9ho punt\u00edku se p\u0159eci jen lou\u010d\u00ed s Ligov\u00fdm poh\u00e1rem ve \u010dtvrtfin\u00e1le.<\/p>\n","protected":false},"author":6,"featured_media":9834,"comment_status":"open","ping_status":"closed","sticky":false,"template":"","format":"standard","meta":{"_eb_attr":"","_monsterinsights_skip_tracking":false,"_monsterinsights_sitenote_active":false,"_monsterinsights_sitenote_note":"","_monsterinsights_sitenote_category":0,"footnotes":""},"categories":[4],"tags":[],"yoast_head":"<!-- This site is optimized with the Yoast SEO plugin v23.4 - https:\/\/yoast.com\/wordpress\/plugins\/seo\/ -->\n<title>Everton - Leicester City 2:3 po pen. - Official Czech &amp; Slovak Everton Supporters&#039; Club<\/title>\n<meta name=\"description\" content=\"Fergusonovo kouzlo pominulo a\u017e p\u0159i penalt\u00e1ch.\" \/>\n<meta name=\"robots\" content=\"index, follow, max-snippet:-1, max-image-preview:large, max-video-preview:-1\" \/>\n<link rel=\"canonical\" href=\"https:\/\/evertonfc.cz\/index.php\/2019\/12\/18\/everton-leicester-city-2-3-po-pen\/\" \/>\n<meta property=\"og:locale\" content=\"cs_CZ\" \/>\n<meta property=\"og:type\" content=\"article\" \/>\n<meta property=\"og:title\" content=\"Everton - Leicester City 2:3 po pen. - Official Czech &amp; Slovak Everton Supporters&#039; Club\" \/>\n<meta property=\"og:description\" content=\"Fergusonovo kouzlo pominulo a\u017e p\u0159i penalt\u00e1ch.\" \/>\n<meta property=\"og:url\" content=\"https:\/\/evertonfc.cz\/index.php\/2019\/12\/18\/everton-leicester-city-2-3-po-pen\/\" \/>\n<meta property=\"og:site_name\" content=\"Official Czech &amp; Slovak Everton Supporters&#039; Club\" \/>\n<meta property=\"article:publisher\" content=\"https:\/\/www.facebook.com\/everton.fans.cz.sk\" \/>\n<meta property=\"article:published_time\" content=\"2019-12-18T22:21:24+00:00\" \/>\n<meta property=\"article:modified_time\" content=\"2019-12-18T22:55:14+00:00\" \/>\n<meta property=\"og:image\" content=\"https:\/\/evertonfc.cz\/wp-content\/uploads\/2019\/12\/vardy_18_12_2019.jpg\" \/>\n\t<meta property=\"og:image:width\" content=\"705\" \/>\n\t<meta property=\"og:image:height\" content=\"405\" \/>\n\t<meta property=\"og:image:type\" content=\"image\/jpeg\" \/>\n<meta name=\"author\" content=\"Ri\u010di\" \/>\n<meta name=\"twitter:card\" content=\"summary_large_image\" \/>\n<meta name=\"twitter:creator\" content=\"@rbrejsa\" \/>\n<meta name=\"twitter:label1\" content=\"Napsal(a)\" \/>\n\t<meta name=\"twitter:data1\" content=\"Ri\u010di\" \/>\n\t<meta name=\"twitter:label2\" content=\"Odhadovan\u00e1 doba \u010dten\u00ed\" \/>\n\t<meta name=\"twitter:data2\" content=\"3 minuty\" \/>\n<script type=\"application\/ld+json\" class=\"yoast-schema-graph\">{\"@context\":\"https:\/\/schema.org\",\"@graph\":[{\"@type\":\"Article\",\"@id\":\"https:\/\/evertonfc.cz\/index.php\/2019\/12\/18\/everton-leicester-city-2-3-po-pen\/#article\",\"isPartOf\":{\"@id\":\"https:\/\/evertonfc.cz\/index.php\/2019\/12\/18\/everton-leicester-city-2-3-po-pen\/\"},\"author\":{\"name\":\"Ri\u010di\",\"@id\":\"https:\/\/evertonfc.cz\/#\/schema\/person\/f7a5daedb2ffee98480bc70e191aaef1\"},\"headline\":\"Everton &#8211; Leicester City 2:3 po pen.\",\"datePublished\":\"2019-12-18T22:21:24+00:00\",\"dateModified\":\"2019-12-18T22:55:14+00:00\",\"mainEntityOfPage\":{\"@id\":\"https:\/\/evertonfc.cz\/index.php\/2019\/12\/18\/everton-leicester-city-2-3-po-pen\/\"},\"wordCount\":600,\"commentCount\":11,\"publisher\":{\"@id\":\"https:\/\/evertonfc.cz\/#organization\"},\"image\":{\"@id\":\"https:\/\/evertonfc.cz\/index.php\/2019\/12\/18\/everton-leicester-city-2-3-po-pen\/#primaryimage\"},\"thumbnailUrl\":\"https:\/\/evertonfc.cz\/wp-content\/uploads\/2019\/12\/vardy_18_12_2019.jpg\",\"articleSection\":[\"Z\u00e1pasy\"],\"inLanguage\":\"cs\",\"potentialAction\":[{\"@type\":\"CommentAction\",\"name\":\"Comment\",\"target\":[\"https:\/\/evertonfc.cz\/index.php\/2019\/12\/18\/everton-leicester-city-2-3-po-pen\/#respond\"]}]},{\"@type\":\"WebPage\",\"@id\":\"https:\/\/evertonfc.cz\/index.php\/2019\/12\/18\/everton-leicester-city-2-3-po-pen\/\",\"url\":\"https:\/\/evertonfc.cz\/index.php\/2019\/12\/18\/everton-leicester-city-2-3-po-pen\/\",\"name\":\"Everton - Leicester City 2:3 po pen. - Official Czech &amp; Slovak Everton Supporters&#039; Club\",\"isPartOf\":{\"@id\":\"https:\/\/evertonfc.cz\/#website\"},\"primaryImageOfPage\":{\"@id\":\"https:\/\/evertonfc.cz\/index.php\/2019\/12\/18\/everton-leicester-city-2-3-po-pen\/#primaryimage\"},\"image\":{\"@id\":\"https:\/\/evertonfc.cz\/index.php\/2019\/12\/18\/everton-leicester-city-2-3-po-pen\/#primaryimage\"},\"thumbnailUrl\":\"https:\/\/evertonfc.cz\/wp-content\/uploads\/2019\/12\/vardy_18_12_2019.jpg\",\"datePublished\":\"2019-12-18T22:21:24+00:00\",\"dateModified\":\"2019-12-18T22:55:14+00:00\",\"description\":\"Fergusonovo kouzlo pominulo a\u017e p\u0159i penalt\u00e1ch.\",\"breadcrumb\":{\"@id\":\"https:\/\/evertonfc.cz\/index.php\/2019\/12\/18\/everton-leicester-city-2-3-po-pen\/#breadcrumb\"},\"inLanguage\":\"cs\",\"potentialAction\":[{\"@type\":\"ReadAction\",\"target\":[\"https:\/\/evertonfc.cz\/index.php\/2019\/12\/18\/everton-leicester-city-2-3-po-pen\/\"]}]},{\"@type\":\"ImageObject\",\"inLanguage\":\"cs\",\"@id\":\"https:\/\/evertonfc.cz\/index.php\/2019\/12\/18\/everton-leicester-city-2-3-po-pen\/#primaryimage\",\"url\":\"https:\/\/evertonfc.cz\/wp-content\/uploads\/2019\/12\/vardy_18_12_2019.jpg\",\"contentUrl\":\"https:\/\/evertonfc.cz\/wp-content\/uploads\/2019\/12\/vardy_18_12_2019.jpg\",\"width\":705,\"height\":405},{\"@type\":\"BreadcrumbList\",\"@id\":\"https:\/\/evertonfc.cz\/index.php\/2019\/12\/18\/everton-leicester-city-2-3-po-pen\/#breadcrumb\",\"itemListElement\":[{\"@type\":\"ListItem\",\"position\":1,\"name\":\"Home\",\"item\":\"https:\/\/evertonfc.cz\/\"},{\"@type\":\"ListItem\",\"position\":2,\"name\":\"Everton &#8211; Leicester City 2:3 po pen.\"}]},{\"@type\":\"WebSite\",\"@id\":\"https:\/\/evertonfc.cz\/#website\",\"url\":\"https:\/\/evertonfc.cz\/\",\"name\":\"Official Czech &amp; Slovak Everton Supporters&#039; Club\",\"description\":\"\",\"publisher\":{\"@id\":\"https:\/\/evertonfc.cz\/#organization\"},\"potentialAction\":[{\"@type\":\"SearchAction\",\"target\":{\"@type\":\"EntryPoint\",\"urlTemplate\":\"https:\/\/evertonfc.cz\/?s={search_term_string}\"},\"query-input\":{\"@type\":\"PropertyValueSpecification\",\"valueRequired\":true,\"valueName\":\"search_term_string\"}}],\"inLanguage\":\"cs\"},{\"@type\":\"Organization\",\"@id\":\"https:\/\/evertonfc.cz\/#organization\",\"name\":\"Official Czech & Slovak Everton Supporters' Club\",\"url\":\"https:\/\/evertonfc.cz\/\",\"logo\":{\"@type\":\"ImageObject\",\"inLanguage\":\"cs\",\"@id\":\"https:\/\/evertonfc.cz\/#\/schema\/logo\/image\/\",\"url\":\"https:\/\/evertonfc.cz\/wp-content\/uploads\/2019\/05\/logo.png\",\"contentUrl\":\"https:\/\/evertonfc.cz\/wp-content\/uploads\/2019\/05\/logo.png\",\"width\":112,\"height\":112,\"caption\":\"Official Czech & Slovak Everton Supporters' Club\"},\"image\":{\"@id\":\"https:\/\/evertonfc.cz\/#\/schema\/logo\/image\/\"},\"sameAs\":[\"https:\/\/www.facebook.com\/everton.fans.cz.sk\"]},{\"@type\":\"Person\",\"@id\":\"https:\/\/evertonfc.cz\/#\/schema\/person\/f7a5daedb2ffee98480bc70e191aaef1\",\"name\":\"Ri\u010di\",\"sameAs\":[\"https:\/\/x.com\/rbrejsa\"],\"url\":\"https:\/\/evertonfc.cz\/index.php\/author\/rici\/\"}]}<\/script>\n<!-- \/ Yoast SEO plugin. -->","yoast_head_json":{"title":"Everton - Leicester City 2:3 po pen. - Official Czech &amp; Slovak Everton Supporters&#039; Club","description":"Fergusonovo kouzlo pominulo a\u017e p\u0159i penalt\u00e1ch.","robots":{"index":"index","follow":"follow","max-snippet":"max-snippet:-1","max-image-preview":"max-image-preview:large","max-video-preview":"max-video-preview:-1"},"canonical":"https:\/\/evertonfc.cz\/index.php\/2019\/12\/18\/everton-leicester-city-2-3-po-pen\/","og_locale":"cs_CZ","og_type":"article","og_title":"Everton - Leicester City 2:3 po pen. - Official Czech &amp; Slovak Everton Supporters&#039; Club","og_description":"Fergusonovo kouzlo pominulo a\u017e p\u0159i penalt\u00e1ch.","og_url":"https:\/\/evertonfc.cz\/index.php\/2019\/12\/18\/everton-leicester-city-2-3-po-pen\/","og_site_name":"Official Czech &amp; Slovak Everton Supporters&#039; Club","article_publisher":"https:\/\/www.facebook.com\/everton.fans.cz.sk","article_published_time":"2019-12-18T22:21:24+00:00","article_modified_time":"2019-12-18T22:55:14+00:00","og_image":[{"width":705,"height":405,"url":"https:\/\/evertonfc.cz\/wp-content\/uploads\/2019\/12\/vardy_18_12_2019.jpg","type":"image\/jpeg"}],"author":"Ri\u010di","twitter_card":"summary_large_image","twitter_creator":"@rbrejsa","twitter_misc":{"Napsal(a)":"Ri\u010di","Odhadovan\u00e1 doba \u010dten\u00ed":"3 minuty"},"schema":{"@context":"https:\/\/schema.org","@graph":[{"@type":"Article","@id":"https:\/\/evertonfc.cz\/index.php\/2019\/12\/18\/everton-leicester-city-2-3-po-pen\/#article","isPartOf":{"@id":"https:\/\/evertonfc.cz\/index.php\/2019\/12\/18\/everton-leicester-city-2-3-po-pen\/"},"author":{"name":"Ri\u010di","@id":"https:\/\/evertonfc.cz\/#\/schema\/person\/f7a5daedb2ffee98480bc70e191aaef1"},"headline":"Everton &#8211; Leicester City 2:3 po pen.","datePublished":"2019-12-18T22:21:24+00:00","dateModified":"2019-12-18T22:55:14+00:00","mainEntityOfPage":{"@id":"https:\/\/evertonfc.cz\/index.php\/2019\/12\/18\/everton-leicester-city-2-3-po-pen\/"},"wordCount":600,"commentCount":11,"publisher":{"@id":"https:\/\/evertonfc.cz\/#organization"},"image":{"@id":"https:\/\/evertonfc.cz\/index.php\/2019\/12\/18\/everton-leicester-city-2-3-po-pen\/#primaryimage"},"thumbnailUrl":"https:\/\/evertonfc.cz\/wp-content\/uploads\/2019\/12\/vardy_18_12_2019.jpg","articleSection":["Z\u00e1pasy"],"inLanguage":"cs","potentialAction":[{"@type":"CommentAction","name":"Comment","target":["https:\/\/evertonfc.cz\/index.php\/2019\/12\/18\/everton-leicester-city-2-3-po-pen\/#respond"]}]},{"@type":"WebPage","@id":"https:\/\/evertonfc.cz\/index.php\/2019\/12\/18\/everton-leicester-city-2-3-po-pen\/","url":"https:\/\/evertonfc.cz\/index.php\/2019\/12\/18\/everton-leicester-city-2-3-po-pen\/","name":"Everton - Leicester City 2:3 po pen. - Official Czech &amp; Slovak Everton Supporters&#039; Club","isPartOf":{"@id":"https:\/\/evertonfc.cz\/#website"},"primaryImageOfPage":{"@id":"https:\/\/evertonfc.cz\/index.php\/2019\/12\/18\/everton-leicester-city-2-3-po-pen\/#primaryimage"},"image":{"@id":"https:\/\/evertonfc.cz\/index.php\/2019\/12\/18\/everton-leicester-city-2-3-po-pen\/#primaryimage"},"thumbnailUrl":"https:\/\/evertonfc.cz\/wp-content\/uploads\/2019\/12\/vardy_18_12_2019.jpg","datePublished":"2019-12-18T22:21:24+00:00","dateModified":"2019-12-18T22:55:14+00:00","description":"Fergusonovo kouzlo pominulo a\u017e p\u0159i penalt\u00e1ch.","breadcrumb":{"@id":"https:\/\/evertonfc.cz\/index.php\/2019\/12\/18\/everton-leicester-city-2-3-po-pen\/#breadcrumb"},"inLanguage":"cs","potentialAction":[{"@type":"ReadAction","target":["https:\/\/evertonfc.cz\/index.php\/2019\/12\/18\/everton-leicester-city-2-3-po-pen\/"]}]},{"@type":"ImageObject","inLanguage":"cs","@id":"https:\/\/evertonfc.cz\/index.php\/2019\/12\/18\/everton-leicester-city-2-3-po-pen\/#primaryimage","url":"https:\/\/evertonfc.cz\/wp-content\/uploads\/2019\/12\/vardy_18_12_2019.jpg","contentUrl":"https:\/\/evertonfc.cz\/wp-content\/uploads\/2019\/12\/vardy_18_12_2019.jpg","width":705,"height":405},{"@type":"BreadcrumbList","@id":"https:\/\/evertonfc.cz\/index.php\/2019\/12\/18\/everton-leicester-city-2-3-po-pen\/#breadcrumb","itemListElement":[{"@type":"ListItem","position":1,"name":"Home","item":"https:\/\/evertonfc.cz\/"},{"@type":"ListItem","position":2,"name":"Everton &#8211; Leicester City 2:3 po pen."}]},{"@type":"WebSite","@id":"https:\/\/evertonfc.cz\/#website","url":"https:\/\/evertonfc.cz\/","name":"Official Czech &amp; Slovak Everton Supporters&#039; Club","description":"","publisher":{"@id":"https:\/\/evertonfc.cz\/#organization"},"potentialAction":[{"@type":"SearchAction","target":{"@type":"EntryPoint","urlTemplate":"https:\/\/evertonfc.cz\/?s={search_term_string}"},"query-input":{"@type":"PropertyValueSpecification","valueRequired":true,"valueName":"search_term_string"}}],"inLanguage":"cs"},{"@type":"Organization","@id":"https:\/\/evertonfc.cz\/#organization","name":"Official Czech & Slovak Everton Supporters' Club","url":"https:\/\/evertonfc.cz\/","logo":{"@type":"ImageObject","inLanguage":"cs","@id":"https:\/\/evertonfc.cz\/#\/schema\/logo\/image\/","url":"https:\/\/evertonfc.cz\/wp-content\/uploads\/2019\/05\/logo.png","contentUrl":"https:\/\/evertonfc.cz\/wp-content\/uploads\/2019\/05\/logo.png","width":112,"height":112,"caption":"Official Czech & Slovak Everton Supporters' Club"},"image":{"@id":"https:\/\/evertonfc.cz\/#\/schema\/logo\/image\/"},"sameAs":["https:\/\/www.facebook.com\/everton.fans.cz.sk"]},{"@type":"Person","@id":"https:\/\/evertonfc.cz\/#\/schema\/person\/f7a5daedb2ffee98480bc70e191aaef1","name":"Ri\u010di","sameAs":["https:\/\/x.com\/rbrejsa"],"url":"https:\/\/evertonfc.cz\/index.php\/author\/rici\/"}]}},"_links":{"self":[{"href":"https:\/\/evertonfc.cz\/index.php\/wp-json\/wp\/v2\/posts\/9835"}],"collection":[{"href":"https:\/\/evertonfc.cz\/index.php\/wp-json\/wp\/v2\/posts"}],"about":[{"href":"https:\/\/evertonfc.cz\/index.php\/wp-json\/wp\/v2\/types\/post"}],"author":[{"embeddable":true,"href":"https:\/\/evertonfc.cz\/index.php\/wp-json\/wp\/v2\/users\/6"}],"replies":[{"embeddable":true,"href":"https:\/\/evertonfc.cz\/index.php\/wp-json\/wp\/v2\/comments?post=9835"}],"version-history":[{"count":7,"href":"https:\/\/evertonfc.cz\/index.php\/wp-json\/wp\/v2\/posts\/9835\/revisions"}],"predecessor-version":[{"id":9845,"href":"https:\/\/evertonfc.cz\/index.php\/wp-json\/wp\/v2\/posts\/9835\/revisions\/9845"}],"wp:featuredmedia":[{"embeddable":true,"href":"https:\/\/evertonfc.cz\/index.php\/wp-json\/wp\/v2\/media\/9834"}],"wp:attachment":[{"href":"https:\/\/evertonfc.cz\/index.php\/wp-json\/wp\/v2\/media?parent=9835"}],"wp:term":[{"taxonomy":"category","embeddable":true,"href":"https:\/\/evertonfc.cz\/index.php\/wp-json\/wp\/v2\/categories?post=9835"},{"taxonomy":"post_tag","embeddable":true,"href":"https:\/\/evertonfc.cz\/index.php\/wp-json\/wp\/v2\/tags?post=9835"}],"curies":[{"name":"wp","href":"https:\/\/api.w.org\/{rel}","templated":true}]}}