{"id":9846,"date":"2019-12-20T13:29:37","date_gmt":"2019-12-20T12:29:37","guid":{"rendered":"https:\/\/evertonfc.cz\/?p=9846"},"modified":"2020-03-26T13:37:14","modified_gmt":"2020-03-26T12:37:14","slug":"gordon-v-nebi","status":"publish","type":"post","link":"https:\/\/evertonfc.cz\/index.php\/2019\/12\/20\/gordon-v-nebi\/","title":{"rendered":"Gordon v nebi"},"content":{"rendered":"<h4>Dva roky. To\u013eko si musel po\u010dka\u0165 mlad\u00fd Anthony na \u010fal\u0161iu \u0161ancu v\u00a0prvom t\u00edme Evertonu. Vtedy mal len 16 rokov a\u00a0286 dn\u00ed. \u0160iesty najmlad\u0161\u00ed hr\u00e1\u010d v\u00a0hist\u00f3rii klubu.<\/h4>\n<p><span lang=\"SK\">Skupinov\u00e1 f\u00e1za Eur\u00f3pskej ligy mala vtedy vo svoju z\u00e1vere\u010dn\u00fa. A\u00a0v\u00a0nej aj Everton, ako nepostupuj\u00faci t\u00edm na tre\u0165om mieste. Sam Allardyce sa vtedy neun\u00faval ani vycestova\u0165 s\u00a0t\u00edmom, vraj n\u00e1v\u0161teva lek\u00e1ra. A\u00a0mo\u017eno aj dobre tak. N\u00e1dejn\u00fd mlad\u00edk dostal pod Craigom Shakespearom a\u00a0Duncanom Fergusonom z\u00e1blesk bud\u00facnosti.<\/span><\/p>\n<p><span lang=\"SK\">Spom\u00ednan\u00e9 dva roky utiekli, ani nevedno ako. Spolu s nimi dva re\u017eimy. Ten tret\u00ed, do\u010dasn\u00fd, mu splnil sen. Goodison Park pod svetlami, elektrizuj\u00faci dav a dr\u00e1ma na ihrisku, hodn\u00e1 Oscara. Re\u017eis\u00e9r Ferguson a jeho st\u00e1vka na divok\u00fa kartu. Narozdiel od predchodcov, nemusel na tr\u00e1vnik posla\u0165 osemn\u00e1s\u0165ro\u010dn\u00fd, nesk\u00fasen\u00fd talent.<\/span><\/p>\n<p><em><span lang=\"SK\">\u201eO tomto momente som rozm\u00fd\u0161\u013eal pravdepodobne od kedy som mal p\u00e4\u0165. Mo\u017eno aj sk\u00f4r. Ako die\u0165a o\u00a0tom sn\u00edvate, a\u00a0ke\u010f sa to stane, chcete proste viac. Len \u010do som zapo\u010dul div\u00e1kov, dostal som husiu ko\u017eu. Bol to pocit ako v\u00a0nebi. Chcem to za\u017ei\u0165 znova a\u00a0znova, chcem \u010falej hr\u00e1va\u0165 a\u00a0zlep\u0161ova\u0165 sa.\u201c<\/span><\/em><\/p>\n<p><span lang=\"SK\">Na svoju \u0161ancu \u010dakal Gordon dlho. Je pripraven\u00fd. A pripraven\u00ed by mali by\u0165 aj v klube. Ke\u010f u\u017e raz niekto prekro\u010d\u00ed hranicu medzi chlap\u010densk\u00fdm a mu\u017esk\u00fdm futbalom, nemal by sa vraca\u0165 sp\u00e4\u0165. Jedin\u00e1 \u00faspe\u0161n\u00e1 cesta vedie vpred.<\/span><\/p>\n<p><em><span lang=\"SK\">\u201eBol som pripraven\u00fd. Pracoval som tak tvrdo, ako sa len v tr\u00e9ningu dalo. Bral som si rady od star\u0161\u00edch spoluhr\u00e1\u010dov a\u00a0bojoval som, aby som dostal svoju pr\u00edle\u017eitos\u0165. Mysl\u00edm, \u017ee tr\u00e9ning s\u00a0prv\u00fdm t\u00edmom v\u00e1s dostane do ich r\u00fdchlosti hry a ich rady v\u00e1s tam usadia. Mus\u00edte si d\u00e1va\u0165 nejak\u00e9 ciele. M\u00f4j by bol z\u00edska\u0165 viac min\u00fat na ihrisku. Som presved\u010den\u00fd, \u017ee budem preto tvrdo pracova\u0165. Potom sa len tla\u010di\u0165 do t\u00edmu a\u00a0pod\u00e1va\u0165 vyrovnan\u00e9 v\u00fdkony.\u201c<\/span><\/em><\/p>\n<p><span lang=\"SK\">T\u00edned\u017eer podp\u00edsal prv\u00fa profesion\u00e1lnu zmluvu len v\u00a0marci tohto roka a\u00a0odvtedy pravidelne tr\u00e9nuje s\u00a0prv\u00fdm t\u00edmom, \u010do sa odzrkad\u013euje aj vo v\u00fdkonnosti za v\u00fdber U23. Exploz\u00edvny dribling, v\u00fdnimo\u010dn\u00e1 kontrola lopty a\u00a0nos na zakon\u010denie, \u010di skvel\u00fa prihr\u00e1vku je to, \u010do ho zdob\u00ed.<\/span><\/p>\n<p><em><span lang=\"SK\">\u201eBol to neuverite\u013en\u00fd z\u00e1pas. Publikom bolo najlep\u0161ie pred ak\u00fdm som hral. Chalani uk\u00e1zali neuverite\u013en\u00fd charakter, ke\u010f sa dok\u00e1zali vr\u00e1ti\u0165 sp\u00e4\u0165 do hry proti tak\u00e9mu siln\u00e9mu s\u00faperovi. Ale prehra\u0165 t\u00fdmto sp\u00f4sobom bolo zni\u010duj\u00face.\u201c<\/span><\/em><\/p>\n<p><span lang=\"SK\">Asi osud pr\u00e1ve zariadil, \u017ee po dlhom \u010dase to bude pr\u00e1ve Evertonian, kto poskytne mlad\u00fdm odchovancom z\u00a0akad\u00e9mie ich prv\u00e9 \u0161ance. Ferguson nesklamal. Pritom mal na lavi\u010dke lep\u0161ie alternat\u00edvy.<\/span><\/p>\n<p><em><span lang=\"SK\">\u201ePredt\u00fdm, ne\u017e som vy\u0161iel na tr\u00e1vnik, povedal mi nech uk\u00e1\u017eem trochu m\u00e1gie. Nech s\u00fa fan\u00fa\u0161ikovia nad\u0161en\u00ed a\u00a0ja dok\u00e1\u017eem, pre\u010do som tu. Samozrejme, \u017ee vo svojich snoch zvy\u010dajne d\u00e1te v\u00ed\u0165azn\u00fd g\u00f3l, mne sa to nane\u0161\u0165astie nepodarilo. D\u00fafam v\u0161ak, \u017ee sa tak stane \u010doskoro.\u201c<\/span><\/em><\/p>\n<p style=\"text-align: right;\">(p\u00f4vodn\u00fd rozhovor: evertonfc.com \/ foto zdroj: Tony McArdle\/Everton FC)<\/p>\n","protected":false},"excerpt":{"rendered":"<p>Dva roky. To\u013eko si musel po\u010dka\u0165 mlad\u00fd Anthony na \u010fal\u0161iu \u0161ancu v prvom t\u00edme Evertonu. Vtedy mal len 16 rokov a 286 dn\u00ed. \u0160iesty najmlad\u0161\u00ed hr\u00e1\u010d v hist\u00f3rii klubu.<\/p>\n","protected":false},"author":1,"featured_media":9847,"comment_status":"open","ping_status":"closed","sticky":false,"template":"","format":"standard","meta":{"_eb_attr":"","_monsterinsights_skip_tracking":false,"_monsterinsights_sitenote_active":false,"_monsterinsights_sitenote_note":"","_monsterinsights_sitenote_category":0,"footnotes":""},"categories":[1],"tags":[],"yoast_head":"<!-- This site is optimized with the Yoast SEO plugin v23.4 - https:\/\/yoast.com\/wordpress\/plugins\/seo\/ -->\n<title>Gordon v nebi - Official Czech &amp; Slovak Everton Supporters&#039; Club<\/title>\n<meta name=\"robots\" content=\"index, follow, max-snippet:-1, max-image-preview:large, max-video-preview:-1\" \/>\n<link rel=\"canonical\" href=\"https:\/\/evertonfc.cz\/index.php\/2019\/12\/20\/gordon-v-nebi\/\" \/>\n<meta property=\"og:locale\" content=\"cs_CZ\" \/>\n<meta property=\"og:type\" content=\"article\" \/>\n<meta property=\"og:title\" content=\"Gordon v nebi - Official Czech &amp; Slovak Everton Supporters&#039; Club\" \/>\n<meta property=\"og:description\" content=\"Dva roky. To\u013eko si musel po\u010dka\u0165 mlad\u00fd Anthony na \u010fal\u0161iu \u0161ancu v prvom t\u00edme Evertonu. Vtedy mal len 16 rokov a 286 dn\u00ed. \u0160iesty najmlad\u0161\u00ed hr\u00e1\u010d v hist\u00f3rii klubu.\" \/>\n<meta property=\"og:url\" content=\"https:\/\/evertonfc.cz\/index.php\/2019\/12\/20\/gordon-v-nebi\/\" \/>\n<meta property=\"og:site_name\" content=\"Official Czech &amp; Slovak Everton Supporters&#039; Club\" \/>\n<meta property=\"article:publisher\" content=\"https:\/\/www.facebook.com\/everton.fans.cz.sk\" \/>\n<meta property=\"article:published_time\" content=\"2019-12-20T12:29:37+00:00\" \/>\n<meta property=\"article:modified_time\" content=\"2020-03-26T12:37:14+00:00\" \/>\n<meta property=\"og:image\" content=\"https:\/\/evertonfc.cz\/wp-content\/uploads\/2019\/12\/Sub-Gordon-20-12-2019.jpg\" \/>\n\t<meta property=\"og:image:width\" content=\"720\" \/>\n\t<meta property=\"og:image:height\" content=\"405\" \/>\n\t<meta property=\"og:image:type\" content=\"image\/jpeg\" \/>\n<meta name=\"author\" content=\"BlueBlooded\" \/>\n<meta name=\"twitter:card\" content=\"summary_large_image\" \/>\n<meta name=\"twitter:label1\" content=\"Napsal(a)\" \/>\n\t<meta name=\"twitter:data1\" content=\"BlueBlooded\" \/>\n\t<meta name=\"twitter:label2\" content=\"Odhadovan\u00e1 doba \u010dten\u00ed\" \/>\n\t<meta name=\"twitter:data2\" content=\"3 minuty\" \/>\n<script type=\"application\/ld+json\" class=\"yoast-schema-graph\">{\"@context\":\"https:\/\/schema.org\",\"@graph\":[{\"@type\":\"Article\",\"@id\":\"https:\/\/evertonfc.cz\/index.php\/2019\/12\/20\/gordon-v-nebi\/#article\",\"isPartOf\":{\"@id\":\"https:\/\/evertonfc.cz\/index.php\/2019\/12\/20\/gordon-v-nebi\/\"},\"author\":{\"name\":\"BlueBlooded\",\"@id\":\"https:\/\/evertonfc.cz\/#\/schema\/person\/d4493b8cbea51532597fbc4685698916\"},\"headline\":\"Gordon v nebi\",\"datePublished\":\"2019-12-20T12:29:37+00:00\",\"dateModified\":\"2020-03-26T12:37:14+00:00\",\"mainEntityOfPage\":{\"@id\":\"https:\/\/evertonfc.cz\/index.php\/2019\/12\/20\/gordon-v-nebi\/\"},\"wordCount\":577,\"commentCount\":1,\"publisher\":{\"@id\":\"https:\/\/evertonfc.cz\/#organization\"},\"image\":{\"@id\":\"https:\/\/evertonfc.cz\/index.php\/2019\/12\/20\/gordon-v-nebi\/#primaryimage\"},\"thumbnailUrl\":\"https:\/\/evertonfc.cz\/wp-content\/uploads\/2019\/12\/Sub-Gordon-20-12-2019.jpg\",\"articleSection\":[\"Rozhovory\"],\"inLanguage\":\"cs\",\"potentialAction\":[{\"@type\":\"CommentAction\",\"name\":\"Comment\",\"target\":[\"https:\/\/evertonfc.cz\/index.php\/2019\/12\/20\/gordon-v-nebi\/#respond\"]}]},{\"@type\":\"WebPage\",\"@id\":\"https:\/\/evertonfc.cz\/index.php\/2019\/12\/20\/gordon-v-nebi\/\",\"url\":\"https:\/\/evertonfc.cz\/index.php\/2019\/12\/20\/gordon-v-nebi\/\",\"name\":\"Gordon v nebi - Official Czech &amp; Slovak Everton Supporters&#039; Club\",\"isPartOf\":{\"@id\":\"https:\/\/evertonfc.cz\/#website\"},\"primaryImageOfPage\":{\"@id\":\"https:\/\/evertonfc.cz\/index.php\/2019\/12\/20\/gordon-v-nebi\/#primaryimage\"},\"image\":{\"@id\":\"https:\/\/evertonfc.cz\/index.php\/2019\/12\/20\/gordon-v-nebi\/#primaryimage\"},\"thumbnailUrl\":\"https:\/\/evertonfc.cz\/wp-content\/uploads\/2019\/12\/Sub-Gordon-20-12-2019.jpg\",\"datePublished\":\"2019-12-20T12:29:37+00:00\",\"dateModified\":\"2020-03-26T12:37:14+00:00\",\"breadcrumb\":{\"@id\":\"https:\/\/evertonfc.cz\/index.php\/2019\/12\/20\/gordon-v-nebi\/#breadcrumb\"},\"inLanguage\":\"cs\",\"potentialAction\":[{\"@type\":\"ReadAction\",\"target\":[\"https:\/\/evertonfc.cz\/index.php\/2019\/12\/20\/gordon-v-nebi\/\"]}]},{\"@type\":\"ImageObject\",\"inLanguage\":\"cs\",\"@id\":\"https:\/\/evertonfc.cz\/index.php\/2019\/12\/20\/gordon-v-nebi\/#primaryimage\",\"url\":\"https:\/\/evertonfc.cz\/wp-content\/uploads\/2019\/12\/Sub-Gordon-20-12-2019.jpg\",\"contentUrl\":\"https:\/\/evertonfc.cz\/wp-content\/uploads\/2019\/12\/Sub-Gordon-20-12-2019.jpg\",\"width\":720,\"height\":405,\"caption\":\"LIVERPOOL, ENGLAND - DECEMBER 18: Anthony Gordon of Everton receives instructions from Duncan Ferguson (L) during the Carabao Cup Quarter Final match between Everton and Leicester City at Goodison Park on December 18, 2019 in Liverpool, England. (Photo by Tony McArdle\/Everton FC via Getty Images)\"},{\"@type\":\"BreadcrumbList\",\"@id\":\"https:\/\/evertonfc.cz\/index.php\/2019\/12\/20\/gordon-v-nebi\/#breadcrumb\",\"itemListElement\":[{\"@type\":\"ListItem\",\"position\":1,\"name\":\"Home\",\"item\":\"https:\/\/evertonfc.cz\/\"},{\"@type\":\"ListItem\",\"position\":2,\"name\":\"Gordon v nebi\"}]},{\"@type\":\"WebSite\",\"@id\":\"https:\/\/evertonfc.cz\/#website\",\"url\":\"https:\/\/evertonfc.cz\/\",\"name\":\"Official Czech &amp; Slovak Everton Supporters&#039; Club\",\"description\":\"\",\"publisher\":{\"@id\":\"https:\/\/evertonfc.cz\/#organization\"},\"potentialAction\":[{\"@type\":\"SearchAction\",\"target\":{\"@type\":\"EntryPoint\",\"urlTemplate\":\"https:\/\/evertonfc.cz\/?s={search_term_string}\"},\"query-input\":{\"@type\":\"PropertyValueSpecification\",\"valueRequired\":true,\"valueName\":\"search_term_string\"}}],\"inLanguage\":\"cs\"},{\"@type\":\"Organization\",\"@id\":\"https:\/\/evertonfc.cz\/#organization\",\"name\":\"Official Czech & Slovak Everton Supporters' Club\",\"url\":\"https:\/\/evertonfc.cz\/\",\"logo\":{\"@type\":\"ImageObject\",\"inLanguage\":\"cs\",\"@id\":\"https:\/\/evertonfc.cz\/#\/schema\/logo\/image\/\",\"url\":\"https:\/\/evertonfc.cz\/wp-content\/uploads\/2019\/05\/logo.png\",\"contentUrl\":\"https:\/\/evertonfc.cz\/wp-content\/uploads\/2019\/05\/logo.png\",\"width\":112,\"height\":112,\"caption\":\"Official Czech & Slovak Everton Supporters' Club\"},\"image\":{\"@id\":\"https:\/\/evertonfc.cz\/#\/schema\/logo\/image\/\"},\"sameAs\":[\"https:\/\/www.facebook.com\/everton.fans.cz.sk\"]},{\"@type\":\"Person\",\"@id\":\"https:\/\/evertonfc.cz\/#\/schema\/person\/d4493b8cbea51532597fbc4685698916\",\"name\":\"BlueBlooded\",\"url\":\"https:\/\/evertonfc.cz\/index.php\/author\/admin\/\"}]}<\/script>\n<!-- \/ Yoast SEO plugin. -->","yoast_head_json":{"title":"Gordon v nebi - Official Czech &amp; Slovak Everton Supporters&#039; Club","robots":{"index":"index","follow":"follow","max-snippet":"max-snippet:-1","max-image-preview":"max-image-preview:large","max-video-preview":"max-video-preview:-1"},"canonical":"https:\/\/evertonfc.cz\/index.php\/2019\/12\/20\/gordon-v-nebi\/","og_locale":"cs_CZ","og_type":"article","og_title":"Gordon v nebi - Official Czech &amp; Slovak Everton Supporters&#039; Club","og_description":"Dva roky. To\u013eko si musel po\u010dka\u0165 mlad\u00fd Anthony na \u010fal\u0161iu \u0161ancu v prvom t\u00edme Evertonu. Vtedy mal len 16 rokov a 286 dn\u00ed. \u0160iesty najmlad\u0161\u00ed hr\u00e1\u010d v hist\u00f3rii klubu.","og_url":"https:\/\/evertonfc.cz\/index.php\/2019\/12\/20\/gordon-v-nebi\/","og_site_name":"Official Czech &amp; Slovak Everton Supporters&#039; Club","article_publisher":"https:\/\/www.facebook.com\/everton.fans.cz.sk","article_published_time":"2019-12-20T12:29:37+00:00","article_modified_time":"2020-03-26T12:37:14+00:00","og_image":[{"width":720,"height":405,"url":"https:\/\/evertonfc.cz\/wp-content\/uploads\/2019\/12\/Sub-Gordon-20-12-2019.jpg","type":"image\/jpeg"}],"author":"BlueBlooded","twitter_card":"summary_large_image","twitter_misc":{"Napsal(a)":"BlueBlooded","Odhadovan\u00e1 doba \u010dten\u00ed":"3 minuty"},"schema":{"@context":"https:\/\/schema.org","@graph":[{"@type":"Article","@id":"https:\/\/evertonfc.cz\/index.php\/2019\/12\/20\/gordon-v-nebi\/#article","isPartOf":{"@id":"https:\/\/evertonfc.cz\/index.php\/2019\/12\/20\/gordon-v-nebi\/"},"author":{"name":"BlueBlooded","@id":"https:\/\/evertonfc.cz\/#\/schema\/person\/d4493b8cbea51532597fbc4685698916"},"headline":"Gordon v nebi","datePublished":"2019-12-20T12:29:37+00:00","dateModified":"2020-03-26T12:37:14+00:00","mainEntityOfPage":{"@id":"https:\/\/evertonfc.cz\/index.php\/2019\/12\/20\/gordon-v-nebi\/"},"wordCount":577,"commentCount":1,"publisher":{"@id":"https:\/\/evertonfc.cz\/#organization"},"image":{"@id":"https:\/\/evertonfc.cz\/index.php\/2019\/12\/20\/gordon-v-nebi\/#primaryimage"},"thumbnailUrl":"https:\/\/evertonfc.cz\/wp-content\/uploads\/2019\/12\/Sub-Gordon-20-12-2019.jpg","articleSection":["Rozhovory"],"inLanguage":"cs","potentialAction":[{"@type":"CommentAction","name":"Comment","target":["https:\/\/evertonfc.cz\/index.php\/2019\/12\/20\/gordon-v-nebi\/#respond"]}]},{"@type":"WebPage","@id":"https:\/\/evertonfc.cz\/index.php\/2019\/12\/20\/gordon-v-nebi\/","url":"https:\/\/evertonfc.cz\/index.php\/2019\/12\/20\/gordon-v-nebi\/","name":"Gordon v nebi - Official Czech &amp; Slovak Everton Supporters&#039; Club","isPartOf":{"@id":"https:\/\/evertonfc.cz\/#website"},"primaryImageOfPage":{"@id":"https:\/\/evertonfc.cz\/index.php\/2019\/12\/20\/gordon-v-nebi\/#primaryimage"},"image":{"@id":"https:\/\/evertonfc.cz\/index.php\/2019\/12\/20\/gordon-v-nebi\/#primaryimage"},"thumbnailUrl":"https:\/\/evertonfc.cz\/wp-content\/uploads\/2019\/12\/Sub-Gordon-20-12-2019.jpg","datePublished":"2019-12-20T12:29:37+00:00","dateModified":"2020-03-26T12:37:14+00:00","breadcrumb":{"@id":"https:\/\/evertonfc.cz\/index.php\/2019\/12\/20\/gordon-v-nebi\/#breadcrumb"},"inLanguage":"cs","potentialAction":[{"@type":"ReadAction","target":["https:\/\/evertonfc.cz\/index.php\/2019\/12\/20\/gordon-v-nebi\/"]}]},{"@type":"ImageObject","inLanguage":"cs","@id":"https:\/\/evertonfc.cz\/index.php\/2019\/12\/20\/gordon-v-nebi\/#primaryimage","url":"https:\/\/evertonfc.cz\/wp-content\/uploads\/2019\/12\/Sub-Gordon-20-12-2019.jpg","contentUrl":"https:\/\/evertonfc.cz\/wp-content\/uploads\/2019\/12\/Sub-Gordon-20-12-2019.jpg","width":720,"height":405,"caption":"LIVERPOOL, ENGLAND - DECEMBER 18: Anthony Gordon of Everton receives instructions from Duncan Ferguson (L) during the Carabao Cup Quarter Final match between Everton and Leicester City at Goodison Park on December 18, 2019 in Liverpool, England. (Photo by Tony McArdle\/Everton FC via Getty Images)"},{"@type":"BreadcrumbList","@id":"https:\/\/evertonfc.cz\/index.php\/2019\/12\/20\/gordon-v-nebi\/#breadcrumb","itemListElement":[{"@type":"ListItem","position":1,"name":"Home","item":"https:\/\/evertonfc.cz\/"},{"@type":"ListItem","position":2,"name":"Gordon v nebi"}]},{"@type":"WebSite","@id":"https:\/\/evertonfc.cz\/#website","url":"https:\/\/evertonfc.cz\/","name":"Official Czech &amp; Slovak Everton Supporters&#039; Club","description":"","publisher":{"@id":"https:\/\/evertonfc.cz\/#organization"},"potentialAction":[{"@type":"SearchAction","target":{"@type":"EntryPoint","urlTemplate":"https:\/\/evertonfc.cz\/?s={search_term_string}"},"query-input":{"@type":"PropertyValueSpecification","valueRequired":true,"valueName":"search_term_string"}}],"inLanguage":"cs"},{"@type":"Organization","@id":"https:\/\/evertonfc.cz\/#organization","name":"Official Czech & Slovak Everton Supporters' Club","url":"https:\/\/evertonfc.cz\/","logo":{"@type":"ImageObject","inLanguage":"cs","@id":"https:\/\/evertonfc.cz\/#\/schema\/logo\/image\/","url":"https:\/\/evertonfc.cz\/wp-content\/uploads\/2019\/05\/logo.png","contentUrl":"https:\/\/evertonfc.cz\/wp-content\/uploads\/2019\/05\/logo.png","width":112,"height":112,"caption":"Official Czech & Slovak Everton Supporters' Club"},"image":{"@id":"https:\/\/evertonfc.cz\/#\/schema\/logo\/image\/"},"sameAs":["https:\/\/www.facebook.com\/everton.fans.cz.sk"]},{"@type":"Person","@id":"https:\/\/evertonfc.cz\/#\/schema\/person\/d4493b8cbea51532597fbc4685698916","name":"BlueBlooded","url":"https:\/\/evertonfc.cz\/index.php\/author\/admin\/"}]}},"_links":{"self":[{"href":"https:\/\/evertonfc.cz\/index.php\/wp-json\/wp\/v2\/posts\/9846"}],"collection":[{"href":"https:\/\/evertonfc.cz\/index.php\/wp-json\/wp\/v2\/posts"}],"about":[{"href":"https:\/\/evertonfc.cz\/index.php\/wp-json\/wp\/v2\/types\/post"}],"author":[{"embeddable":true,"href":"https:\/\/evertonfc.cz\/index.php\/wp-json\/wp\/v2\/users\/1"}],"replies":[{"embeddable":true,"href":"https:\/\/evertonfc.cz\/index.php\/wp-json\/wp\/v2\/comments?post=9846"}],"version-history":[{"count":9,"href":"https:\/\/evertonfc.cz\/index.php\/wp-json\/wp\/v2\/posts\/9846\/revisions"}],"predecessor-version":[{"id":10616,"href":"https:\/\/evertonfc.cz\/index.php\/wp-json\/wp\/v2\/posts\/9846\/revisions\/10616"}],"wp:featuredmedia":[{"embeddable":true,"href":"https:\/\/evertonfc.cz\/index.php\/wp-json\/wp\/v2\/media\/9847"}],"wp:attachment":[{"href":"https:\/\/evertonfc.cz\/index.php\/wp-json\/wp\/v2\/media?parent=9846"}],"wp:term":[{"taxonomy":"category","embeddable":true,"href":"https:\/\/evertonfc.cz\/index.php\/wp-json\/wp\/v2\/categories?post=9846"},{"taxonomy":"post_tag","embeddable":true,"href":"https:\/\/evertonfc.cz\/index.php\/wp-json\/wp\/v2\/tags?post=9846"}],"curies":[{"name":"wp","href":"https:\/\/api.w.org\/{rel}","templated":true}]}}