{"id":9851,"date":"2019-12-20T17:13:32","date_gmt":"2019-12-20T16:13:32","guid":{"rendered":"https:\/\/evertonfc.cz\/?p=9851"},"modified":"2021-02-01T08:33:19","modified_gmt":"2021-02-01T07:33:19","slug":"preview-everton-arsenal-11","status":"publish","type":"post","link":"https:\/\/evertonfc.cz\/index.php\/2019\/12\/20\/preview-everton-arsenal-11\/","title":{"rendered":"Preview: Everton &#8211; Arsenal"},"content":{"rendered":"<h4>Arsenal a Everton maj\u00ed toho dost spole\u010dn\u00e9ho. Nejen slavnou histori\u00ed, ale tak\u00e9 se v t\u00e9to sez\u00f3n\u011b chovaj\u00ed jako separovan\u00e1 dvoj\u010data.<\/h4>\n<p>Sez\u00f3nu za\u010dali na pozici mana\u017eer\u016f p\u00e1nov\u00e9 Unai Emery a <a href=\"https:\/\/evertonfc.cz\/index.php\/2019\/12\/05\/manazer-marco-silva-byl-vyhozen\/\" target=\"_blank\" rel=\"noopener noreferrer\">Marco Silva<\/a>. Byli vyhozeni, jsou moment\u00e1ln\u011b bez pr\u00e1ce a oba kluby je\u0161t\u011b funguj\u00ed s do\u010dasn\u00fdm veden\u00edm. Arsenal do z\u00e1pasu povede \u0161v\u00e9dsk\u00fd model spodn\u00edho pr\u00e1dla Freddie Ljungberg a Everton samoz\u0159ejm\u011b Duncan Ferguson. Oba \u010dek\u00e1 posledn\u00ed z\u00e1pas. Pl\u00e1n je takov\u00fd, \u017ee v pond\u011bl\u00ed Everton p\u0159edstav\u00ed nov\u00e9ho mana\u017eera. M\u011bl by j\u00edm b\u00fdt Carlo Ancelotti. Zku\u0161en\u00fd Ital bude z\u00edtra v Goodison Parku. Tak uvid\u00edme, jak se to nakonec vyvrb\u00ed. Arsenalu ji\u017e na voln\u00e9 m\u00edsto k\u00fdvl <a href=\"https:\/\/evertonfc.cz\/index.php\/soupiska\/mikel-arteta\/\" target=\"_blank\" rel=\"noopener noreferrer\">Mikel Arteta<\/a>, velmi zn\u00e1m\u00e1 to tv\u00e1\u0159 fand\u016fm Evertonu, kde str\u00e1vil \u0161est rok\u016f.<\/p>\n<p><a href=\"https:\/\/evertonfc.cz\/index.php\/2011\/10\/12\/duncan-ferguson\/\" target=\"_blank\" rel=\"noopener noreferrer\">B\u00fdval\u00fd skotsk\u00fd hro\u0165\u00e1k (a, samoz\u0159ejm\u011b, jedna z ikon Evertonu)<\/a> m\u00e1 na sv\u00e9 pozici za sebou slu\u0161n\u00e9 v\u00fdsledky. V\u00fdhru nad <a href=\"https:\/\/evertonfc.cz\/index.php\/2019\/12\/07\/everton-chelsea-3-1\/\" target=\"_blank\" rel=\"noopener noreferrer\">Chelsea<\/a>, cenn\u00fd bod dovezen\u00fd z <a href=\"https:\/\/evertonfc.cz\/index.php\/2019\/12\/15\/manchester-united-everton-11-2\/\" target=\"_blank\" rel=\"noopener noreferrer\">Old Trafford<\/a> a vypadnut\u00ed na penalty s <a href=\"https:\/\/evertonfc.cz\/index.php\/2019\/12\/18\/everton-leicester-city-2-3-po-pen\/\" target=\"_blank\" rel=\"noopener noreferrer\">Leicesterem<\/a> ve \u010dtvrtfin\u00e1le Ligov\u00e9ho poh\u00e1ru. 4 body ze dvou z\u00e1pas\u016f v lize a prohra s druh\u00fdm t\u00fdmem tabulky nejt\u011bsn\u011bj\u0161\u00edm mo\u017en\u00fdm zp\u016fsobem. Poda\u0159ilo se mu zvednout psychiku t\u00fdmu, Toffees rozhodn\u011b p\u0159edv\u00e1d\u00ed aktivn\u011bj\u0161\u00ed, \u017eiv\u011bj\u0161\u00ed projev. Hr\u00e1\u010di pro n\u011bj cht\u011bj\u00ed hr\u00e1t. M\u011bla by to b\u00fdt samoz\u0159ejmost, ale nen\u00ed. To v\u0161e s velk\u00fdm lazaretem.<\/p>\n<p>O startu dvojice Gbamin-Gomes si je\u0161t\u011b n\u011bjak\u00fd ten t\u00fdden m\u016f\u017eeme jen zd\u00e1t, pravd\u011bpodobn\u011b bude chyb\u011bt i Digne. O startu Schneiderlina, Walcotta a Delpha se rozhodn\u011b p\u0159ed z\u00e1pasem. S trochou \u0161t\u011bst\u00ed by mohli b\u00fdt k dispozici Sigurdsson a Sidib\u00e9, kte\u0159\u00ed ji\u017e nemarod\u00ed. Arsenalu budou kv\u016fli zran\u011bn\u00ed chyb\u011bt Ceballos, Holding, Kola\u0161inac a Tierney, stoper Sokratis si odpyk\u00e1 jednoz\u00e1pasov\u00fd trest za vylou\u010den\u00ed.<\/p>\n<p><strong>Co:\u00a0<\/strong>Everton FC &#8211; Arsenal FC, 18. kolo Premier League<br \/>\n<strong>Kdy:\u00a0<\/strong>21. 12. 2019 od 13:30<br \/>\n<strong>TV:\u00a0<\/strong>P\u0159\u00edm\u00fd p\u0159enos na stanici Premier Sport<br \/>\n<strong>Kde:\u00a0<\/strong>Goodison Park, Liverpool<br \/>\n<strong>Rozhod\u010d\u00ed:<\/strong> Kevin Friend &#8211; Adrian Holmes,\u00a0Mark Scholes<br \/>\n<strong>\u010ctvrt\u00fd rozhod\u010d\u00ed: <\/strong>Lee Mason<br \/>\n<strong>Videorozhod\u010d\u00ed: <\/strong>Graham Scott<br \/>\n<strong>Asistent videorozhod\u010d\u00edho:<\/strong> Andy Halliday<\/p>\n","protected":false},"excerpt":{"rendered":"<p>Arsenal a Everton maj\u00ed toho dost spole\u010dn\u00e9ho. Nejen slavnou histori\u00ed, ale tak\u00e9 se v t\u00e9to sez\u00f3n\u011b chovaj\u00ed jako separovan\u00e1 dvoj\u010data.<\/p>\n","protected":false},"author":12,"featured_media":13812,"comment_status":"open","ping_status":"closed","sticky":false,"template":"","format":"standard","meta":{"_eb_attr":"","_monsterinsights_skip_tracking":false,"_monsterinsights_sitenote_active":false,"_monsterinsights_sitenote_note":"","_monsterinsights_sitenote_category":0,"footnotes":""},"categories":[4],"tags":[],"yoast_head":"<!-- This site is optimized with the Yoast SEO plugin v23.4 - https:\/\/yoast.com\/wordpress\/plugins\/seo\/ -->\n<title>Preview: Everton - Arsenal - Official Czech &amp; Slovak Everton Supporters&#039; Club<\/title>\n<meta name=\"robots\" content=\"index, follow, max-snippet:-1, max-image-preview:large, max-video-preview:-1\" \/>\n<link rel=\"canonical\" href=\"https:\/\/evertonfc.cz\/index.php\/2019\/12\/20\/preview-everton-arsenal-11\/\" \/>\n<meta property=\"og:locale\" content=\"cs_CZ\" \/>\n<meta property=\"og:type\" content=\"article\" \/>\n<meta property=\"og:title\" content=\"Preview: Everton - Arsenal - Official Czech &amp; Slovak Everton Supporters&#039; Club\" \/>\n<meta property=\"og:description\" content=\"Arsenal a Everton maj\u00ed toho dost spole\u010dn\u00e9ho. Nejen slavnou histori\u00ed, ale tak\u00e9 se v t\u00e9to sez\u00f3n\u011b chovaj\u00ed jako separovan\u00e1 dvoj\u010data.\" \/>\n<meta property=\"og:url\" content=\"https:\/\/evertonfc.cz\/index.php\/2019\/12\/20\/preview-everton-arsenal-11\/\" \/>\n<meta property=\"og:site_name\" content=\"Official Czech &amp; Slovak Everton Supporters&#039; Club\" \/>\n<meta property=\"article:publisher\" content=\"https:\/\/www.facebook.com\/everton.fans.cz.sk\" \/>\n<meta property=\"article:published_time\" content=\"2019-12-20T16:13:32+00:00\" \/>\n<meta property=\"article:modified_time\" content=\"2021-02-01T07:33:19+00:00\" \/>\n<meta property=\"og:image\" content=\"https:\/\/evertonfc.cz\/wp-content\/uploads\/2021\/02\/Everton-VS-Arsenal.jpg\" \/>\n\t<meta property=\"og:image:width\" content=\"720\" \/>\n\t<meta property=\"og:image:height\" content=\"405\" \/>\n\t<meta property=\"og:image:type\" content=\"image\/jpeg\" \/>\n<meta name=\"author\" content=\"Javor\" \/>\n<meta name=\"twitter:card\" content=\"summary_large_image\" \/>\n<meta name=\"twitter:creator\" content=\"@LoudinJan\" \/>\n<meta name=\"twitter:label1\" content=\"Napsal(a)\" \/>\n\t<meta name=\"twitter:data1\" content=\"Javor\" \/>\n\t<meta name=\"twitter:label2\" content=\"Odhadovan\u00e1 doba \u010dten\u00ed\" \/>\n\t<meta name=\"twitter:data2\" content=\"2 minuty\" \/>\n<script type=\"application\/ld+json\" class=\"yoast-schema-graph\">{\"@context\":\"https:\/\/schema.org\",\"@graph\":[{\"@type\":\"Article\",\"@id\":\"https:\/\/evertonfc.cz\/index.php\/2019\/12\/20\/preview-everton-arsenal-11\/#article\",\"isPartOf\":{\"@id\":\"https:\/\/evertonfc.cz\/index.php\/2019\/12\/20\/preview-everton-arsenal-11\/\"},\"author\":{\"name\":\"Javor\",\"@id\":\"https:\/\/evertonfc.cz\/#\/schema\/person\/b30daf6a5852f4811f8207a17ec1bf78\"},\"headline\":\"Preview: Everton &#8211; Arsenal\",\"datePublished\":\"2019-12-20T16:13:32+00:00\",\"dateModified\":\"2021-02-01T07:33:19+00:00\",\"mainEntityOfPage\":{\"@id\":\"https:\/\/evertonfc.cz\/index.php\/2019\/12\/20\/preview-everton-arsenal-11\/\"},\"wordCount\":386,\"commentCount\":4,\"publisher\":{\"@id\":\"https:\/\/evertonfc.cz\/#organization\"},\"image\":{\"@id\":\"https:\/\/evertonfc.cz\/index.php\/2019\/12\/20\/preview-everton-arsenal-11\/#primaryimage\"},\"thumbnailUrl\":\"https:\/\/evertonfc.cz\/wp-content\/uploads\/2021\/02\/Everton-VS-Arsenal.jpg\",\"articleSection\":[\"Z\u00e1pasy\"],\"inLanguage\":\"cs\",\"potentialAction\":[{\"@type\":\"CommentAction\",\"name\":\"Comment\",\"target\":[\"https:\/\/evertonfc.cz\/index.php\/2019\/12\/20\/preview-everton-arsenal-11\/#respond\"]}]},{\"@type\":\"WebPage\",\"@id\":\"https:\/\/evertonfc.cz\/index.php\/2019\/12\/20\/preview-everton-arsenal-11\/\",\"url\":\"https:\/\/evertonfc.cz\/index.php\/2019\/12\/20\/preview-everton-arsenal-11\/\",\"name\":\"Preview: Everton - Arsenal - Official Czech &amp; Slovak Everton Supporters&#039; Club\",\"isPartOf\":{\"@id\":\"https:\/\/evertonfc.cz\/#website\"},\"primaryImageOfPage\":{\"@id\":\"https:\/\/evertonfc.cz\/index.php\/2019\/12\/20\/preview-everton-arsenal-11\/#primaryimage\"},\"image\":{\"@id\":\"https:\/\/evertonfc.cz\/index.php\/2019\/12\/20\/preview-everton-arsenal-11\/#primaryimage\"},\"thumbnailUrl\":\"https:\/\/evertonfc.cz\/wp-content\/uploads\/2021\/02\/Everton-VS-Arsenal.jpg\",\"datePublished\":\"2019-12-20T16:13:32+00:00\",\"dateModified\":\"2021-02-01T07:33:19+00:00\",\"breadcrumb\":{\"@id\":\"https:\/\/evertonfc.cz\/index.php\/2019\/12\/20\/preview-everton-arsenal-11\/#breadcrumb\"},\"inLanguage\":\"cs\",\"potentialAction\":[{\"@type\":\"ReadAction\",\"target\":[\"https:\/\/evertonfc.cz\/index.php\/2019\/12\/20\/preview-everton-arsenal-11\/\"]}]},{\"@type\":\"ImageObject\",\"inLanguage\":\"cs\",\"@id\":\"https:\/\/evertonfc.cz\/index.php\/2019\/12\/20\/preview-everton-arsenal-11\/#primaryimage\",\"url\":\"https:\/\/evertonfc.cz\/wp-content\/uploads\/2021\/02\/Everton-VS-Arsenal.jpg\",\"contentUrl\":\"https:\/\/evertonfc.cz\/wp-content\/uploads\/2021\/02\/Everton-VS-Arsenal.jpg\",\"width\":720,\"height\":405},{\"@type\":\"BreadcrumbList\",\"@id\":\"https:\/\/evertonfc.cz\/index.php\/2019\/12\/20\/preview-everton-arsenal-11\/#breadcrumb\",\"itemListElement\":[{\"@type\":\"ListItem\",\"position\":1,\"name\":\"Home\",\"item\":\"https:\/\/evertonfc.cz\/\"},{\"@type\":\"ListItem\",\"position\":2,\"name\":\"Preview: Everton &#8211; Arsenal\"}]},{\"@type\":\"WebSite\",\"@id\":\"https:\/\/evertonfc.cz\/#website\",\"url\":\"https:\/\/evertonfc.cz\/\",\"name\":\"Official Czech &amp; Slovak Everton Supporters&#039; Club\",\"description\":\"\",\"publisher\":{\"@id\":\"https:\/\/evertonfc.cz\/#organization\"},\"potentialAction\":[{\"@type\":\"SearchAction\",\"target\":{\"@type\":\"EntryPoint\",\"urlTemplate\":\"https:\/\/evertonfc.cz\/?s={search_term_string}\"},\"query-input\":{\"@type\":\"PropertyValueSpecification\",\"valueRequired\":true,\"valueName\":\"search_term_string\"}}],\"inLanguage\":\"cs\"},{\"@type\":\"Organization\",\"@id\":\"https:\/\/evertonfc.cz\/#organization\",\"name\":\"Official Czech & Slovak Everton Supporters' Club\",\"url\":\"https:\/\/evertonfc.cz\/\",\"logo\":{\"@type\":\"ImageObject\",\"inLanguage\":\"cs\",\"@id\":\"https:\/\/evertonfc.cz\/#\/schema\/logo\/image\/\",\"url\":\"https:\/\/evertonfc.cz\/wp-content\/uploads\/2019\/05\/logo.png\",\"contentUrl\":\"https:\/\/evertonfc.cz\/wp-content\/uploads\/2019\/05\/logo.png\",\"width\":112,\"height\":112,\"caption\":\"Official Czech & Slovak Everton Supporters' Club\"},\"image\":{\"@id\":\"https:\/\/evertonfc.cz\/#\/schema\/logo\/image\/\"},\"sameAs\":[\"https:\/\/www.facebook.com\/everton.fans.cz.sk\"]},{\"@type\":\"Person\",\"@id\":\"https:\/\/evertonfc.cz\/#\/schema\/person\/b30daf6a5852f4811f8207a17ec1bf78\",\"name\":\"Javor\",\"sameAs\":[\"https:\/\/x.com\/LoudinJan\"],\"url\":\"https:\/\/evertonfc.cz\/index.php\/author\/javor\/\"}]}<\/script>\n<!-- \/ Yoast SEO plugin. -->","yoast_head_json":{"title":"Preview: Everton - Arsenal - Official Czech &amp; Slovak Everton Supporters&#039; Club","robots":{"index":"index","follow":"follow","max-snippet":"max-snippet:-1","max-image-preview":"max-image-preview:large","max-video-preview":"max-video-preview:-1"},"canonical":"https:\/\/evertonfc.cz\/index.php\/2019\/12\/20\/preview-everton-arsenal-11\/","og_locale":"cs_CZ","og_type":"article","og_title":"Preview: Everton - Arsenal - Official Czech &amp; Slovak Everton Supporters&#039; Club","og_description":"Arsenal a Everton maj\u00ed toho dost spole\u010dn\u00e9ho. Nejen slavnou histori\u00ed, ale tak\u00e9 se v t\u00e9to sez\u00f3n\u011b chovaj\u00ed jako separovan\u00e1 dvoj\u010data.","og_url":"https:\/\/evertonfc.cz\/index.php\/2019\/12\/20\/preview-everton-arsenal-11\/","og_site_name":"Official Czech &amp; Slovak Everton Supporters&#039; Club","article_publisher":"https:\/\/www.facebook.com\/everton.fans.cz.sk","article_published_time":"2019-12-20T16:13:32+00:00","article_modified_time":"2021-02-01T07:33:19+00:00","og_image":[{"width":720,"height":405,"url":"https:\/\/evertonfc.cz\/wp-content\/uploads\/2021\/02\/Everton-VS-Arsenal.jpg","type":"image\/jpeg"}],"author":"Javor","twitter_card":"summary_large_image","twitter_creator":"@LoudinJan","twitter_misc":{"Napsal(a)":"Javor","Odhadovan\u00e1 doba \u010dten\u00ed":"2 minuty"},"schema":{"@context":"https:\/\/schema.org","@graph":[{"@type":"Article","@id":"https:\/\/evertonfc.cz\/index.php\/2019\/12\/20\/preview-everton-arsenal-11\/#article","isPartOf":{"@id":"https:\/\/evertonfc.cz\/index.php\/2019\/12\/20\/preview-everton-arsenal-11\/"},"author":{"name":"Javor","@id":"https:\/\/evertonfc.cz\/#\/schema\/person\/b30daf6a5852f4811f8207a17ec1bf78"},"headline":"Preview: Everton &#8211; Arsenal","datePublished":"2019-12-20T16:13:32+00:00","dateModified":"2021-02-01T07:33:19+00:00","mainEntityOfPage":{"@id":"https:\/\/evertonfc.cz\/index.php\/2019\/12\/20\/preview-everton-arsenal-11\/"},"wordCount":386,"commentCount":4,"publisher":{"@id":"https:\/\/evertonfc.cz\/#organization"},"image":{"@id":"https:\/\/evertonfc.cz\/index.php\/2019\/12\/20\/preview-everton-arsenal-11\/#primaryimage"},"thumbnailUrl":"https:\/\/evertonfc.cz\/wp-content\/uploads\/2021\/02\/Everton-VS-Arsenal.jpg","articleSection":["Z\u00e1pasy"],"inLanguage":"cs","potentialAction":[{"@type":"CommentAction","name":"Comment","target":["https:\/\/evertonfc.cz\/index.php\/2019\/12\/20\/preview-everton-arsenal-11\/#respond"]}]},{"@type":"WebPage","@id":"https:\/\/evertonfc.cz\/index.php\/2019\/12\/20\/preview-everton-arsenal-11\/","url":"https:\/\/evertonfc.cz\/index.php\/2019\/12\/20\/preview-everton-arsenal-11\/","name":"Preview: Everton - Arsenal - Official Czech &amp; Slovak Everton Supporters&#039; Club","isPartOf":{"@id":"https:\/\/evertonfc.cz\/#website"},"primaryImageOfPage":{"@id":"https:\/\/evertonfc.cz\/index.php\/2019\/12\/20\/preview-everton-arsenal-11\/#primaryimage"},"image":{"@id":"https:\/\/evertonfc.cz\/index.php\/2019\/12\/20\/preview-everton-arsenal-11\/#primaryimage"},"thumbnailUrl":"https:\/\/evertonfc.cz\/wp-content\/uploads\/2021\/02\/Everton-VS-Arsenal.jpg","datePublished":"2019-12-20T16:13:32+00:00","dateModified":"2021-02-01T07:33:19+00:00","breadcrumb":{"@id":"https:\/\/evertonfc.cz\/index.php\/2019\/12\/20\/preview-everton-arsenal-11\/#breadcrumb"},"inLanguage":"cs","potentialAction":[{"@type":"ReadAction","target":["https:\/\/evertonfc.cz\/index.php\/2019\/12\/20\/preview-everton-arsenal-11\/"]}]},{"@type":"ImageObject","inLanguage":"cs","@id":"https:\/\/evertonfc.cz\/index.php\/2019\/12\/20\/preview-everton-arsenal-11\/#primaryimage","url":"https:\/\/evertonfc.cz\/wp-content\/uploads\/2021\/02\/Everton-VS-Arsenal.jpg","contentUrl":"https:\/\/evertonfc.cz\/wp-content\/uploads\/2021\/02\/Everton-VS-Arsenal.jpg","width":720,"height":405},{"@type":"BreadcrumbList","@id":"https:\/\/evertonfc.cz\/index.php\/2019\/12\/20\/preview-everton-arsenal-11\/#breadcrumb","itemListElement":[{"@type":"ListItem","position":1,"name":"Home","item":"https:\/\/evertonfc.cz\/"},{"@type":"ListItem","position":2,"name":"Preview: Everton &#8211; Arsenal"}]},{"@type":"WebSite","@id":"https:\/\/evertonfc.cz\/#website","url":"https:\/\/evertonfc.cz\/","name":"Official Czech &amp; Slovak Everton Supporters&#039; Club","description":"","publisher":{"@id":"https:\/\/evertonfc.cz\/#organization"},"potentialAction":[{"@type":"SearchAction","target":{"@type":"EntryPoint","urlTemplate":"https:\/\/evertonfc.cz\/?s={search_term_string}"},"query-input":{"@type":"PropertyValueSpecification","valueRequired":true,"valueName":"search_term_string"}}],"inLanguage":"cs"},{"@type":"Organization","@id":"https:\/\/evertonfc.cz\/#organization","name":"Official Czech & Slovak Everton Supporters' Club","url":"https:\/\/evertonfc.cz\/","logo":{"@type":"ImageObject","inLanguage":"cs","@id":"https:\/\/evertonfc.cz\/#\/schema\/logo\/image\/","url":"https:\/\/evertonfc.cz\/wp-content\/uploads\/2019\/05\/logo.png","contentUrl":"https:\/\/evertonfc.cz\/wp-content\/uploads\/2019\/05\/logo.png","width":112,"height":112,"caption":"Official Czech & Slovak Everton Supporters' Club"},"image":{"@id":"https:\/\/evertonfc.cz\/#\/schema\/logo\/image\/"},"sameAs":["https:\/\/www.facebook.com\/everton.fans.cz.sk"]},{"@type":"Person","@id":"https:\/\/evertonfc.cz\/#\/schema\/person\/b30daf6a5852f4811f8207a17ec1bf78","name":"Javor","sameAs":["https:\/\/x.com\/LoudinJan"],"url":"https:\/\/evertonfc.cz\/index.php\/author\/javor\/"}]}},"_links":{"self":[{"href":"https:\/\/evertonfc.cz\/index.php\/wp-json\/wp\/v2\/posts\/9851"}],"collection":[{"href":"https:\/\/evertonfc.cz\/index.php\/wp-json\/wp\/v2\/posts"}],"about":[{"href":"https:\/\/evertonfc.cz\/index.php\/wp-json\/wp\/v2\/types\/post"}],"author":[{"embeddable":true,"href":"https:\/\/evertonfc.cz\/index.php\/wp-json\/wp\/v2\/users\/12"}],"replies":[{"embeddable":true,"href":"https:\/\/evertonfc.cz\/index.php\/wp-json\/wp\/v2\/comments?post=9851"}],"version-history":[{"count":5,"href":"https:\/\/evertonfc.cz\/index.php\/wp-json\/wp\/v2\/posts\/9851\/revisions"}],"predecessor-version":[{"id":9857,"href":"https:\/\/evertonfc.cz\/index.php\/wp-json\/wp\/v2\/posts\/9851\/revisions\/9857"}],"wp:featuredmedia":[{"embeddable":true,"href":"https:\/\/evertonfc.cz\/index.php\/wp-json\/wp\/v2\/media\/13812"}],"wp:attachment":[{"href":"https:\/\/evertonfc.cz\/index.php\/wp-json\/wp\/v2\/media?parent=9851"}],"wp:term":[{"taxonomy":"category","embeddable":true,"href":"https:\/\/evertonfc.cz\/index.php\/wp-json\/wp\/v2\/categories?post=9851"},{"taxonomy":"post_tag","embeddable":true,"href":"https:\/\/evertonfc.cz\/index.php\/wp-json\/wp\/v2\/tags?post=9851"}],"curies":[{"name":"wp","href":"https:\/\/api.w.org\/{rel}","templated":true}]}}