{"id":9861,"date":"2019-12-21T19:16:34","date_gmt":"2019-12-21T18:16:34","guid":{"rendered":"https:\/\/evertonfc.cz\/?p=9861"},"modified":"2020-03-25T19:45:59","modified_gmt":"2020-03-25T18:45:59","slug":"novym-trenerom-je-ancelotti","status":"publish","type":"post","link":"https:\/\/evertonfc.cz\/index.php\/2019\/12\/21\/novym-trenerom-je-ancelotti\/","title":{"rendered":"Nov\u00fdm tr\u00e9nerom je Ancelotti"},"content":{"rendered":"<h4>Dlho o\u010dak\u00e1van\u00e9 sa stalo dnes skuto\u010dnos\u0165ou. Do Goodison Parku pri\u0161la kapacita svetov\u00fdch rozmerov. Ak toto nie je prejav ambici\u00f3znosti, tak potom u\u017e ni\u010d.<\/h4>\n<p><span lang=\"SK\">Farhadovi Moshirimu mus\u00edme uzna\u0165 jednu vec. Ak sa naozaj pre nie\u010do rozhodne, ide do toho bez okolkov. Bez oh\u013eadu na to, \u010do si myslia ostatn\u00ed, \u010di \u010do je mo\u017eno logicky spr\u00e1vnej\u0161ie. Je to biznismen. Pozn\u00e1 risk, z\u00a0jeho kari\u00e9ry v\u00e4\u010d\u0161inou aj zisk, a\u00a0to je presne d\u00f4vod, pre\u010do tu m\u00e1me jedn\u00e9ho z\u00a0najlep\u0161\u00edch mana\u017e\u00e9rov mil\u00e9nia.<\/span><\/p>\n<p><span lang=\"SK\">\u0160tyri a\u00a0polro\u010dn\u00fd kontrakt pre \u0161es\u0165desiatro\u010dn\u00e9ho rod\u00e1ka z\u00a0Reggiola mohol by\u0165 podp\u00edsan\u00fd a\u017e po ukon\u010den\u00ed v\u0161etk\u00fdch pr\u00e1vnych z\u00e1v\u00e4zkov vo\u010di predch\u00e1dzaj\u00facemu zamestn\u00e1vate\u013eovi. T\u00fdm bol posledn\u00e9ho roka a\u00a0pol apeninsk\u00fd Neapol. Druh\u00e9 miesto a\u00a0n\u00e1sledn\u00fd zl\u00fd \u0161tart do sez\u00f3ny Aureliovi De Laurentiisovi zrejme nesta\u010dili.<\/span><\/p>\n<p><span lang=\"SK\">Everton t\u00fato novinku ozn\u00e1mil pribli\u017ene hodinu pred v\u00fdkopom dom\u00e1ceho z\u00e1pasu s\u00a0Arsenalom a\u00a0nov\u00e1 tv\u00e1r modrej \u010dasti Merseyside rovno zasadla na Main Stand, po bokoch predsedu Kenwrighta a\u00a0v\u00e4\u010d\u0161inov\u00e9ho vlastn\u00edka Moshiriho. Trojica \u010dasto diskutovala, Talian kr\u00fatil hlavou a\u00a0ob\u010das udivene dvihol \u013eav\u00e9 obo\u010die.<\/span><\/p>\n<p><span lang=\"SK\">Ne\u010dudo, ve\u010f meno, ktor\u00e9 nieslo \u00faspech ako za hr\u00e1\u010dskej, tak za mana\u017e\u00e9rskej kari\u00e9ry, nie je zvyknut\u00e9 na probl\u00e9my, s ak\u00fdmi sa moment\u00e1lne pasuj\u00fa Karamelky. S t\u00fdmi mu bude aj na\u010falej pom\u00e1ha\u0165 Duncan Ferguson. Ten ukon\u010dil svoj re\u017eim do\u010dasn\u00e9ho mana\u017e\u00e9ra a op\u00e4\u0165 sa postav\u00ed do role asistenta, kde m\u00f4\u017ee zbiera\u0165 cenn\u00e9 sk\u00fasenosti.<\/span><\/p>\n<p><span lang=\"SK\">Carletto, ako ho prez\u00fdvaj\u00fa, po\u010das akt\u00edvnej kari\u00e9ry vyhral trikr\u00e1t Scudetto a\u00a0po dva razy Eur\u00f3psky poh\u00e1r. Tr\u00e9nersk\u00e9 meno si spravil najm\u00e4 p\u00f4soben\u00edm v AC Mil\u00e1no, Chelsea, Par\u00ed\u017ei Saint-Germain, Reale Madrid a Bayerne Mn\u00edchov. Dom\u00e1ce tituly z\u00edskal s\u00a0ka\u017ed\u00fdm s t\u00fdchto t\u00edmov. Dvakr\u00e1t vyhral Ligu majstrov s\u00a0Mil\u00e1nom, a\u00a0raz s\u00a0Realom.<\/span><\/p>\n<p><span lang=\"SK\">B\u00fdval\u00fd kreat\u00edvny ofenz\u00edvny z\u00e1lo\u017en\u00edk, ktor\u00fd za Parmu, R\u00edm a Mil\u00e1no odohral dokopy 338 z\u00e1pasov, za\u010dne svoju \u00e9ru od zajtra a prv\u00fd duel pod jeho taktovkou bude doma proti Burnley, \u0161tvrtok na \u0160tefana. S hr\u00e1\u010dmi v\u0161ak stihol prehovori\u0165 u\u017e po dne\u0161nej bezg\u00f3lovej rem\u00edze s Gunners. Po stretnut\u00ed to prezradil Ferguson:<\/span><\/p>\n<blockquote><p><strong><em><span lang=\"SK\">\u201ePri\u0161iel po z\u00e1pase a mal kr\u00e1sny pr\u00edhovor. Bolo to \u00fa\u017easn\u00e9, ako sa s hr\u00e1\u010dmi rozpr\u00e1val. Povedal, \u017ee t\u00edm m\u00e1 fantastick\u00fd bojovn\u00fd duch, uk\u00e1zal ve\u013ea energie a dobre br\u00e1nil. Bolo to ale len tak\u00e9 predstavenie sa.\u201c<\/span><\/em><\/strong><\/p><\/blockquote>\n<p style=\"text-align: right;\">(foto zdroj: Everton FC)<\/p>\n","protected":false},"excerpt":{"rendered":"<p>Dlho o\u010dak\u00e1van\u00e9 sa stalo dnes skuto\u010dnos\u0165ou. Do Goodison Parku pri\u0161la kapacita svetov\u00fdch rozmerov. Ak toto nie je prejav ambici\u00f3znosti, tak potom u\u017e ni\u010d.<\/p>\n","protected":false},"author":1,"featured_media":9860,"comment_status":"open","ping_status":"closed","sticky":false,"template":"","format":"standard","meta":{"_eb_attr":"","_monsterinsights_skip_tracking":false,"_monsterinsights_sitenote_active":false,"_monsterinsights_sitenote_note":"","_monsterinsights_sitenote_category":0,"footnotes":""},"categories":[42],"tags":[],"yoast_head":"<!-- This site is optimized with the Yoast SEO plugin v23.4 - https:\/\/yoast.com\/wordpress\/plugins\/seo\/ -->\n<title>Nov\u00fdm tr\u00e9nerom je Ancelotti - Official Czech &amp; Slovak Everton Supporters&#039; Club<\/title>\n<meta name=\"robots\" content=\"index, follow, max-snippet:-1, max-image-preview:large, max-video-preview:-1\" \/>\n<link rel=\"canonical\" href=\"https:\/\/evertonfc.cz\/index.php\/2019\/12\/21\/novym-trenerom-je-ancelotti\/\" \/>\n<meta property=\"og:locale\" content=\"cs_CZ\" \/>\n<meta property=\"og:type\" content=\"article\" \/>\n<meta property=\"og:title\" content=\"Nov\u00fdm tr\u00e9nerom je Ancelotti - Official Czech &amp; Slovak Everton Supporters&#039; Club\" \/>\n<meta property=\"og:description\" content=\"Dlho o\u010dak\u00e1van\u00e9 sa stalo dnes skuto\u010dnos\u0165ou. Do Goodison Parku pri\u0161la kapacita svetov\u00fdch rozmerov. Ak toto nie je prejav ambici\u00f3znosti, tak potom u\u017e ni\u010d.\" \/>\n<meta property=\"og:url\" content=\"https:\/\/evertonfc.cz\/index.php\/2019\/12\/21\/novym-trenerom-je-ancelotti\/\" \/>\n<meta property=\"og:site_name\" content=\"Official Czech &amp; Slovak Everton Supporters&#039; Club\" \/>\n<meta property=\"article:publisher\" content=\"https:\/\/www.facebook.com\/everton.fans.cz.sk\" \/>\n<meta property=\"article:published_time\" content=\"2019-12-21T18:16:34+00:00\" \/>\n<meta property=\"article:modified_time\" content=\"2020-03-25T18:45:59+00:00\" \/>\n<meta property=\"og:image\" content=\"https:\/\/evertonfc.cz\/wp-content\/uploads\/2019\/12\/new-ancelotti-21-12-20119.jpeg\" \/>\n\t<meta property=\"og:image:width\" content=\"720\" \/>\n\t<meta property=\"og:image:height\" content=\"405\" \/>\n\t<meta property=\"og:image:type\" content=\"image\/jpeg\" \/>\n<meta name=\"author\" content=\"BlueBlooded\" \/>\n<meta name=\"twitter:card\" content=\"summary_large_image\" \/>\n<meta name=\"twitter:label1\" content=\"Napsal(a)\" \/>\n\t<meta name=\"twitter:data1\" content=\"BlueBlooded\" \/>\n\t<meta name=\"twitter:label2\" content=\"Odhadovan\u00e1 doba \u010dten\u00ed\" \/>\n\t<meta name=\"twitter:data2\" content=\"2 minuty\" \/>\n<script type=\"application\/ld+json\" class=\"yoast-schema-graph\">{\"@context\":\"https:\/\/schema.org\",\"@graph\":[{\"@type\":\"Article\",\"@id\":\"https:\/\/evertonfc.cz\/index.php\/2019\/12\/21\/novym-trenerom-je-ancelotti\/#article\",\"isPartOf\":{\"@id\":\"https:\/\/evertonfc.cz\/index.php\/2019\/12\/21\/novym-trenerom-je-ancelotti\/\"},\"author\":{\"name\":\"BlueBlooded\",\"@id\":\"https:\/\/evertonfc.cz\/#\/schema\/person\/d4493b8cbea51532597fbc4685698916\"},\"headline\":\"Nov\u00fdm tr\u00e9nerom je Ancelotti\",\"datePublished\":\"2019-12-21T18:16:34+00:00\",\"dateModified\":\"2020-03-25T18:45:59+00:00\",\"mainEntityOfPage\":{\"@id\":\"https:\/\/evertonfc.cz\/index.php\/2019\/12\/21\/novym-trenerom-je-ancelotti\/\"},\"wordCount\":478,\"commentCount\":3,\"publisher\":{\"@id\":\"https:\/\/evertonfc.cz\/#organization\"},\"image\":{\"@id\":\"https:\/\/evertonfc.cz\/index.php\/2019\/12\/21\/novym-trenerom-je-ancelotti\/#primaryimage\"},\"thumbnailUrl\":\"https:\/\/evertonfc.cz\/wp-content\/uploads\/2019\/12\/new-ancelotti-21-12-20119.jpeg\",\"articleSection\":[\"Aktuality\"],\"inLanguage\":\"cs\",\"potentialAction\":[{\"@type\":\"CommentAction\",\"name\":\"Comment\",\"target\":[\"https:\/\/evertonfc.cz\/index.php\/2019\/12\/21\/novym-trenerom-je-ancelotti\/#respond\"]}]},{\"@type\":\"WebPage\",\"@id\":\"https:\/\/evertonfc.cz\/index.php\/2019\/12\/21\/novym-trenerom-je-ancelotti\/\",\"url\":\"https:\/\/evertonfc.cz\/index.php\/2019\/12\/21\/novym-trenerom-je-ancelotti\/\",\"name\":\"Nov\u00fdm tr\u00e9nerom je Ancelotti - Official Czech &amp; Slovak Everton Supporters&#039; Club\",\"isPartOf\":{\"@id\":\"https:\/\/evertonfc.cz\/#website\"},\"primaryImageOfPage\":{\"@id\":\"https:\/\/evertonfc.cz\/index.php\/2019\/12\/21\/novym-trenerom-je-ancelotti\/#primaryimage\"},\"image\":{\"@id\":\"https:\/\/evertonfc.cz\/index.php\/2019\/12\/21\/novym-trenerom-je-ancelotti\/#primaryimage\"},\"thumbnailUrl\":\"https:\/\/evertonfc.cz\/wp-content\/uploads\/2019\/12\/new-ancelotti-21-12-20119.jpeg\",\"datePublished\":\"2019-12-21T18:16:34+00:00\",\"dateModified\":\"2020-03-25T18:45:59+00:00\",\"breadcrumb\":{\"@id\":\"https:\/\/evertonfc.cz\/index.php\/2019\/12\/21\/novym-trenerom-je-ancelotti\/#breadcrumb\"},\"inLanguage\":\"cs\",\"potentialAction\":[{\"@type\":\"ReadAction\",\"target\":[\"https:\/\/evertonfc.cz\/index.php\/2019\/12\/21\/novym-trenerom-je-ancelotti\/\"]}]},{\"@type\":\"ImageObject\",\"inLanguage\":\"cs\",\"@id\":\"https:\/\/evertonfc.cz\/index.php\/2019\/12\/21\/novym-trenerom-je-ancelotti\/#primaryimage\",\"url\":\"https:\/\/evertonfc.cz\/wp-content\/uploads\/2019\/12\/new-ancelotti-21-12-20119.jpeg\",\"contentUrl\":\"https:\/\/evertonfc.cz\/wp-content\/uploads\/2019\/12\/new-ancelotti-21-12-20119.jpeg\",\"width\":720,\"height\":405},{\"@type\":\"BreadcrumbList\",\"@id\":\"https:\/\/evertonfc.cz\/index.php\/2019\/12\/21\/novym-trenerom-je-ancelotti\/#breadcrumb\",\"itemListElement\":[{\"@type\":\"ListItem\",\"position\":1,\"name\":\"Home\",\"item\":\"https:\/\/evertonfc.cz\/\"},{\"@type\":\"ListItem\",\"position\":2,\"name\":\"Nov\u00fdm tr\u00e9nerom je Ancelotti\"}]},{\"@type\":\"WebSite\",\"@id\":\"https:\/\/evertonfc.cz\/#website\",\"url\":\"https:\/\/evertonfc.cz\/\",\"name\":\"Official Czech &amp; Slovak Everton Supporters&#039; Club\",\"description\":\"\",\"publisher\":{\"@id\":\"https:\/\/evertonfc.cz\/#organization\"},\"potentialAction\":[{\"@type\":\"SearchAction\",\"target\":{\"@type\":\"EntryPoint\",\"urlTemplate\":\"https:\/\/evertonfc.cz\/?s={search_term_string}\"},\"query-input\":{\"@type\":\"PropertyValueSpecification\",\"valueRequired\":true,\"valueName\":\"search_term_string\"}}],\"inLanguage\":\"cs\"},{\"@type\":\"Organization\",\"@id\":\"https:\/\/evertonfc.cz\/#organization\",\"name\":\"Official Czech & Slovak Everton Supporters' Club\",\"url\":\"https:\/\/evertonfc.cz\/\",\"logo\":{\"@type\":\"ImageObject\",\"inLanguage\":\"cs\",\"@id\":\"https:\/\/evertonfc.cz\/#\/schema\/logo\/image\/\",\"url\":\"https:\/\/evertonfc.cz\/wp-content\/uploads\/2019\/05\/logo.png\",\"contentUrl\":\"https:\/\/evertonfc.cz\/wp-content\/uploads\/2019\/05\/logo.png\",\"width\":112,\"height\":112,\"caption\":\"Official Czech & Slovak Everton Supporters' Club\"},\"image\":{\"@id\":\"https:\/\/evertonfc.cz\/#\/schema\/logo\/image\/\"},\"sameAs\":[\"https:\/\/www.facebook.com\/everton.fans.cz.sk\"]},{\"@type\":\"Person\",\"@id\":\"https:\/\/evertonfc.cz\/#\/schema\/person\/d4493b8cbea51532597fbc4685698916\",\"name\":\"BlueBlooded\",\"url\":\"https:\/\/evertonfc.cz\/index.php\/author\/admin\/\"}]}<\/script>\n<!-- \/ Yoast SEO plugin. -->","yoast_head_json":{"title":"Nov\u00fdm tr\u00e9nerom je Ancelotti - Official Czech &amp; Slovak Everton Supporters&#039; Club","robots":{"index":"index","follow":"follow","max-snippet":"max-snippet:-1","max-image-preview":"max-image-preview:large","max-video-preview":"max-video-preview:-1"},"canonical":"https:\/\/evertonfc.cz\/index.php\/2019\/12\/21\/novym-trenerom-je-ancelotti\/","og_locale":"cs_CZ","og_type":"article","og_title":"Nov\u00fdm tr\u00e9nerom je Ancelotti - Official Czech &amp; Slovak Everton Supporters&#039; Club","og_description":"Dlho o\u010dak\u00e1van\u00e9 sa stalo dnes skuto\u010dnos\u0165ou. Do Goodison Parku pri\u0161la kapacita svetov\u00fdch rozmerov. Ak toto nie je prejav ambici\u00f3znosti, tak potom u\u017e ni\u010d.","og_url":"https:\/\/evertonfc.cz\/index.php\/2019\/12\/21\/novym-trenerom-je-ancelotti\/","og_site_name":"Official Czech &amp; Slovak Everton Supporters&#039; Club","article_publisher":"https:\/\/www.facebook.com\/everton.fans.cz.sk","article_published_time":"2019-12-21T18:16:34+00:00","article_modified_time":"2020-03-25T18:45:59+00:00","og_image":[{"width":720,"height":405,"url":"https:\/\/evertonfc.cz\/wp-content\/uploads\/2019\/12\/new-ancelotti-21-12-20119.jpeg","type":"image\/jpeg"}],"author":"BlueBlooded","twitter_card":"summary_large_image","twitter_misc":{"Napsal(a)":"BlueBlooded","Odhadovan\u00e1 doba \u010dten\u00ed":"2 minuty"},"schema":{"@context":"https:\/\/schema.org","@graph":[{"@type":"Article","@id":"https:\/\/evertonfc.cz\/index.php\/2019\/12\/21\/novym-trenerom-je-ancelotti\/#article","isPartOf":{"@id":"https:\/\/evertonfc.cz\/index.php\/2019\/12\/21\/novym-trenerom-je-ancelotti\/"},"author":{"name":"BlueBlooded","@id":"https:\/\/evertonfc.cz\/#\/schema\/person\/d4493b8cbea51532597fbc4685698916"},"headline":"Nov\u00fdm tr\u00e9nerom je Ancelotti","datePublished":"2019-12-21T18:16:34+00:00","dateModified":"2020-03-25T18:45:59+00:00","mainEntityOfPage":{"@id":"https:\/\/evertonfc.cz\/index.php\/2019\/12\/21\/novym-trenerom-je-ancelotti\/"},"wordCount":478,"commentCount":3,"publisher":{"@id":"https:\/\/evertonfc.cz\/#organization"},"image":{"@id":"https:\/\/evertonfc.cz\/index.php\/2019\/12\/21\/novym-trenerom-je-ancelotti\/#primaryimage"},"thumbnailUrl":"https:\/\/evertonfc.cz\/wp-content\/uploads\/2019\/12\/new-ancelotti-21-12-20119.jpeg","articleSection":["Aktuality"],"inLanguage":"cs","potentialAction":[{"@type":"CommentAction","name":"Comment","target":["https:\/\/evertonfc.cz\/index.php\/2019\/12\/21\/novym-trenerom-je-ancelotti\/#respond"]}]},{"@type":"WebPage","@id":"https:\/\/evertonfc.cz\/index.php\/2019\/12\/21\/novym-trenerom-je-ancelotti\/","url":"https:\/\/evertonfc.cz\/index.php\/2019\/12\/21\/novym-trenerom-je-ancelotti\/","name":"Nov\u00fdm tr\u00e9nerom je Ancelotti - Official Czech &amp; Slovak Everton Supporters&#039; Club","isPartOf":{"@id":"https:\/\/evertonfc.cz\/#website"},"primaryImageOfPage":{"@id":"https:\/\/evertonfc.cz\/index.php\/2019\/12\/21\/novym-trenerom-je-ancelotti\/#primaryimage"},"image":{"@id":"https:\/\/evertonfc.cz\/index.php\/2019\/12\/21\/novym-trenerom-je-ancelotti\/#primaryimage"},"thumbnailUrl":"https:\/\/evertonfc.cz\/wp-content\/uploads\/2019\/12\/new-ancelotti-21-12-20119.jpeg","datePublished":"2019-12-21T18:16:34+00:00","dateModified":"2020-03-25T18:45:59+00:00","breadcrumb":{"@id":"https:\/\/evertonfc.cz\/index.php\/2019\/12\/21\/novym-trenerom-je-ancelotti\/#breadcrumb"},"inLanguage":"cs","potentialAction":[{"@type":"ReadAction","target":["https:\/\/evertonfc.cz\/index.php\/2019\/12\/21\/novym-trenerom-je-ancelotti\/"]}]},{"@type":"ImageObject","inLanguage":"cs","@id":"https:\/\/evertonfc.cz\/index.php\/2019\/12\/21\/novym-trenerom-je-ancelotti\/#primaryimage","url":"https:\/\/evertonfc.cz\/wp-content\/uploads\/2019\/12\/new-ancelotti-21-12-20119.jpeg","contentUrl":"https:\/\/evertonfc.cz\/wp-content\/uploads\/2019\/12\/new-ancelotti-21-12-20119.jpeg","width":720,"height":405},{"@type":"BreadcrumbList","@id":"https:\/\/evertonfc.cz\/index.php\/2019\/12\/21\/novym-trenerom-je-ancelotti\/#breadcrumb","itemListElement":[{"@type":"ListItem","position":1,"name":"Home","item":"https:\/\/evertonfc.cz\/"},{"@type":"ListItem","position":2,"name":"Nov\u00fdm tr\u00e9nerom je Ancelotti"}]},{"@type":"WebSite","@id":"https:\/\/evertonfc.cz\/#website","url":"https:\/\/evertonfc.cz\/","name":"Official Czech &amp; Slovak Everton Supporters&#039; Club","description":"","publisher":{"@id":"https:\/\/evertonfc.cz\/#organization"},"potentialAction":[{"@type":"SearchAction","target":{"@type":"EntryPoint","urlTemplate":"https:\/\/evertonfc.cz\/?s={search_term_string}"},"query-input":{"@type":"PropertyValueSpecification","valueRequired":true,"valueName":"search_term_string"}}],"inLanguage":"cs"},{"@type":"Organization","@id":"https:\/\/evertonfc.cz\/#organization","name":"Official Czech & Slovak Everton Supporters' Club","url":"https:\/\/evertonfc.cz\/","logo":{"@type":"ImageObject","inLanguage":"cs","@id":"https:\/\/evertonfc.cz\/#\/schema\/logo\/image\/","url":"https:\/\/evertonfc.cz\/wp-content\/uploads\/2019\/05\/logo.png","contentUrl":"https:\/\/evertonfc.cz\/wp-content\/uploads\/2019\/05\/logo.png","width":112,"height":112,"caption":"Official Czech & Slovak Everton Supporters' Club"},"image":{"@id":"https:\/\/evertonfc.cz\/#\/schema\/logo\/image\/"},"sameAs":["https:\/\/www.facebook.com\/everton.fans.cz.sk"]},{"@type":"Person","@id":"https:\/\/evertonfc.cz\/#\/schema\/person\/d4493b8cbea51532597fbc4685698916","name":"BlueBlooded","url":"https:\/\/evertonfc.cz\/index.php\/author\/admin\/"}]}},"_links":{"self":[{"href":"https:\/\/evertonfc.cz\/index.php\/wp-json\/wp\/v2\/posts\/9861"}],"collection":[{"href":"https:\/\/evertonfc.cz\/index.php\/wp-json\/wp\/v2\/posts"}],"about":[{"href":"https:\/\/evertonfc.cz\/index.php\/wp-json\/wp\/v2\/types\/post"}],"author":[{"embeddable":true,"href":"https:\/\/evertonfc.cz\/index.php\/wp-json\/wp\/v2\/users\/1"}],"replies":[{"embeddable":true,"href":"https:\/\/evertonfc.cz\/index.php\/wp-json\/wp\/v2\/comments?post=9861"}],"version-history":[{"count":6,"href":"https:\/\/evertonfc.cz\/index.php\/wp-json\/wp\/v2\/posts\/9861\/revisions"}],"predecessor-version":[{"id":10581,"href":"https:\/\/evertonfc.cz\/index.php\/wp-json\/wp\/v2\/posts\/9861\/revisions\/10581"}],"wp:featuredmedia":[{"embeddable":true,"href":"https:\/\/evertonfc.cz\/index.php\/wp-json\/wp\/v2\/media\/9860"}],"wp:attachment":[{"href":"https:\/\/evertonfc.cz\/index.php\/wp-json\/wp\/v2\/media?parent=9861"}],"wp:term":[{"taxonomy":"category","embeddable":true,"href":"https:\/\/evertonfc.cz\/index.php\/wp-json\/wp\/v2\/categories?post=9861"},{"taxonomy":"post_tag","embeddable":true,"href":"https:\/\/evertonfc.cz\/index.php\/wp-json\/wp\/v2\/tags?post=9861"}],"curies":[{"name":"wp","href":"https:\/\/api.w.org\/{rel}","templated":true}]}}