{"id":9867,"date":"2019-12-22T16:14:05","date_gmt":"2019-12-22T15:14:05","guid":{"rendered":"https:\/\/evertonfc.cz\/?p=9867"},"modified":"2019-12-22T19:20:00","modified_gmt":"2019-12-22T18:20:00","slug":"everton-arsenal-00","status":"publish","type":"post","link":"https:\/\/evertonfc.cz\/index.php\/2019\/12\/22\/everton-arsenal-00\/","title":{"rendered":"Everton &#8211; Arsenal 0:0"},"content":{"rendered":"<h4>Hr\u00e1\u010di obou t\u00fdm\u016f zjevn\u011b v\u011bd\u00ed, \u017ee se p\u0159\u00ed\u0161t\u00ed t\u00fdden po\u0159\u00e1dn\u011b naj\u00ed. Jinak si tu jejich v\u010derej\u0161\u00ed dietu neum\u00edm vysv\u011btlit.<\/h4>\n<p>Z\u00e1kladn\u00ed sestava Evertonu doznala v\u00fdrazn\u00fdch zm\u011bn, vr\u00e1tili se do n\u00ed nap\u0159\u00edklad Sigurdsson a Digne, k dispozici byl i Delph. \u00dato\u010dn\u011bj\u0161\u00ed \u010d\u00e1st z\u00e1lohy Arsenalu ve slo\u017een\u00ed Nelson &#8211; Smith-Rowe &#8211; Martinelli taky pozdvihla nejedno obo\u010d\u00ed. Prvn\u00ed zaj\u00edmav\u00e1 situace nastala v 11. minut\u011b, kdy se za stehno chytil Iwobi, kter\u00e9ho kv\u016fli p\u0159itahova\u010di stehenn\u00edho svalu st\u0159\u00eddal Tosun (a\u010d Bernard jako\u017eto k\u0159\u00eddlo byl na lavi\u010dce). Ten se okam\u017eit\u011b dostal do zakon\u010den\u00ed, ale p\u0159est\u0159elil. O n\u011bkolik minut pozd\u011bji se k zahr\u00e1v\u00e1n\u00ed trest\u0148\u00e1ku postavil Sigurdsson, ale zleva poslal m\u00ed\u010d t\u011bsn\u011b vedle ty\u010de. V\u011bt\u0161inu akc\u00ed host\u00ed sm\u011brem dop\u0159edu zkazil Martinelli. Div\u00e1ci sledovali hru plnou nep\u0159esnost\u00ed a nedota\u017eenost\u00ed, a\u017e se n\u00e1hle stali do velk\u00e9 \u0161ance. Ale pr\u00e1v\u011b mnou zmi\u0148ovan\u00fd Martinelli netrefil za\u0159\u00edzen\u00ed.<\/p>\n<p>Druh\u00e9 p\u016fle za\u010dala tutovkou host\u016f. Jak se Aubameyangovi poda\u0159ilo v nejv\u011bt\u0161\u00ed \u0161anci z\u00e1pasu nesk\u00f3rovat, to v\u00ed z\u0159ejm\u011b jen on. Arsenal pokra\u010doval v m\u00edrn\u00e9m tlaku, ale dom\u00e1c\u00ed jej nepou\u0161t\u011bli do \u0161anc\u00ed. Everton si vytvo\u0159il p\u0159\u00edle\u017eitost po akci Richarlisona, le\u010d Calvert-Lewin trefil jen p\u0159ed n\u00edm stoj\u00edc\u00edho obr\u00e1nce. Duncan Ferguson si op\u011bt st\u0159ihnul svou obl\u00edbenou discipl\u00ednu &#8211; st\u0159\u00eddat st\u0159\u00eddaj\u00edc\u00edho. Tentokr\u00e1t uvolnil m\u00edsto Tosun dal\u0161\u00edmu hro\u0165\u00e1kovi Keanovi. A to bylo v\u0161e, dal\u0161\u00ed slovy zaznamen\u00e1n\u00edhodn\u00e1 akce\/\u0161ance k vid\u011bn\u00ed nebyla.<\/p>\n<p>Budouc\u00ed mana\u017ee\u0159i Arteta s Ancelottim vid\u011bli, \u017ee na obou t\u00fdmech je pr\u00e1ce jako na kostele. Nen\u00ed se co divit, v\u010dera se v Goodison Parku hr\u00e1l kandid\u00e1t na nejhor\u0161\u00ed ligov\u00fd z\u00e1pas v sez\u00f3n\u011b.<\/p>\n<p class=\"cards_item_529761\"><span data-source=\"lightstreamer\" data-grid=\"main\" data-item=\"item_529761\" data-field=\"cards\"><strong>Karty: <\/strong>45. Davies, 75. Sigurdsson \u2013 28. Saka, 87. Chambers, 90+1. Willock\u00a0<\/span><\/p>\n<p><strong>Everton FC:<\/strong>\u00a0Pickford \u2013 Sidib\u00e9, Holgate, Mina, Digne \u2013 Davies, Delph (72. M. Keane) \u2013 Iwobi (11. Tosun, 80. Kean), Sigurdsson, Richarlison \u2013 Calvert-Lewin<\/p>\n<p><strong>Arsenal FC:<\/strong>\u00a0<span data-source=\"lightstreamer\" data-grid=\"main\" data-item=\"item_529761\" data-field=\"report2\">Leno \u2013 Maitland-Niles, Chambers, David Luiz, Saka \u2013 Torreira, Xhaka \u2013 Nelson, Smith-Rowe (66. Willock), Martinelli \u2013 Aubameyang (78. Lacazette)<\/span><\/p>\n<p><strong>Rozhod\u010d\u00ed:<\/strong> Kevin <span data-source=\"lightstreamer\" data-grid=\"main\" data-item=\"item_529761\" data-field=\"referees\">Friend<\/span><\/p>\n<p><strong>Div\u00e1ci:<\/strong>\u00a0<span data-source=\"lightstreamer\" data-grid=\"main\" data-item=\"item_529761\" data-field=\"viewers\">39 336<\/span><\/p>\n","protected":false},"excerpt":{"rendered":"<p>Hr\u00e1\u010di obou t\u00fdm\u016f zjevn\u011b v\u011bd\u00ed, \u017ee se p\u0159\u00ed\u0161t\u00ed t\u00fdden po\u0159\u00e1dn\u011b naj\u00ed. Jinak si tu jejich v\u010derej\u0161\u00ed dietu neum\u00edm vysv\u011btlit.<\/p>\n","protected":false},"author":12,"featured_media":9869,"comment_status":"open","ping_status":"closed","sticky":false,"template":"","format":"standard","meta":{"_eb_attr":"","_monsterinsights_skip_tracking":false,"_monsterinsights_sitenote_active":false,"_monsterinsights_sitenote_note":"","_monsterinsights_sitenote_category":0,"footnotes":""},"categories":[4],"tags":[],"yoast_head":"<!-- This site is optimized with the Yoast SEO plugin v23.4 - https:\/\/yoast.com\/wordpress\/plugins\/seo\/ -->\n<title>Everton - Arsenal 0:0 - Official Czech &amp; Slovak Everton Supporters&#039; Club<\/title>\n<meta name=\"robots\" content=\"index, follow, max-snippet:-1, max-image-preview:large, max-video-preview:-1\" \/>\n<link rel=\"canonical\" href=\"https:\/\/evertonfc.cz\/index.php\/2019\/12\/22\/everton-arsenal-00\/\" \/>\n<meta property=\"og:locale\" content=\"cs_CZ\" \/>\n<meta property=\"og:type\" content=\"article\" \/>\n<meta property=\"og:title\" content=\"Everton - Arsenal 0:0 - Official Czech &amp; Slovak Everton Supporters&#039; Club\" \/>\n<meta property=\"og:description\" content=\"Hr\u00e1\u010di obou t\u00fdm\u016f zjevn\u011b v\u011bd\u00ed, \u017ee se p\u0159\u00ed\u0161t\u00ed t\u00fdden po\u0159\u00e1dn\u011b naj\u00ed. Jinak si tu jejich v\u010derej\u0161\u00ed dietu neum\u00edm vysv\u011btlit.\" \/>\n<meta property=\"og:url\" content=\"https:\/\/evertonfc.cz\/index.php\/2019\/12\/22\/everton-arsenal-00\/\" \/>\n<meta property=\"og:site_name\" content=\"Official Czech &amp; Slovak Everton Supporters&#039; Club\" \/>\n<meta property=\"article:publisher\" content=\"https:\/\/www.facebook.com\/everton.fans.cz.sk\" \/>\n<meta property=\"article:published_time\" content=\"2019-12-22T15:14:05+00:00\" \/>\n<meta property=\"article:modified_time\" content=\"2019-12-22T18:20:00+00:00\" \/>\n<meta property=\"og:image\" content=\"https:\/\/evertonfc.cz\/wp-content\/uploads\/2019\/12\/Arsenal-22-12-2019.jpg\" \/>\n\t<meta property=\"og:image:width\" content=\"720\" \/>\n\t<meta property=\"og:image:height\" content=\"405\" \/>\n\t<meta property=\"og:image:type\" content=\"image\/jpeg\" \/>\n<meta name=\"author\" content=\"Javor\" \/>\n<meta name=\"twitter:card\" content=\"summary_large_image\" \/>\n<meta name=\"twitter:creator\" content=\"@LoudinJan\" \/>\n<meta name=\"twitter:label1\" content=\"Napsal(a)\" \/>\n\t<meta name=\"twitter:data1\" content=\"Javor\" \/>\n\t<meta name=\"twitter:label2\" content=\"Odhadovan\u00e1 doba \u010dten\u00ed\" \/>\n\t<meta name=\"twitter:data2\" content=\"2 minuty\" \/>\n<script type=\"application\/ld+json\" class=\"yoast-schema-graph\">{\"@context\":\"https:\/\/schema.org\",\"@graph\":[{\"@type\":\"Article\",\"@id\":\"https:\/\/evertonfc.cz\/index.php\/2019\/12\/22\/everton-arsenal-00\/#article\",\"isPartOf\":{\"@id\":\"https:\/\/evertonfc.cz\/index.php\/2019\/12\/22\/everton-arsenal-00\/\"},\"author\":{\"name\":\"Javor\",\"@id\":\"https:\/\/evertonfc.cz\/#\/schema\/person\/b30daf6a5852f4811f8207a17ec1bf78\"},\"headline\":\"Everton &#8211; Arsenal 0:0\",\"datePublished\":\"2019-12-22T15:14:05+00:00\",\"dateModified\":\"2019-12-22T18:20:00+00:00\",\"mainEntityOfPage\":{\"@id\":\"https:\/\/evertonfc.cz\/index.php\/2019\/12\/22\/everton-arsenal-00\/\"},\"wordCount\":384,\"commentCount\":3,\"publisher\":{\"@id\":\"https:\/\/evertonfc.cz\/#organization\"},\"image\":{\"@id\":\"https:\/\/evertonfc.cz\/index.php\/2019\/12\/22\/everton-arsenal-00\/#primaryimage\"},\"thumbnailUrl\":\"https:\/\/evertonfc.cz\/wp-content\/uploads\/2019\/12\/Arsenal-22-12-2019.jpg\",\"articleSection\":[\"Z\u00e1pasy\"],\"inLanguage\":\"cs\",\"potentialAction\":[{\"@type\":\"CommentAction\",\"name\":\"Comment\",\"target\":[\"https:\/\/evertonfc.cz\/index.php\/2019\/12\/22\/everton-arsenal-00\/#respond\"]}]},{\"@type\":\"WebPage\",\"@id\":\"https:\/\/evertonfc.cz\/index.php\/2019\/12\/22\/everton-arsenal-00\/\",\"url\":\"https:\/\/evertonfc.cz\/index.php\/2019\/12\/22\/everton-arsenal-00\/\",\"name\":\"Everton - Arsenal 0:0 - Official Czech &amp; Slovak Everton Supporters&#039; Club\",\"isPartOf\":{\"@id\":\"https:\/\/evertonfc.cz\/#website\"},\"primaryImageOfPage\":{\"@id\":\"https:\/\/evertonfc.cz\/index.php\/2019\/12\/22\/everton-arsenal-00\/#primaryimage\"},\"image\":{\"@id\":\"https:\/\/evertonfc.cz\/index.php\/2019\/12\/22\/everton-arsenal-00\/#primaryimage\"},\"thumbnailUrl\":\"https:\/\/evertonfc.cz\/wp-content\/uploads\/2019\/12\/Arsenal-22-12-2019.jpg\",\"datePublished\":\"2019-12-22T15:14:05+00:00\",\"dateModified\":\"2019-12-22T18:20:00+00:00\",\"breadcrumb\":{\"@id\":\"https:\/\/evertonfc.cz\/index.php\/2019\/12\/22\/everton-arsenal-00\/#breadcrumb\"},\"inLanguage\":\"cs\",\"potentialAction\":[{\"@type\":\"ReadAction\",\"target\":[\"https:\/\/evertonfc.cz\/index.php\/2019\/12\/22\/everton-arsenal-00\/\"]}]},{\"@type\":\"ImageObject\",\"inLanguage\":\"cs\",\"@id\":\"https:\/\/evertonfc.cz\/index.php\/2019\/12\/22\/everton-arsenal-00\/#primaryimage\",\"url\":\"https:\/\/evertonfc.cz\/wp-content\/uploads\/2019\/12\/Arsenal-22-12-2019.jpg\",\"contentUrl\":\"https:\/\/evertonfc.cz\/wp-content\/uploads\/2019\/12\/Arsenal-22-12-2019.jpg\",\"width\":720,\"height\":405},{\"@type\":\"BreadcrumbList\",\"@id\":\"https:\/\/evertonfc.cz\/index.php\/2019\/12\/22\/everton-arsenal-00\/#breadcrumb\",\"itemListElement\":[{\"@type\":\"ListItem\",\"position\":1,\"name\":\"Home\",\"item\":\"https:\/\/evertonfc.cz\/\"},{\"@type\":\"ListItem\",\"position\":2,\"name\":\"Everton &#8211; Arsenal 0:0\"}]},{\"@type\":\"WebSite\",\"@id\":\"https:\/\/evertonfc.cz\/#website\",\"url\":\"https:\/\/evertonfc.cz\/\",\"name\":\"Official Czech &amp; Slovak Everton Supporters&#039; Club\",\"description\":\"\",\"publisher\":{\"@id\":\"https:\/\/evertonfc.cz\/#organization\"},\"potentialAction\":[{\"@type\":\"SearchAction\",\"target\":{\"@type\":\"EntryPoint\",\"urlTemplate\":\"https:\/\/evertonfc.cz\/?s={search_term_string}\"},\"query-input\":{\"@type\":\"PropertyValueSpecification\",\"valueRequired\":true,\"valueName\":\"search_term_string\"}}],\"inLanguage\":\"cs\"},{\"@type\":\"Organization\",\"@id\":\"https:\/\/evertonfc.cz\/#organization\",\"name\":\"Official Czech & Slovak Everton Supporters' Club\",\"url\":\"https:\/\/evertonfc.cz\/\",\"logo\":{\"@type\":\"ImageObject\",\"inLanguage\":\"cs\",\"@id\":\"https:\/\/evertonfc.cz\/#\/schema\/logo\/image\/\",\"url\":\"https:\/\/evertonfc.cz\/wp-content\/uploads\/2019\/05\/logo.png\",\"contentUrl\":\"https:\/\/evertonfc.cz\/wp-content\/uploads\/2019\/05\/logo.png\",\"width\":112,\"height\":112,\"caption\":\"Official Czech & Slovak Everton Supporters' Club\"},\"image\":{\"@id\":\"https:\/\/evertonfc.cz\/#\/schema\/logo\/image\/\"},\"sameAs\":[\"https:\/\/www.facebook.com\/everton.fans.cz.sk\"]},{\"@type\":\"Person\",\"@id\":\"https:\/\/evertonfc.cz\/#\/schema\/person\/b30daf6a5852f4811f8207a17ec1bf78\",\"name\":\"Javor\",\"sameAs\":[\"https:\/\/x.com\/LoudinJan\"],\"url\":\"https:\/\/evertonfc.cz\/index.php\/author\/javor\/\"}]}<\/script>\n<!-- \/ Yoast SEO plugin. -->","yoast_head_json":{"title":"Everton - Arsenal 0:0 - Official Czech &amp; Slovak Everton Supporters&#039; Club","robots":{"index":"index","follow":"follow","max-snippet":"max-snippet:-1","max-image-preview":"max-image-preview:large","max-video-preview":"max-video-preview:-1"},"canonical":"https:\/\/evertonfc.cz\/index.php\/2019\/12\/22\/everton-arsenal-00\/","og_locale":"cs_CZ","og_type":"article","og_title":"Everton - Arsenal 0:0 - Official Czech &amp; Slovak Everton Supporters&#039; Club","og_description":"Hr\u00e1\u010di obou t\u00fdm\u016f zjevn\u011b v\u011bd\u00ed, \u017ee se p\u0159\u00ed\u0161t\u00ed t\u00fdden po\u0159\u00e1dn\u011b naj\u00ed. Jinak si tu jejich v\u010derej\u0161\u00ed dietu neum\u00edm vysv\u011btlit.","og_url":"https:\/\/evertonfc.cz\/index.php\/2019\/12\/22\/everton-arsenal-00\/","og_site_name":"Official Czech &amp; Slovak Everton Supporters&#039; Club","article_publisher":"https:\/\/www.facebook.com\/everton.fans.cz.sk","article_published_time":"2019-12-22T15:14:05+00:00","article_modified_time":"2019-12-22T18:20:00+00:00","og_image":[{"width":720,"height":405,"url":"https:\/\/evertonfc.cz\/wp-content\/uploads\/2019\/12\/Arsenal-22-12-2019.jpg","type":"image\/jpeg"}],"author":"Javor","twitter_card":"summary_large_image","twitter_creator":"@LoudinJan","twitter_misc":{"Napsal(a)":"Javor","Odhadovan\u00e1 doba \u010dten\u00ed":"2 minuty"},"schema":{"@context":"https:\/\/schema.org","@graph":[{"@type":"Article","@id":"https:\/\/evertonfc.cz\/index.php\/2019\/12\/22\/everton-arsenal-00\/#article","isPartOf":{"@id":"https:\/\/evertonfc.cz\/index.php\/2019\/12\/22\/everton-arsenal-00\/"},"author":{"name":"Javor","@id":"https:\/\/evertonfc.cz\/#\/schema\/person\/b30daf6a5852f4811f8207a17ec1bf78"},"headline":"Everton &#8211; Arsenal 0:0","datePublished":"2019-12-22T15:14:05+00:00","dateModified":"2019-12-22T18:20:00+00:00","mainEntityOfPage":{"@id":"https:\/\/evertonfc.cz\/index.php\/2019\/12\/22\/everton-arsenal-00\/"},"wordCount":384,"commentCount":3,"publisher":{"@id":"https:\/\/evertonfc.cz\/#organization"},"image":{"@id":"https:\/\/evertonfc.cz\/index.php\/2019\/12\/22\/everton-arsenal-00\/#primaryimage"},"thumbnailUrl":"https:\/\/evertonfc.cz\/wp-content\/uploads\/2019\/12\/Arsenal-22-12-2019.jpg","articleSection":["Z\u00e1pasy"],"inLanguage":"cs","potentialAction":[{"@type":"CommentAction","name":"Comment","target":["https:\/\/evertonfc.cz\/index.php\/2019\/12\/22\/everton-arsenal-00\/#respond"]}]},{"@type":"WebPage","@id":"https:\/\/evertonfc.cz\/index.php\/2019\/12\/22\/everton-arsenal-00\/","url":"https:\/\/evertonfc.cz\/index.php\/2019\/12\/22\/everton-arsenal-00\/","name":"Everton - Arsenal 0:0 - Official Czech &amp; Slovak Everton Supporters&#039; Club","isPartOf":{"@id":"https:\/\/evertonfc.cz\/#website"},"primaryImageOfPage":{"@id":"https:\/\/evertonfc.cz\/index.php\/2019\/12\/22\/everton-arsenal-00\/#primaryimage"},"image":{"@id":"https:\/\/evertonfc.cz\/index.php\/2019\/12\/22\/everton-arsenal-00\/#primaryimage"},"thumbnailUrl":"https:\/\/evertonfc.cz\/wp-content\/uploads\/2019\/12\/Arsenal-22-12-2019.jpg","datePublished":"2019-12-22T15:14:05+00:00","dateModified":"2019-12-22T18:20:00+00:00","breadcrumb":{"@id":"https:\/\/evertonfc.cz\/index.php\/2019\/12\/22\/everton-arsenal-00\/#breadcrumb"},"inLanguage":"cs","potentialAction":[{"@type":"ReadAction","target":["https:\/\/evertonfc.cz\/index.php\/2019\/12\/22\/everton-arsenal-00\/"]}]},{"@type":"ImageObject","inLanguage":"cs","@id":"https:\/\/evertonfc.cz\/index.php\/2019\/12\/22\/everton-arsenal-00\/#primaryimage","url":"https:\/\/evertonfc.cz\/wp-content\/uploads\/2019\/12\/Arsenal-22-12-2019.jpg","contentUrl":"https:\/\/evertonfc.cz\/wp-content\/uploads\/2019\/12\/Arsenal-22-12-2019.jpg","width":720,"height":405},{"@type":"BreadcrumbList","@id":"https:\/\/evertonfc.cz\/index.php\/2019\/12\/22\/everton-arsenal-00\/#breadcrumb","itemListElement":[{"@type":"ListItem","position":1,"name":"Home","item":"https:\/\/evertonfc.cz\/"},{"@type":"ListItem","position":2,"name":"Everton &#8211; Arsenal 0:0"}]},{"@type":"WebSite","@id":"https:\/\/evertonfc.cz\/#website","url":"https:\/\/evertonfc.cz\/","name":"Official Czech &amp; Slovak Everton Supporters&#039; Club","description":"","publisher":{"@id":"https:\/\/evertonfc.cz\/#organization"},"potentialAction":[{"@type":"SearchAction","target":{"@type":"EntryPoint","urlTemplate":"https:\/\/evertonfc.cz\/?s={search_term_string}"},"query-input":{"@type":"PropertyValueSpecification","valueRequired":true,"valueName":"search_term_string"}}],"inLanguage":"cs"},{"@type":"Organization","@id":"https:\/\/evertonfc.cz\/#organization","name":"Official Czech & Slovak Everton Supporters' Club","url":"https:\/\/evertonfc.cz\/","logo":{"@type":"ImageObject","inLanguage":"cs","@id":"https:\/\/evertonfc.cz\/#\/schema\/logo\/image\/","url":"https:\/\/evertonfc.cz\/wp-content\/uploads\/2019\/05\/logo.png","contentUrl":"https:\/\/evertonfc.cz\/wp-content\/uploads\/2019\/05\/logo.png","width":112,"height":112,"caption":"Official Czech & Slovak Everton Supporters' Club"},"image":{"@id":"https:\/\/evertonfc.cz\/#\/schema\/logo\/image\/"},"sameAs":["https:\/\/www.facebook.com\/everton.fans.cz.sk"]},{"@type":"Person","@id":"https:\/\/evertonfc.cz\/#\/schema\/person\/b30daf6a5852f4811f8207a17ec1bf78","name":"Javor","sameAs":["https:\/\/x.com\/LoudinJan"],"url":"https:\/\/evertonfc.cz\/index.php\/author\/javor\/"}]}},"_links":{"self":[{"href":"https:\/\/evertonfc.cz\/index.php\/wp-json\/wp\/v2\/posts\/9867"}],"collection":[{"href":"https:\/\/evertonfc.cz\/index.php\/wp-json\/wp\/v2\/posts"}],"about":[{"href":"https:\/\/evertonfc.cz\/index.php\/wp-json\/wp\/v2\/types\/post"}],"author":[{"embeddable":true,"href":"https:\/\/evertonfc.cz\/index.php\/wp-json\/wp\/v2\/users\/12"}],"replies":[{"embeddable":true,"href":"https:\/\/evertonfc.cz\/index.php\/wp-json\/wp\/v2\/comments?post=9867"}],"version-history":[{"count":4,"href":"https:\/\/evertonfc.cz\/index.php\/wp-json\/wp\/v2\/posts\/9867\/revisions"}],"predecessor-version":[{"id":9872,"href":"https:\/\/evertonfc.cz\/index.php\/wp-json\/wp\/v2\/posts\/9867\/revisions\/9872"}],"wp:featuredmedia":[{"embeddable":true,"href":"https:\/\/evertonfc.cz\/index.php\/wp-json\/wp\/v2\/media\/9869"}],"wp:attachment":[{"href":"https:\/\/evertonfc.cz\/index.php\/wp-json\/wp\/v2\/media?parent=9867"}],"wp:term":[{"taxonomy":"category","embeddable":true,"href":"https:\/\/evertonfc.cz\/index.php\/wp-json\/wp\/v2\/categories?post=9867"},{"taxonomy":"post_tag","embeddable":true,"href":"https:\/\/evertonfc.cz\/index.php\/wp-json\/wp\/v2\/tags?post=9867"}],"curies":[{"name":"wp","href":"https:\/\/api.w.org\/{rel}","templated":true}]}}