{"id":9900,"date":"2019-12-25T14:51:25","date_gmt":"2019-12-25T13:51:25","guid":{"rendered":"https:\/\/evertonfc.cz\/?p=9900"},"modified":"2021-03-12T10:44:28","modified_gmt":"2021-03-12T09:44:28","slug":"preview-everton-burnley-26-12-2019","status":"publish","type":"post","link":"https:\/\/evertonfc.cz\/index.php\/2019\/12\/25\/preview-everton-burnley-26-12-2019\/","title":{"rendered":"Preview: Everton &#8211; Burnley"},"content":{"rendered":"<h4>Na Goodison Parku se t\u011b\u0161\u00ed ze \u0161t\u011bdr\u00fdch V\u00e1noc. Nest\u00e1v\u00e1 se toti\u017e ka\u017ed\u00fd rok, \u017ee by pod strome\u010dkem na\u0161li jednoho z nejlep\u0161\u00edch sv\u011btov\u00fdch tren\u00e9r\u016f posledn\u00edch dvou dek\u00e1d.<\/h4>\n<p>Jmenov\u00e1n\u00ed Carla Ancelottiho do funkce mana\u017eera Evertonu opravdu nebylo v\u00e1no\u010dn\u00edm snem, ale t\u011b\u017eko uv\u011b\u0159itelnou realitou. P\u0159edstavenstvu v \u010dele s majitelem Moshirim se povedl husarsk\u00fd kousek, a t\u0159eba\u017ee podpis italsk\u00e9ho strat\u00e9ga automaticky negarantuje \u00fasp\u011b\u0161n\u00e9 roky, rozhodn\u011b v\u0161ak sv\u011bd\u010d\u00ed o vysok\u00fdch ambic\u00edch klubu.<\/p>\n<p>Ancelotti se ve sv\u00e9m prvn\u00edm utk\u00e1n\u00ed na lavi\u010dce Toffees st\u0159etne na sv\u00e1te\u010dn\u00ed Boxing Day s hou\u017eevnat\u00fdm Burnley, kter\u00e9 p\u0159ij\u00ed\u017ed\u00ed na Merseyside jako des\u00e1t\u00fd celek tabulky, jen\u017e v posledn\u00edch dvou ligov\u00fdch duelech s Newcastlem (doma) a Bournemouthem (venku) shodn\u011b zv\u00edt\u011bzil 1:0.<\/p>\n<p>To Everton se nach\u00e1z\u00ed v ni\u017e\u0161\u00edch patrech tabulky. Nasb\u00edral dokonce o p\u011bt bod\u016f m\u00e9n\u011b ne\u017e Clarets a zauj\u00edm\u00e1 a\u017e 15. p\u0159\u00ed\u010dku. Nejbli\u017e\u0161\u00ed Ancelottiho c\u00edl je tak jasn\u00fd \u2013 nav\u00e1zat na poveden\u00e9 obdob\u00ed pod do\u010dasn\u00fdm mana\u017eerem Duncanem Fergusonem a pomalu stoupat tabulkou.<\/p>\n<p>60let\u00fd Ital hodl\u00e1 Toffees vtisknout \u00fato\u010dn\u00fd styl, kter\u00fd bude lahod\u00edc\u00ed oku n\u00e1ro\u010dn\u00e9ho Evertoniana a p\u0159inese ovoce v podob\u011b chutn\u00fdch bod\u016f. Jak Ancelotti prohl\u00e1sil na tiskov\u00e9 konferenci, v nadch\u00e1zej\u00edc\u00edch z\u00e1pasech ale je\u0161t\u011b nechce prov\u00e1d\u011bt velk\u00e9 zm\u011bny, co\u017e je pochopiteln\u00e9, proto\u017ee n\u00e1ro\u010dn\u00fd program \u2013 Everton \u010dekaj\u00ed t\u0159i utk\u00e1n\u00ed v \u0161esti dnech \u2013 neposkytne mnoho \u010dasu na propracovan\u00e9 tr\u00e9ninkov\u00e9 jednotky.<\/p>\n<p>Ancelotti v\u0161ak b\u011bhem sv\u00e9 tren\u00e9rsk\u00e9 dr\u00e1hy nejednou demonstroval, \u017ee um\u00ed sv\u016fj hern\u00ed styl p\u0159izp\u016fsobit dostupn\u00e9mu hr\u00e1\u010dsk\u00e9mu materi\u00e1lu, proto by nem\u011blo b\u00fdt pot\u0159ebn\u00e9 \u010dekat na mnohomilionov\u00e9 investice do k\u00e1dru, aby \u201eDon Carlo\u201c aspo\u0148 nazna\u010dil sv\u016fj potenci\u00e1l. I kdy\u017e men\u0161\u00ed posiln\u011bn\u00ed t\u00fdmu v lednu bude bezesporu nutn\u00e9.<\/p>\n<blockquote><p><em>\u201eVe fotbale nic nen\u00ed nemo\u017en\u00e9.\u201c <\/em>Carlo Ancelotti ohledn\u011b ambic\u00ed Evertonu<\/p><\/blockquote>\n<p>Toffees p\u0159ed rokem na Boxing Day <a href=\"https:\/\/evertonfc.cz\/index.php\/2018\/12\/27\/burnley-everton-15\/\" target=\"_blank\" rel=\"noopener noreferrer\">rozdrtili Burnley na jeho h\u0159i\u0161ti 5:1<\/a>, podobn\u00fd v\u00fdsledek by byl ve \u010dtvrtek velmi v\u00edtan\u00fd. Recept na poko\u0159en\u00ed dru\u017einy Seana Dychea tkv\u00ed v aktivn\u00edm pojet\u00ed fotbalu s d\u00e1vkou kreativity \u2013 tedy p\u0159esn\u011b opak toho, co Everton p\u0159edvedl <a href=\"https:\/\/evertonfc.cz\/index.php\/2019\/10\/05\/burnley-everton-10\/\" target=\"_blank\" rel=\"noopener noreferrer\">ve vz\u00e1jemn\u00e9m \u0159\u00edjnov\u00e9m souboji<\/a> nebo <a href=\"https:\/\/evertonfc.cz\/index.php\/2019\/12\/22\/everton-arsenal-00\/\" target=\"_blank\" rel=\"noopener noreferrer\">posledn\u00edm ligov\u00e9m st\u0159etnut\u00ed s Arsenalem<\/a>.<\/p>\n<p>Blues bude nov\u011b dva a\u017e t\u0159i t\u00fddny chyb\u011bt kv\u016fli svalov\u00fdm pot\u00ed\u017e\u00edm Alex Iwobi. Z marodky se naopak pomalu vrac\u00ed Theo Walcott, k dispozici bude ale nejsp\u00ed\u0161e a\u017e pro sobotn\u00ed z\u00e1pas s Newcastlem. Morgan Schneiderlin za\u010dne s tr\u00e9ninkem a\u017e o v\u00edkendu, tak\u017ee stejn\u011b jako dlouhodob\u011b zran\u011bn\u00ed Gbamin a Gomes ur\u010dit\u011b zme\u0161k\u00e1 duel s Burnley.<\/p>\n<p>Clarets postr\u00e1daj\u00ed z\u00e1lo\u017en\u00edka Jeffa Hendricka kv\u016fli trestu za p\u011bt nasb\u00edran\u00fdch \u017elut\u00fdch karet. O startech Gibsona, Gudmundssona a Lennona se rozhodne a\u017e p\u0159ed v\u00fdkopem.<\/p>\n<p><strong>Co:<\/strong> Everton FC \u2013 Burnley FC, 19. kolo Premier League<br \/>\n<strong>Kdy:<\/strong> 26. 12. 2019 od 16:00 SE\u010c<br \/>\n<strong>Kde:<\/strong> Goodison Park, Liverpool (kapacita: 39 221)<br \/>\n<strong>Hlavn\u00ed rozhod\u010d\u00ed:<\/strong> Anthony Taylor<br \/>\n<strong>VAR rozhod\u010d\u00ed:<\/strong> Paul Tierney<br \/>\n<strong>\u017div\u00fd p\u0159enos Premier Sport:<\/strong> Ne, ani z\u00e1znam<\/p>\n","protected":false},"excerpt":{"rendered":"<p>Na Goodison Parku se t\u011b\u0161\u00ed ze \u0161t\u011bdr\u00fdch V\u00e1noc. Nest\u00e1v\u00e1 se toti\u017e ka\u017ed\u00fd rok, \u017ee by pod strome\u010dkem na\u0161li jednoho z nejlep\u0161\u00edch sv\u011btov\u00fdch tren\u00e9r\u016f posledn\u00edch dvou dek\u00e1d.<\/p>\n","protected":false},"author":6,"featured_media":14586,"comment_status":"open","ping_status":"closed","sticky":false,"template":"","format":"standard","meta":{"_eb_attr":"","_monsterinsights_skip_tracking":false,"_monsterinsights_sitenote_active":false,"_monsterinsights_sitenote_note":"","_monsterinsights_sitenote_category":0,"footnotes":""},"categories":[4],"tags":[],"yoast_head":"<!-- This site is optimized with the Yoast SEO plugin v23.4 - https:\/\/yoast.com\/wordpress\/plugins\/seo\/ -->\n<title>Preview: Everton - Burnley - Official Czech &amp; Slovak Everton Supporters&#039; Club<\/title>\n<meta name=\"description\" content=\"Na Goodison Parku se t\u011b\u0161\u00ed. Nest\u00e1v\u00e1 se toti\u017e ka\u017ed\u00fd rok, \u017ee by pod strome\u010dkem na\u0161li jednoho z nejlep\u0161\u00edch sv\u011btov\u00fdch tren\u00e9r\u016f posledn\u00edch dvou dek\u00e1d.\" \/>\n<meta name=\"robots\" content=\"index, follow, max-snippet:-1, max-image-preview:large, max-video-preview:-1\" \/>\n<link rel=\"canonical\" href=\"https:\/\/evertonfc.cz\/index.php\/2019\/12\/25\/preview-everton-burnley-26-12-2019\/\" \/>\n<meta property=\"og:locale\" content=\"cs_CZ\" \/>\n<meta property=\"og:type\" content=\"article\" \/>\n<meta property=\"og:title\" content=\"Preview: Everton - Burnley - Official Czech &amp; Slovak Everton Supporters&#039; Club\" \/>\n<meta property=\"og:description\" content=\"Na Goodison Parku se t\u011b\u0161\u00ed. Nest\u00e1v\u00e1 se toti\u017e ka\u017ed\u00fd rok, \u017ee by pod strome\u010dkem na\u0161li jednoho z nejlep\u0161\u00edch sv\u011btov\u00fdch tren\u00e9r\u016f posledn\u00edch dvou dek\u00e1d.\" \/>\n<meta property=\"og:url\" content=\"https:\/\/evertonfc.cz\/index.php\/2019\/12\/25\/preview-everton-burnley-26-12-2019\/\" \/>\n<meta property=\"og:site_name\" content=\"Official Czech &amp; Slovak Everton Supporters&#039; Club\" \/>\n<meta property=\"article:publisher\" content=\"https:\/\/www.facebook.com\/everton.fans.cz.sk\" \/>\n<meta property=\"article:published_time\" content=\"2019-12-25T13:51:25+00:00\" \/>\n<meta property=\"article:modified_time\" content=\"2021-03-12T09:44:28+00:00\" \/>\n<meta property=\"og:image\" content=\"https:\/\/evertonfc.cz\/wp-content\/uploads\/2021\/03\/Everton-VS-Burnley.jpg\" \/>\n\t<meta property=\"og:image:width\" content=\"720\" \/>\n\t<meta property=\"og:image:height\" content=\"405\" \/>\n\t<meta property=\"og:image:type\" content=\"image\/jpeg\" \/>\n<meta name=\"author\" content=\"Ri\u010di\" \/>\n<meta name=\"twitter:card\" content=\"summary_large_image\" \/>\n<meta name=\"twitter:creator\" content=\"@rbrejsa\" \/>\n<meta name=\"twitter:label1\" content=\"Napsal(a)\" \/>\n\t<meta name=\"twitter:data1\" content=\"Ri\u010di\" \/>\n\t<meta name=\"twitter:label2\" content=\"Odhadovan\u00e1 doba \u010dten\u00ed\" \/>\n\t<meta name=\"twitter:data2\" content=\"3 minuty\" \/>\n<script type=\"application\/ld+json\" class=\"yoast-schema-graph\">{\"@context\":\"https:\/\/schema.org\",\"@graph\":[{\"@type\":\"Article\",\"@id\":\"https:\/\/evertonfc.cz\/index.php\/2019\/12\/25\/preview-everton-burnley-26-12-2019\/#article\",\"isPartOf\":{\"@id\":\"https:\/\/evertonfc.cz\/index.php\/2019\/12\/25\/preview-everton-burnley-26-12-2019\/\"},\"author\":{\"name\":\"Ri\u010di\",\"@id\":\"https:\/\/evertonfc.cz\/#\/schema\/person\/f7a5daedb2ffee98480bc70e191aaef1\"},\"headline\":\"Preview: Everton &#8211; Burnley\",\"datePublished\":\"2019-12-25T13:51:25+00:00\",\"dateModified\":\"2021-03-12T09:44:28+00:00\",\"mainEntityOfPage\":{\"@id\":\"https:\/\/evertonfc.cz\/index.php\/2019\/12\/25\/preview-everton-burnley-26-12-2019\/\"},\"wordCount\":562,\"commentCount\":8,\"publisher\":{\"@id\":\"https:\/\/evertonfc.cz\/#organization\"},\"image\":{\"@id\":\"https:\/\/evertonfc.cz\/index.php\/2019\/12\/25\/preview-everton-burnley-26-12-2019\/#primaryimage\"},\"thumbnailUrl\":\"https:\/\/evertonfc.cz\/wp-content\/uploads\/2021\/03\/Everton-VS-Burnley.jpg\",\"articleSection\":[\"Z\u00e1pasy\"],\"inLanguage\":\"cs\",\"potentialAction\":[{\"@type\":\"CommentAction\",\"name\":\"Comment\",\"target\":[\"https:\/\/evertonfc.cz\/index.php\/2019\/12\/25\/preview-everton-burnley-26-12-2019\/#respond\"]}]},{\"@type\":\"WebPage\",\"@id\":\"https:\/\/evertonfc.cz\/index.php\/2019\/12\/25\/preview-everton-burnley-26-12-2019\/\",\"url\":\"https:\/\/evertonfc.cz\/index.php\/2019\/12\/25\/preview-everton-burnley-26-12-2019\/\",\"name\":\"Preview: Everton - Burnley - Official Czech &amp; Slovak Everton Supporters&#039; Club\",\"isPartOf\":{\"@id\":\"https:\/\/evertonfc.cz\/#website\"},\"primaryImageOfPage\":{\"@id\":\"https:\/\/evertonfc.cz\/index.php\/2019\/12\/25\/preview-everton-burnley-26-12-2019\/#primaryimage\"},\"image\":{\"@id\":\"https:\/\/evertonfc.cz\/index.php\/2019\/12\/25\/preview-everton-burnley-26-12-2019\/#primaryimage\"},\"thumbnailUrl\":\"https:\/\/evertonfc.cz\/wp-content\/uploads\/2021\/03\/Everton-VS-Burnley.jpg\",\"datePublished\":\"2019-12-25T13:51:25+00:00\",\"dateModified\":\"2021-03-12T09:44:28+00:00\",\"description\":\"Na Goodison Parku se t\u011b\u0161\u00ed. Nest\u00e1v\u00e1 se toti\u017e ka\u017ed\u00fd rok, \u017ee by pod strome\u010dkem na\u0161li jednoho z nejlep\u0161\u00edch sv\u011btov\u00fdch tren\u00e9r\u016f posledn\u00edch dvou dek\u00e1d.\",\"breadcrumb\":{\"@id\":\"https:\/\/evertonfc.cz\/index.php\/2019\/12\/25\/preview-everton-burnley-26-12-2019\/#breadcrumb\"},\"inLanguage\":\"cs\",\"potentialAction\":[{\"@type\":\"ReadAction\",\"target\":[\"https:\/\/evertonfc.cz\/index.php\/2019\/12\/25\/preview-everton-burnley-26-12-2019\/\"]}]},{\"@type\":\"ImageObject\",\"inLanguage\":\"cs\",\"@id\":\"https:\/\/evertonfc.cz\/index.php\/2019\/12\/25\/preview-everton-burnley-26-12-2019\/#primaryimage\",\"url\":\"https:\/\/evertonfc.cz\/wp-content\/uploads\/2021\/03\/Everton-VS-Burnley.jpg\",\"contentUrl\":\"https:\/\/evertonfc.cz\/wp-content\/uploads\/2021\/03\/Everton-VS-Burnley.jpg\",\"width\":720,\"height\":405},{\"@type\":\"BreadcrumbList\",\"@id\":\"https:\/\/evertonfc.cz\/index.php\/2019\/12\/25\/preview-everton-burnley-26-12-2019\/#breadcrumb\",\"itemListElement\":[{\"@type\":\"ListItem\",\"position\":1,\"name\":\"Home\",\"item\":\"https:\/\/evertonfc.cz\/\"},{\"@type\":\"ListItem\",\"position\":2,\"name\":\"Preview: Everton &#8211; Burnley\"}]},{\"@type\":\"WebSite\",\"@id\":\"https:\/\/evertonfc.cz\/#website\",\"url\":\"https:\/\/evertonfc.cz\/\",\"name\":\"Official Czech &amp; Slovak Everton Supporters&#039; Club\",\"description\":\"\",\"publisher\":{\"@id\":\"https:\/\/evertonfc.cz\/#organization\"},\"potentialAction\":[{\"@type\":\"SearchAction\",\"target\":{\"@type\":\"EntryPoint\",\"urlTemplate\":\"https:\/\/evertonfc.cz\/?s={search_term_string}\"},\"query-input\":{\"@type\":\"PropertyValueSpecification\",\"valueRequired\":true,\"valueName\":\"search_term_string\"}}],\"inLanguage\":\"cs\"},{\"@type\":\"Organization\",\"@id\":\"https:\/\/evertonfc.cz\/#organization\",\"name\":\"Official Czech & Slovak Everton Supporters' Club\",\"url\":\"https:\/\/evertonfc.cz\/\",\"logo\":{\"@type\":\"ImageObject\",\"inLanguage\":\"cs\",\"@id\":\"https:\/\/evertonfc.cz\/#\/schema\/logo\/image\/\",\"url\":\"https:\/\/evertonfc.cz\/wp-content\/uploads\/2019\/05\/logo.png\",\"contentUrl\":\"https:\/\/evertonfc.cz\/wp-content\/uploads\/2019\/05\/logo.png\",\"width\":112,\"height\":112,\"caption\":\"Official Czech & Slovak Everton Supporters' Club\"},\"image\":{\"@id\":\"https:\/\/evertonfc.cz\/#\/schema\/logo\/image\/\"},\"sameAs\":[\"https:\/\/www.facebook.com\/everton.fans.cz.sk\"]},{\"@type\":\"Person\",\"@id\":\"https:\/\/evertonfc.cz\/#\/schema\/person\/f7a5daedb2ffee98480bc70e191aaef1\",\"name\":\"Ri\u010di\",\"sameAs\":[\"https:\/\/x.com\/rbrejsa\"],\"url\":\"https:\/\/evertonfc.cz\/index.php\/author\/rici\/\"}]}<\/script>\n<!-- \/ Yoast SEO plugin. -->","yoast_head_json":{"title":"Preview: Everton - Burnley - Official Czech &amp; Slovak Everton Supporters&#039; Club","description":"Na Goodison Parku se t\u011b\u0161\u00ed. Nest\u00e1v\u00e1 se toti\u017e ka\u017ed\u00fd rok, \u017ee by pod strome\u010dkem na\u0161li jednoho z nejlep\u0161\u00edch sv\u011btov\u00fdch tren\u00e9r\u016f posledn\u00edch dvou dek\u00e1d.","robots":{"index":"index","follow":"follow","max-snippet":"max-snippet:-1","max-image-preview":"max-image-preview:large","max-video-preview":"max-video-preview:-1"},"canonical":"https:\/\/evertonfc.cz\/index.php\/2019\/12\/25\/preview-everton-burnley-26-12-2019\/","og_locale":"cs_CZ","og_type":"article","og_title":"Preview: Everton - Burnley - Official Czech &amp; Slovak Everton Supporters&#039; Club","og_description":"Na Goodison Parku se t\u011b\u0161\u00ed. Nest\u00e1v\u00e1 se toti\u017e ka\u017ed\u00fd rok, \u017ee by pod strome\u010dkem na\u0161li jednoho z nejlep\u0161\u00edch sv\u011btov\u00fdch tren\u00e9r\u016f posledn\u00edch dvou dek\u00e1d.","og_url":"https:\/\/evertonfc.cz\/index.php\/2019\/12\/25\/preview-everton-burnley-26-12-2019\/","og_site_name":"Official Czech &amp; Slovak Everton Supporters&#039; Club","article_publisher":"https:\/\/www.facebook.com\/everton.fans.cz.sk","article_published_time":"2019-12-25T13:51:25+00:00","article_modified_time":"2021-03-12T09:44:28+00:00","og_image":[{"width":720,"height":405,"url":"https:\/\/evertonfc.cz\/wp-content\/uploads\/2021\/03\/Everton-VS-Burnley.jpg","type":"image\/jpeg"}],"author":"Ri\u010di","twitter_card":"summary_large_image","twitter_creator":"@rbrejsa","twitter_misc":{"Napsal(a)":"Ri\u010di","Odhadovan\u00e1 doba \u010dten\u00ed":"3 minuty"},"schema":{"@context":"https:\/\/schema.org","@graph":[{"@type":"Article","@id":"https:\/\/evertonfc.cz\/index.php\/2019\/12\/25\/preview-everton-burnley-26-12-2019\/#article","isPartOf":{"@id":"https:\/\/evertonfc.cz\/index.php\/2019\/12\/25\/preview-everton-burnley-26-12-2019\/"},"author":{"name":"Ri\u010di","@id":"https:\/\/evertonfc.cz\/#\/schema\/person\/f7a5daedb2ffee98480bc70e191aaef1"},"headline":"Preview: Everton &#8211; Burnley","datePublished":"2019-12-25T13:51:25+00:00","dateModified":"2021-03-12T09:44:28+00:00","mainEntityOfPage":{"@id":"https:\/\/evertonfc.cz\/index.php\/2019\/12\/25\/preview-everton-burnley-26-12-2019\/"},"wordCount":562,"commentCount":8,"publisher":{"@id":"https:\/\/evertonfc.cz\/#organization"},"image":{"@id":"https:\/\/evertonfc.cz\/index.php\/2019\/12\/25\/preview-everton-burnley-26-12-2019\/#primaryimage"},"thumbnailUrl":"https:\/\/evertonfc.cz\/wp-content\/uploads\/2021\/03\/Everton-VS-Burnley.jpg","articleSection":["Z\u00e1pasy"],"inLanguage":"cs","potentialAction":[{"@type":"CommentAction","name":"Comment","target":["https:\/\/evertonfc.cz\/index.php\/2019\/12\/25\/preview-everton-burnley-26-12-2019\/#respond"]}]},{"@type":"WebPage","@id":"https:\/\/evertonfc.cz\/index.php\/2019\/12\/25\/preview-everton-burnley-26-12-2019\/","url":"https:\/\/evertonfc.cz\/index.php\/2019\/12\/25\/preview-everton-burnley-26-12-2019\/","name":"Preview: Everton - Burnley - Official Czech &amp; Slovak Everton Supporters&#039; Club","isPartOf":{"@id":"https:\/\/evertonfc.cz\/#website"},"primaryImageOfPage":{"@id":"https:\/\/evertonfc.cz\/index.php\/2019\/12\/25\/preview-everton-burnley-26-12-2019\/#primaryimage"},"image":{"@id":"https:\/\/evertonfc.cz\/index.php\/2019\/12\/25\/preview-everton-burnley-26-12-2019\/#primaryimage"},"thumbnailUrl":"https:\/\/evertonfc.cz\/wp-content\/uploads\/2021\/03\/Everton-VS-Burnley.jpg","datePublished":"2019-12-25T13:51:25+00:00","dateModified":"2021-03-12T09:44:28+00:00","description":"Na Goodison Parku se t\u011b\u0161\u00ed. Nest\u00e1v\u00e1 se toti\u017e ka\u017ed\u00fd rok, \u017ee by pod strome\u010dkem na\u0161li jednoho z nejlep\u0161\u00edch sv\u011btov\u00fdch tren\u00e9r\u016f posledn\u00edch dvou dek\u00e1d.","breadcrumb":{"@id":"https:\/\/evertonfc.cz\/index.php\/2019\/12\/25\/preview-everton-burnley-26-12-2019\/#breadcrumb"},"inLanguage":"cs","potentialAction":[{"@type":"ReadAction","target":["https:\/\/evertonfc.cz\/index.php\/2019\/12\/25\/preview-everton-burnley-26-12-2019\/"]}]},{"@type":"ImageObject","inLanguage":"cs","@id":"https:\/\/evertonfc.cz\/index.php\/2019\/12\/25\/preview-everton-burnley-26-12-2019\/#primaryimage","url":"https:\/\/evertonfc.cz\/wp-content\/uploads\/2021\/03\/Everton-VS-Burnley.jpg","contentUrl":"https:\/\/evertonfc.cz\/wp-content\/uploads\/2021\/03\/Everton-VS-Burnley.jpg","width":720,"height":405},{"@type":"BreadcrumbList","@id":"https:\/\/evertonfc.cz\/index.php\/2019\/12\/25\/preview-everton-burnley-26-12-2019\/#breadcrumb","itemListElement":[{"@type":"ListItem","position":1,"name":"Home","item":"https:\/\/evertonfc.cz\/"},{"@type":"ListItem","position":2,"name":"Preview: Everton &#8211; Burnley"}]},{"@type":"WebSite","@id":"https:\/\/evertonfc.cz\/#website","url":"https:\/\/evertonfc.cz\/","name":"Official Czech &amp; Slovak Everton Supporters&#039; Club","description":"","publisher":{"@id":"https:\/\/evertonfc.cz\/#organization"},"potentialAction":[{"@type":"SearchAction","target":{"@type":"EntryPoint","urlTemplate":"https:\/\/evertonfc.cz\/?s={search_term_string}"},"query-input":{"@type":"PropertyValueSpecification","valueRequired":true,"valueName":"search_term_string"}}],"inLanguage":"cs"},{"@type":"Organization","@id":"https:\/\/evertonfc.cz\/#organization","name":"Official Czech & Slovak Everton Supporters' Club","url":"https:\/\/evertonfc.cz\/","logo":{"@type":"ImageObject","inLanguage":"cs","@id":"https:\/\/evertonfc.cz\/#\/schema\/logo\/image\/","url":"https:\/\/evertonfc.cz\/wp-content\/uploads\/2019\/05\/logo.png","contentUrl":"https:\/\/evertonfc.cz\/wp-content\/uploads\/2019\/05\/logo.png","width":112,"height":112,"caption":"Official Czech & Slovak Everton Supporters' Club"},"image":{"@id":"https:\/\/evertonfc.cz\/#\/schema\/logo\/image\/"},"sameAs":["https:\/\/www.facebook.com\/everton.fans.cz.sk"]},{"@type":"Person","@id":"https:\/\/evertonfc.cz\/#\/schema\/person\/f7a5daedb2ffee98480bc70e191aaef1","name":"Ri\u010di","sameAs":["https:\/\/x.com\/rbrejsa"],"url":"https:\/\/evertonfc.cz\/index.php\/author\/rici\/"}]}},"_links":{"self":[{"href":"https:\/\/evertonfc.cz\/index.php\/wp-json\/wp\/v2\/posts\/9900"}],"collection":[{"href":"https:\/\/evertonfc.cz\/index.php\/wp-json\/wp\/v2\/posts"}],"about":[{"href":"https:\/\/evertonfc.cz\/index.php\/wp-json\/wp\/v2\/types\/post"}],"author":[{"embeddable":true,"href":"https:\/\/evertonfc.cz\/index.php\/wp-json\/wp\/v2\/users\/6"}],"replies":[{"embeddable":true,"href":"https:\/\/evertonfc.cz\/index.php\/wp-json\/wp\/v2\/comments?post=9900"}],"version-history":[{"count":4,"href":"https:\/\/evertonfc.cz\/index.php\/wp-json\/wp\/v2\/posts\/9900\/revisions"}],"predecessor-version":[{"id":9905,"href":"https:\/\/evertonfc.cz\/index.php\/wp-json\/wp\/v2\/posts\/9900\/revisions\/9905"}],"wp:featuredmedia":[{"embeddable":true,"href":"https:\/\/evertonfc.cz\/index.php\/wp-json\/wp\/v2\/media\/14586"}],"wp:attachment":[{"href":"https:\/\/evertonfc.cz\/index.php\/wp-json\/wp\/v2\/media?parent=9900"}],"wp:term":[{"taxonomy":"category","embeddable":true,"href":"https:\/\/evertonfc.cz\/index.php\/wp-json\/wp\/v2\/categories?post=9900"},{"taxonomy":"post_tag","embeddable":true,"href":"https:\/\/evertonfc.cz\/index.php\/wp-json\/wp\/v2\/tags?post=9900"}],"curies":[{"name":"wp","href":"https:\/\/api.w.org\/{rel}","templated":true}]}}