{"id":9914,"date":"2020-01-31T21:54:54","date_gmt":"2020-01-31T20:54:54","guid":{"rendered":"https:\/\/evertonfc.cz\/?p=9914"},"modified":"2021-12-27T12:00:13","modified_gmt":"2021-12-27T11:00:13","slug":"prestupova-zima-2020","status":"publish","type":"post","link":"https:\/\/evertonfc.cz\/index.php\/2020\/01\/31\/prestupova-zima-2020\/","title":{"rendered":"P\u0159estupov\u00e1 zima 2020"},"content":{"rendered":"<h4>Everton podle o\u010dek\u00e1v\u00e1n\u00ed v lednov\u00e9m p\u0159estupov\u00e9m okn\u011b roku 2020 nevyk\u00e1zal velkou aktivitu na p\u0159estupov\u00e9m trhu.<\/h4>\n<hr \/>\n<h4>P\u0159ed za\u010d\u00e1tkem p\u0159estupov\u00e9 okna<\/h4>\n<p>S \u00faderem nov\u00e9ho roku 2020 se otev\u0159e lednov\u00e9 p\u0159estupov\u00e9 okno, b\u011bhem n\u011bho\u017e se ned\u00e1 o\u010dek\u00e1vat velk\u00e1 aktivita Evertonu. Ani \u00fapln\u00e1 pasivita ov\u0161em nen\u00ed v pl\u00e1nu.<\/p>\n<p>P\u0159estupov\u00e9 obdob\u00ed skon\u010d\u00ed v Anglii a nejlep\u0161\u00edch z\u00e1padn\u00edch lig\u00e1ch s lednem, nebo-li o p\u016flnoci st\u0159edoevropsk\u00e9 \u010dasu p\u00e1te\u010dn\u00edho dne 31. 1. Prvn\u00ed \u00fanorov\u00fd den se bude moct je\u0161t\u011b obchodovat v Portugalsku, v Rusku pot\u00e9 do 21. \u00fanora a v \u010c\u00edn\u011b a\u017e do 27. \u00fanora.<\/p>\n<p>Toffees i p\u0159es hor\u0161\u00ed sez\u00f3nu nep\u0159ipravuj\u00ed v\u00fdrazn\u00e9 posilov\u00e1n\u00ed. Sportovn\u00ed \u0159editel Marcel Brands nen\u00ed p\u0159\u00edznivcem nakupov\u00e1n\u00ed uprost\u0159ed sez\u00f3ny, kdy nabit\u00fd program zt\u011b\u017euje adaptaci nov\u00e9ho hr\u00e1\u010de. Klub nav\u00edc nedisponuje mnoha prost\u0159edky, kter\u00e9 m\u016f\u017ee investovat do k\u00e1dru. 14. ledna na v\u00fdro\u010dn\u00ed \u010dlensk\u00e9 sch\u016fzi bude ohl\u00e1\u0161en rekordn\u00ed ztr\u00e1tov\u00fd rok v historii, s \u010d\u00edm\u017e se tak\u00e9 v\u00e1\u017ee hrozba poru\u0161en\u00ed finan\u010dn\u00edho fair play pravidla UEFA.<\/p>\n<p>Nov\u00fd mana\u017eer Carlo Ancelotti nicm\u00e9n\u011b <a href=\"https:\/\/www.liverpoolecho.co.uk\/sport\/football\/football-news\/everton-transfer-news-carlo-ancelotti-17471965\" target=\"_blank\" rel=\"noopener noreferrer\">p\u0159ipustil mo\u017enost pos\u00edlen\u00ed k\u00e1dru o jednoho a\u017e dva hr\u00e1\u010de<\/a>, p\u0159esn\u00e9 pl\u00e1ny vzejdou z detailn\u00ed sch\u016fzky s Brandsem. Ta se p\u0159itom nejsp\u00ed\u0161e uskute\u010dn\u00ed a\u017e po 5. lednu, jakmile pomine nahu\u0161t\u011bn\u00e1 \u010dty\u0159z\u00e1pasov\u00e1 s\u00e9rie ohrani\u010duj\u00edc\u00ed za\u010d\u00e1tek nov\u00e9ho roku.<\/p>\n<p>Ancelotti d\u00e1le odtajnil, \u017ee se <a href=\"https:\/\/www.liverpoolecho.co.uk\/sport\/football\/transfer-news\/everton-carlo-ancelotti-transfer-striker-17478237\" target=\"_blank\" rel=\"noopener noreferrer\">Everton prim\u00e1rn\u011b nebude poohl\u00ed\u017eet po \u00fato\u010dn\u00edkovi<\/a>. V p\u0159\u00edpad\u011b prodej\u016f Cenka Tosuna a Oumara Niasseho by v\u0161ak p\u0159\u00edchod hrota p\u0159ich\u00e1zel v \u00favahu. O probl\u00e9mech na centr\u00e1ln\u00edch pozic\u00edch v obran\u011b i z\u00e1loze se v\u0161eobecn\u011b v\u00ed.<\/p>\n<hr \/>\n<h4>Uzav\u0159en\u00e9 p\u0159estupy<\/h4>\n<p><strong>P\u0159\u00edchody<br \/>\n<\/strong><\/p>\n<ul>\n<li><a href=\"https:\/\/evertonfc.cz\/index.php\/news\/dowell-z-derby-do-wiganu\/\" target=\"_blank\" rel=\"noopener noreferrer\"><strong>Kieran Dowell<\/strong> (Derby County \u2013 n\u00e1vrat z hostov\u00e1n\u00ed)<\/a> <sup>03. 01.<\/sup><\/li>\n<li><a href=\"https:\/\/evertonfc.cz\/index.php\/news\/dalsi-neuspesne-hostovani-mladika\/\" target=\"_blank\" rel=\"noopener noreferrer\"><strong>Korede Adedoyin<\/strong>\u00a0(Hamilton Academical \u2013 n\u00e1vrat z hostov\u00e1n\u00ed)<\/a> <sup>04. 01.<\/sup><\/li>\n<li><a href=\"https:\/\/evertonfc.cz\/index.php\/news\/connolly-meni-staci-hostovani\/\" target=\"_blank\" rel=\"noopener noreferrer\"><strong>Callum Connolly<\/strong> (Lincoln City \u2013 n\u00e1vrat z hostov\u00e1n\u00ed)<\/a> <sup>06. 01.<\/sup><\/li>\n<li><a href=\"https:\/\/evertonfc.cz\/index.php\/news\/virginia-konci-v-readingu\/\" target=\"_blank\" rel=\"noopener noreferrer\"><strong>Jo\u00e3o Virg\u00ednia<\/strong> (Reading \u2013 n\u00e1vrat z hostov\u00e1n\u00ed)<\/a> <sup>07. 01.<\/sup><\/li>\n<li><a href=\"https:\/\/evertonfc.cz\/index.php\/news\/everton-ziskal-mladeho-stopera\/\" target=\"_blank\" rel=\"noopener noreferrer\"><strong>Jarrad Branthwaite<\/strong> (Carlisle United \u2013 nezve\u0159ejn\u011bn\u00e1 \u010d\u00e1stka, podle m\u00e9di\u00ed \u00a30,75+0,25m)<\/a> <sup>13. 01.<\/sup><\/li>\n<\/ul>\n<p><strong>Odchody<\/strong><\/p>\n<ul>\n<li><a href=\"https:\/\/evertonfc.cz\/index.php\/news\/dowell-z-derby-do-wiganu\/\" target=\"_blank\" rel=\"noopener noreferrer\"><strong>Kieran Dowell<\/strong> (Wigan Athletic \u2013 hostov\u00e1n\u00ed do konce sez\u00f3ny)<\/a> <sup>03. 01.<\/sup><\/li>\n<li><a href=\"https:\/\/evertonfc.cz\/index.php\/news\/connolly-meni-staci-hostovani\/\" target=\"_blank\" rel=\"noopener noreferrer\"><b>Callum Connolly <\/b>(Fletwood Town \u2013 hostov\u00e1n\u00ed do konce sez\u00f3ny)<\/a> <sup>06. 01.<\/sup><\/li>\n<li><a href=\"https:\/\/evertonfc.cz\/index.php\/2020\/01\/10\/tosun-hostuje-v-palace\/\" target=\"_blank\" rel=\"noopener noreferrer\"><b>Cenk Tosun <\/b>(Crystal Palace \u2013 hostov\u00e1n\u00ed do konce sez\u00f3ny)<\/a> <sup>10. 01.<\/sup><\/li>\n<li><a href=\"https:\/\/evertonfc.cz\/index.php\/news\/charsley-nadobro-opustil-toffees\/\" target=\"_blank\" rel=\"noopener noreferrer\"><strong>Harry Charsley<\/strong> (Mansfield Town \u2013 voln\u00fd hr\u00e1\u010d)<\/a> <sup>14. 01.<\/sup><\/li>\n<li><a href=\"https:\/\/evertonfc.cz\/index.php\/news\/evans-do-bundesligoveho-padebornu\/\" target=\"_blank\" rel=\"noopener noreferrer\"><strong>Antony Evans<\/strong> (SC Paderborn 07 \u2013 nezve\u0159ejn\u011bn\u00e1 \u010d\u00e1stka)<\/a> <sup>29. 01.<\/sup><\/li>\n<li><a href=\"https:\/\/evertonfc.cz\/index.php\/news\/gibson-s-novou-smlouvu-a-ve-fleetwoodu\/\" target=\"_blank\" rel=\"noopener noreferrer\"><b>Lewis Gibson <\/b>(Fletwood Town \u2013 hostov\u00e1n\u00ed do konce sez\u00f3ny) <\/a><sup>31. 01<\/sup><\/li>\n<li><a href=\"https:\/\/evertonfc.cz\/index.php\/news\/feeney-hostuje-v-tranmere\/\" target=\"_blank\" rel=\"noopener noreferrer\"><b>Morgan Feeney <\/b>(Tranmere Rovers \u2013 hostov\u00e1n\u00ed do konce sez\u00f3ny)<\/a> <sup>31. 01<\/sup><\/li>\n<li><a href=\"https:\/\/evertonfc.cz\/index.php\/news\/lossl-hostem-v-huddersfieldu\/\" target=\"_blank\" rel=\"noopener noreferrer\"><strong>Jonas L\u00f6ssl<\/strong> (Huddersfield Town \u2013\u00a0hostov\u00e1n\u00ed do konce sez\u00f3ny)<\/a> <sup>31. 01.<\/sup><\/li>\n<\/ul>\n","protected":false},"excerpt":{"rendered":"<p>Everton podle o\u010dek\u00e1v\u00e1n\u00ed v lednov\u00e9m p\u0159estupov\u00e9m okn\u011b roku 2020 nevyk\u00e1zal velkou aktivitu na p\u0159estupov\u00e9m trhu.<\/p>\n","protected":false},"author":6,"featured_media":10247,"comment_status":"open","ping_status":"closed","sticky":false,"template":"","format":"standard","meta":{"_eb_attr":"","_monsterinsights_skip_tracking":false,"_monsterinsights_sitenote_active":false,"_monsterinsights_sitenote_note":"","_monsterinsights_sitenote_category":0,"footnotes":""},"categories":[41],"tags":[],"yoast_head":"<!-- This site is optimized with the Yoast SEO plugin v23.4 - https:\/\/yoast.com\/wordpress\/plugins\/seo\/ -->\n<title>P\u0159estupov\u00e1 zima 2020 - Official Czech &amp; Slovak Everton Supporters&#039; Club<\/title>\n<meta name=\"description\" content=\"S \u00faderem nov\u00e9ho roku 2020 se otev\u0159e lednov\u00e9 p\u0159estupov\u00e9 okno, b\u011bhem n\u011bho\u017e se ned\u00e1 o\u010dek\u00e1vat velk\u00e1 aktivita Evertonu. Ani \u00fapln\u00e1 pasavita ov\u0161em nen\u00ed v pl\u00e1nu.\" \/>\n<meta name=\"robots\" content=\"index, follow, max-snippet:-1, max-image-preview:large, max-video-preview:-1\" \/>\n<link rel=\"canonical\" href=\"https:\/\/evertonfc.cz\/index.php\/2020\/01\/31\/prestupova-zima-2020\/\" \/>\n<meta property=\"og:locale\" content=\"cs_CZ\" \/>\n<meta property=\"og:type\" content=\"article\" \/>\n<meta property=\"og:title\" content=\"P\u0159estupov\u00e1 zima 2020 - Official Czech &amp; Slovak Everton Supporters&#039; Club\" \/>\n<meta property=\"og:description\" content=\"S \u00faderem nov\u00e9ho roku 2020 se otev\u0159e lednov\u00e9 p\u0159estupov\u00e9 okno, b\u011bhem n\u011bho\u017e se ned\u00e1 o\u010dek\u00e1vat velk\u00e1 aktivita Evertonu. Ani \u00fapln\u00e1 pasavita ov\u0161em nen\u00ed v pl\u00e1nu.\" \/>\n<meta property=\"og:url\" content=\"https:\/\/evertonfc.cz\/index.php\/2020\/01\/31\/prestupova-zima-2020\/\" \/>\n<meta property=\"og:site_name\" content=\"Official Czech &amp; Slovak Everton Supporters&#039; Club\" \/>\n<meta property=\"article:publisher\" content=\"https:\/\/www.facebook.com\/everton.fans.cz.sk\" \/>\n<meta property=\"article:published_time\" content=\"2020-01-31T20:54:54+00:00\" \/>\n<meta property=\"article:modified_time\" content=\"2021-12-27T11:00:13+00:00\" \/>\n<meta property=\"og:image\" content=\"https:\/\/evertonfc.cz\/wp-content\/uploads\/2020\/02\/Brands-Ancelotti.jpg\" \/>\n\t<meta property=\"og:image:width\" content=\"720\" \/>\n\t<meta property=\"og:image:height\" content=\"405\" \/>\n\t<meta property=\"og:image:type\" content=\"image\/jpeg\" \/>\n<meta name=\"author\" content=\"Ri\u010di\" \/>\n<meta name=\"twitter:card\" content=\"summary_large_image\" \/>\n<meta name=\"twitter:creator\" content=\"@rbrejsa\" \/>\n<meta name=\"twitter:label1\" content=\"Napsal(a)\" \/>\n\t<meta name=\"twitter:data1\" content=\"Ri\u010di\" \/>\n\t<meta name=\"twitter:label2\" content=\"Odhadovan\u00e1 doba \u010dten\u00ed\" \/>\n\t<meta name=\"twitter:data2\" content=\"2 minuty\" \/>\n<script type=\"application\/ld+json\" class=\"yoast-schema-graph\">{\"@context\":\"https:\/\/schema.org\",\"@graph\":[{\"@type\":\"Article\",\"@id\":\"https:\/\/evertonfc.cz\/index.php\/2020\/01\/31\/prestupova-zima-2020\/#article\",\"isPartOf\":{\"@id\":\"https:\/\/evertonfc.cz\/index.php\/2020\/01\/31\/prestupova-zima-2020\/\"},\"author\":{\"name\":\"Ri\u010di\",\"@id\":\"https:\/\/evertonfc.cz\/#\/schema\/person\/f7a5daedb2ffee98480bc70e191aaef1\"},\"headline\":\"P\u0159estupov\u00e1 zima 2020\",\"datePublished\":\"2020-01-31T20:54:54+00:00\",\"dateModified\":\"2021-12-27T11:00:13+00:00\",\"mainEntityOfPage\":{\"@id\":\"https:\/\/evertonfc.cz\/index.php\/2020\/01\/31\/prestupova-zima-2020\/\"},\"wordCount\":445,\"commentCount\":45,\"publisher\":{\"@id\":\"https:\/\/evertonfc.cz\/#organization\"},\"image\":{\"@id\":\"https:\/\/evertonfc.cz\/index.php\/2020\/01\/31\/prestupova-zima-2020\/#primaryimage\"},\"thumbnailUrl\":\"https:\/\/evertonfc.cz\/wp-content\/uploads\/2020\/02\/Brands-Ancelotti.jpg\",\"articleSection\":[\"P\u0159estupy\"],\"inLanguage\":\"cs\",\"potentialAction\":[{\"@type\":\"CommentAction\",\"name\":\"Comment\",\"target\":[\"https:\/\/evertonfc.cz\/index.php\/2020\/01\/31\/prestupova-zima-2020\/#respond\"]}]},{\"@type\":\"WebPage\",\"@id\":\"https:\/\/evertonfc.cz\/index.php\/2020\/01\/31\/prestupova-zima-2020\/\",\"url\":\"https:\/\/evertonfc.cz\/index.php\/2020\/01\/31\/prestupova-zima-2020\/\",\"name\":\"P\u0159estupov\u00e1 zima 2020 - Official Czech &amp; Slovak Everton Supporters&#039; Club\",\"isPartOf\":{\"@id\":\"https:\/\/evertonfc.cz\/#website\"},\"primaryImageOfPage\":{\"@id\":\"https:\/\/evertonfc.cz\/index.php\/2020\/01\/31\/prestupova-zima-2020\/#primaryimage\"},\"image\":{\"@id\":\"https:\/\/evertonfc.cz\/index.php\/2020\/01\/31\/prestupova-zima-2020\/#primaryimage\"},\"thumbnailUrl\":\"https:\/\/evertonfc.cz\/wp-content\/uploads\/2020\/02\/Brands-Ancelotti.jpg\",\"datePublished\":\"2020-01-31T20:54:54+00:00\",\"dateModified\":\"2021-12-27T11:00:13+00:00\",\"description\":\"S \u00faderem nov\u00e9ho roku 2020 se otev\u0159e lednov\u00e9 p\u0159estupov\u00e9 okno, b\u011bhem n\u011bho\u017e se ned\u00e1 o\u010dek\u00e1vat velk\u00e1 aktivita Evertonu. Ani \u00fapln\u00e1 pasavita ov\u0161em nen\u00ed v pl\u00e1nu.\",\"breadcrumb\":{\"@id\":\"https:\/\/evertonfc.cz\/index.php\/2020\/01\/31\/prestupova-zima-2020\/#breadcrumb\"},\"inLanguage\":\"cs\",\"potentialAction\":[{\"@type\":\"ReadAction\",\"target\":[\"https:\/\/evertonfc.cz\/index.php\/2020\/01\/31\/prestupova-zima-2020\/\"]}]},{\"@type\":\"ImageObject\",\"inLanguage\":\"cs\",\"@id\":\"https:\/\/evertonfc.cz\/index.php\/2020\/01\/31\/prestupova-zima-2020\/#primaryimage\",\"url\":\"https:\/\/evertonfc.cz\/wp-content\/uploads\/2020\/02\/Brands-Ancelotti.jpg\",\"contentUrl\":\"https:\/\/evertonfc.cz\/wp-content\/uploads\/2020\/02\/Brands-Ancelotti.jpg\",\"width\":720,\"height\":405},{\"@type\":\"BreadcrumbList\",\"@id\":\"https:\/\/evertonfc.cz\/index.php\/2020\/01\/31\/prestupova-zima-2020\/#breadcrumb\",\"itemListElement\":[{\"@type\":\"ListItem\",\"position\":1,\"name\":\"Home\",\"item\":\"https:\/\/evertonfc.cz\/\"},{\"@type\":\"ListItem\",\"position\":2,\"name\":\"P\u0159estupov\u00e1 zima 2020\"}]},{\"@type\":\"WebSite\",\"@id\":\"https:\/\/evertonfc.cz\/#website\",\"url\":\"https:\/\/evertonfc.cz\/\",\"name\":\"Official Czech &amp; Slovak Everton Supporters&#039; Club\",\"description\":\"\",\"publisher\":{\"@id\":\"https:\/\/evertonfc.cz\/#organization\"},\"potentialAction\":[{\"@type\":\"SearchAction\",\"target\":{\"@type\":\"EntryPoint\",\"urlTemplate\":\"https:\/\/evertonfc.cz\/?s={search_term_string}\"},\"query-input\":{\"@type\":\"PropertyValueSpecification\",\"valueRequired\":true,\"valueName\":\"search_term_string\"}}],\"inLanguage\":\"cs\"},{\"@type\":\"Organization\",\"@id\":\"https:\/\/evertonfc.cz\/#organization\",\"name\":\"Official Czech & Slovak Everton Supporters' Club\",\"url\":\"https:\/\/evertonfc.cz\/\",\"logo\":{\"@type\":\"ImageObject\",\"inLanguage\":\"cs\",\"@id\":\"https:\/\/evertonfc.cz\/#\/schema\/logo\/image\/\",\"url\":\"https:\/\/evertonfc.cz\/wp-content\/uploads\/2019\/05\/logo.png\",\"contentUrl\":\"https:\/\/evertonfc.cz\/wp-content\/uploads\/2019\/05\/logo.png\",\"width\":112,\"height\":112,\"caption\":\"Official Czech & Slovak Everton Supporters' Club\"},\"image\":{\"@id\":\"https:\/\/evertonfc.cz\/#\/schema\/logo\/image\/\"},\"sameAs\":[\"https:\/\/www.facebook.com\/everton.fans.cz.sk\"]},{\"@type\":\"Person\",\"@id\":\"https:\/\/evertonfc.cz\/#\/schema\/person\/f7a5daedb2ffee98480bc70e191aaef1\",\"name\":\"Ri\u010di\",\"sameAs\":[\"https:\/\/x.com\/rbrejsa\"],\"url\":\"https:\/\/evertonfc.cz\/index.php\/author\/rici\/\"}]}<\/script>\n<!-- \/ Yoast SEO plugin. -->","yoast_head_json":{"title":"P\u0159estupov\u00e1 zima 2020 - Official Czech &amp; Slovak Everton Supporters&#039; Club","description":"S \u00faderem nov\u00e9ho roku 2020 se otev\u0159e lednov\u00e9 p\u0159estupov\u00e9 okno, b\u011bhem n\u011bho\u017e se ned\u00e1 o\u010dek\u00e1vat velk\u00e1 aktivita Evertonu. Ani \u00fapln\u00e1 pasavita ov\u0161em nen\u00ed v pl\u00e1nu.","robots":{"index":"index","follow":"follow","max-snippet":"max-snippet:-1","max-image-preview":"max-image-preview:large","max-video-preview":"max-video-preview:-1"},"canonical":"https:\/\/evertonfc.cz\/index.php\/2020\/01\/31\/prestupova-zima-2020\/","og_locale":"cs_CZ","og_type":"article","og_title":"P\u0159estupov\u00e1 zima 2020 - Official Czech &amp; Slovak Everton Supporters&#039; Club","og_description":"S \u00faderem nov\u00e9ho roku 2020 se otev\u0159e lednov\u00e9 p\u0159estupov\u00e9 okno, b\u011bhem n\u011bho\u017e se ned\u00e1 o\u010dek\u00e1vat velk\u00e1 aktivita Evertonu. Ani \u00fapln\u00e1 pasavita ov\u0161em nen\u00ed v pl\u00e1nu.","og_url":"https:\/\/evertonfc.cz\/index.php\/2020\/01\/31\/prestupova-zima-2020\/","og_site_name":"Official Czech &amp; Slovak Everton Supporters&#039; Club","article_publisher":"https:\/\/www.facebook.com\/everton.fans.cz.sk","article_published_time":"2020-01-31T20:54:54+00:00","article_modified_time":"2021-12-27T11:00:13+00:00","og_image":[{"width":720,"height":405,"url":"https:\/\/evertonfc.cz\/wp-content\/uploads\/2020\/02\/Brands-Ancelotti.jpg","type":"image\/jpeg"}],"author":"Ri\u010di","twitter_card":"summary_large_image","twitter_creator":"@rbrejsa","twitter_misc":{"Napsal(a)":"Ri\u010di","Odhadovan\u00e1 doba \u010dten\u00ed":"2 minuty"},"schema":{"@context":"https:\/\/schema.org","@graph":[{"@type":"Article","@id":"https:\/\/evertonfc.cz\/index.php\/2020\/01\/31\/prestupova-zima-2020\/#article","isPartOf":{"@id":"https:\/\/evertonfc.cz\/index.php\/2020\/01\/31\/prestupova-zima-2020\/"},"author":{"name":"Ri\u010di","@id":"https:\/\/evertonfc.cz\/#\/schema\/person\/f7a5daedb2ffee98480bc70e191aaef1"},"headline":"P\u0159estupov\u00e1 zima 2020","datePublished":"2020-01-31T20:54:54+00:00","dateModified":"2021-12-27T11:00:13+00:00","mainEntityOfPage":{"@id":"https:\/\/evertonfc.cz\/index.php\/2020\/01\/31\/prestupova-zima-2020\/"},"wordCount":445,"commentCount":45,"publisher":{"@id":"https:\/\/evertonfc.cz\/#organization"},"image":{"@id":"https:\/\/evertonfc.cz\/index.php\/2020\/01\/31\/prestupova-zima-2020\/#primaryimage"},"thumbnailUrl":"https:\/\/evertonfc.cz\/wp-content\/uploads\/2020\/02\/Brands-Ancelotti.jpg","articleSection":["P\u0159estupy"],"inLanguage":"cs","potentialAction":[{"@type":"CommentAction","name":"Comment","target":["https:\/\/evertonfc.cz\/index.php\/2020\/01\/31\/prestupova-zima-2020\/#respond"]}]},{"@type":"WebPage","@id":"https:\/\/evertonfc.cz\/index.php\/2020\/01\/31\/prestupova-zima-2020\/","url":"https:\/\/evertonfc.cz\/index.php\/2020\/01\/31\/prestupova-zima-2020\/","name":"P\u0159estupov\u00e1 zima 2020 - Official Czech &amp; Slovak Everton Supporters&#039; Club","isPartOf":{"@id":"https:\/\/evertonfc.cz\/#website"},"primaryImageOfPage":{"@id":"https:\/\/evertonfc.cz\/index.php\/2020\/01\/31\/prestupova-zima-2020\/#primaryimage"},"image":{"@id":"https:\/\/evertonfc.cz\/index.php\/2020\/01\/31\/prestupova-zima-2020\/#primaryimage"},"thumbnailUrl":"https:\/\/evertonfc.cz\/wp-content\/uploads\/2020\/02\/Brands-Ancelotti.jpg","datePublished":"2020-01-31T20:54:54+00:00","dateModified":"2021-12-27T11:00:13+00:00","description":"S \u00faderem nov\u00e9ho roku 2020 se otev\u0159e lednov\u00e9 p\u0159estupov\u00e9 okno, b\u011bhem n\u011bho\u017e se ned\u00e1 o\u010dek\u00e1vat velk\u00e1 aktivita Evertonu. Ani \u00fapln\u00e1 pasavita ov\u0161em nen\u00ed v pl\u00e1nu.","breadcrumb":{"@id":"https:\/\/evertonfc.cz\/index.php\/2020\/01\/31\/prestupova-zima-2020\/#breadcrumb"},"inLanguage":"cs","potentialAction":[{"@type":"ReadAction","target":["https:\/\/evertonfc.cz\/index.php\/2020\/01\/31\/prestupova-zima-2020\/"]}]},{"@type":"ImageObject","inLanguage":"cs","@id":"https:\/\/evertonfc.cz\/index.php\/2020\/01\/31\/prestupova-zima-2020\/#primaryimage","url":"https:\/\/evertonfc.cz\/wp-content\/uploads\/2020\/02\/Brands-Ancelotti.jpg","contentUrl":"https:\/\/evertonfc.cz\/wp-content\/uploads\/2020\/02\/Brands-Ancelotti.jpg","width":720,"height":405},{"@type":"BreadcrumbList","@id":"https:\/\/evertonfc.cz\/index.php\/2020\/01\/31\/prestupova-zima-2020\/#breadcrumb","itemListElement":[{"@type":"ListItem","position":1,"name":"Home","item":"https:\/\/evertonfc.cz\/"},{"@type":"ListItem","position":2,"name":"P\u0159estupov\u00e1 zima 2020"}]},{"@type":"WebSite","@id":"https:\/\/evertonfc.cz\/#website","url":"https:\/\/evertonfc.cz\/","name":"Official Czech &amp; Slovak Everton Supporters&#039; Club","description":"","publisher":{"@id":"https:\/\/evertonfc.cz\/#organization"},"potentialAction":[{"@type":"SearchAction","target":{"@type":"EntryPoint","urlTemplate":"https:\/\/evertonfc.cz\/?s={search_term_string}"},"query-input":{"@type":"PropertyValueSpecification","valueRequired":true,"valueName":"search_term_string"}}],"inLanguage":"cs"},{"@type":"Organization","@id":"https:\/\/evertonfc.cz\/#organization","name":"Official Czech & Slovak Everton Supporters' Club","url":"https:\/\/evertonfc.cz\/","logo":{"@type":"ImageObject","inLanguage":"cs","@id":"https:\/\/evertonfc.cz\/#\/schema\/logo\/image\/","url":"https:\/\/evertonfc.cz\/wp-content\/uploads\/2019\/05\/logo.png","contentUrl":"https:\/\/evertonfc.cz\/wp-content\/uploads\/2019\/05\/logo.png","width":112,"height":112,"caption":"Official Czech & Slovak Everton Supporters' Club"},"image":{"@id":"https:\/\/evertonfc.cz\/#\/schema\/logo\/image\/"},"sameAs":["https:\/\/www.facebook.com\/everton.fans.cz.sk"]},{"@type":"Person","@id":"https:\/\/evertonfc.cz\/#\/schema\/person\/f7a5daedb2ffee98480bc70e191aaef1","name":"Ri\u010di","sameAs":["https:\/\/x.com\/rbrejsa"],"url":"https:\/\/evertonfc.cz\/index.php\/author\/rici\/"}]}},"_links":{"self":[{"href":"https:\/\/evertonfc.cz\/index.php\/wp-json\/wp\/v2\/posts\/9914"}],"collection":[{"href":"https:\/\/evertonfc.cz\/index.php\/wp-json\/wp\/v2\/posts"}],"about":[{"href":"https:\/\/evertonfc.cz\/index.php\/wp-json\/wp\/v2\/types\/post"}],"author":[{"embeddable":true,"href":"https:\/\/evertonfc.cz\/index.php\/wp-json\/wp\/v2\/users\/6"}],"replies":[{"embeddable":true,"href":"https:\/\/evertonfc.cz\/index.php\/wp-json\/wp\/v2\/comments?post=9914"}],"version-history":[{"count":33,"href":"https:\/\/evertonfc.cz\/index.php\/wp-json\/wp\/v2\/posts\/9914\/revisions"}],"predecessor-version":[{"id":17306,"href":"https:\/\/evertonfc.cz\/index.php\/wp-json\/wp\/v2\/posts\/9914\/revisions\/17306"}],"wp:featuredmedia":[{"embeddable":true,"href":"https:\/\/evertonfc.cz\/index.php\/wp-json\/wp\/v2\/media\/10247"}],"wp:attachment":[{"href":"https:\/\/evertonfc.cz\/index.php\/wp-json\/wp\/v2\/media?parent=9914"}],"wp:term":[{"taxonomy":"category","embeddable":true,"href":"https:\/\/evertonfc.cz\/index.php\/wp-json\/wp\/v2\/categories?post=9914"},{"taxonomy":"post_tag","embeddable":true,"href":"https:\/\/evertonfc.cz\/index.php\/wp-json\/wp\/v2\/tags?post=9914"}],"curies":[{"name":"wp","href":"https:\/\/api.w.org\/{rel}","templated":true}]}}